{"id":39176,"date":"1999-01-01T00:00:00","date_gmt":"1999-01-01T00:00:00","guid":{"rendered":"https:\/\/www.deberes.net\/tesis\/sin-categoria\/ejercito-y-sociedad-en-el-mundo-azteca-la-crisis-del-sistema-meritocratico-y-el-final-del-imperio-tenochca\/"},"modified":"1999-01-01T00:00:00","modified_gmt":"1999-01-01T00:00:00","slug":"ejercito-y-sociedad-en-el-mundo-azteca-la-crisis-del-sistema-meritocratico-y-el-final-del-imperio-tenochca","status":"publish","type":"post","link":"https:\/\/www.deberes.net\/tesis\/historia\/ejercito-y-sociedad-en-el-mundo-azteca-la-crisis-del-sistema-meritocratico-y-el-final-del-imperio-tenochca\/","title":{"rendered":"Ejercito y sociedad en el mundo azteca: la crisis del sistema meritocratico y el final del imperio tenochca."},"content":{"rendered":"<h2>Tesis doctoral de <strong> Antonio Suau Fores <\/strong><\/h2>\n<p>\u00abejercito y sociedad en el mundo azteca: la crisis del sistema meritocr\u00e1tico y el final del imperio tenochca\u00bb es un an\u00e1lisis de los problemas y divisiones que produjeron en la sociedad tenochca los diferentes cambios que sufri\u00f3 el sistema de ascenso social por m\u00e9ritos. estas divisiones favorecer\u00edan la conquista de m\u00e9xico por cort\u00e9s.<\/p>\n<p>&nbsp;<\/p>\n<h3>Datos acad\u00e9micos de la tesis doctoral \u00ab<strong>Ejercito y sociedad en el mundo azteca: la crisis del sistema meritocratico y el final del imperio tenochca.<\/strong>\u00ab<\/h3>\n<ul>\n<li><strong>T\u00edtulo de la tesis:<\/strong>\u00a0 Ejercito y sociedad en el mundo azteca: la crisis del sistema meritocratico y el final del imperio tenochca. <\/li>\n<li><strong>Autor:<\/strong>\u00a0 Antonio Suau Fores <\/li>\n<li><strong>Universidad:<\/strong>\u00a0 Barcelona<\/li>\n<li><strong>Fecha de lectura de la tesis:<\/strong>\u00a0 01\/01\/1999<\/li>\n<\/ul>\n<p>&nbsp;<\/p>\n<h3>Direcci\u00f3n y tribunal<\/h3>\n<ul>\n<li><strong>Director de la tesis<\/strong>\n<ul>\n<li>Jordi Gussinye Alfonso<\/li>\n<\/ul>\n<\/li>\n<li><strong>Tribunal<\/strong>\n<ul>\n<li>Presidente del tribunal: claudio Esteva fabregat <\/li>\n<li> Rojas y gutierrez de gandarilla Luis de (vocal)<\/li>\n<li>victoria Solanilla demestre (vocal)<\/li>\n<li>Mar\u00eda  Jes\u00fas Buxo rey (vocal)<\/li>\n<\/ul>\n<\/li>\n<\/ul>\n<p>&nbsp;<\/p>\n","protected":false},"excerpt":{"rendered":"<p>Tesis doctoral de Antonio Suau Fores \u00abejercito y sociedad en el mundo azteca: la crisis del sistema meritocr\u00e1tico y el [&hellip;]<\/p>\n","protected":false},"author":1,"featured_media":0,"comment_status":"open","ping_status":"open","sticky":false,"template":"","format":"standard","meta":{"site-sidebar-layout":"default","site-content-layout":"","ast-site-content-layout":"","site-content-style":"default","site-sidebar-style":"default","ast-global-header-display":"","ast-banner-title-visibility":"","ast-main-header-display":"","ast-hfb-above-header-display":"","ast-hfb-below-header-display":"","ast-hfb-mobile-header-display":"","site-post-title":"","ast-breadcrumbs-content":"","ast-featured-img":"","footer-sml-layout":"","theme-transparent-header-meta":"","adv-header-id-meta":"","stick-header-meta":"","header-above-stick-meta":"","header-main-stick-meta":"","header-below-stick-meta":"","astra-migrate-meta-layouts":"default","ast-page-background-enabled":"default","ast-page-background-meta":{"desktop":{"background-color":"var(--ast-global-color-4)","background-image":"","background-repeat":"repeat","background-position":"center center","background-size":"auto","background-attachment":"scroll","background-type":"","background-media":"","overlay-type":"","overlay-color":"","overlay-gradient":""},"tablet":{"background-color":"","background-image":"","background-repeat":"repeat","background-position":"center center","background-size":"auto","background-attachment":"scroll","background-type":"","background-media":"","overlay-type":"","overlay-color":"","overlay-gradient":""},"mobile":{"background-color":"","background-image":"","background-repeat":"repeat","background-position":"center center","background-size":"auto","background-attachment":"scroll","background-type":"","background-media":"","overlay-type":"","overlay-color":"","overlay-gradient":""}},"ast-content-background-meta":{"desktop":{"background-color":"var(--ast-global-color-5)","background-image":"","background-repeat":"repeat","background-position":"center center","background-size":"auto","background-attachment":"scroll","background-type":"","background-media":"","overlay-type":"","overlay-color":"","overlay-gradient":""},"tablet":{"background-color":"var(--ast-global-color-5)","background-image":"","background-repeat":"repeat","background-position":"center center","background-size":"auto","background-attachment":"scroll","background-type":"","background-media":"","overlay-type":"","overlay-color":"","overlay-gradient":""},"mobile":{"background-color":"var(--ast-global-color-5)","background-image":"","background-repeat":"repeat","background-position":"center center","background-size":"auto","background-attachment":"scroll","background-type":"","background-media":"","overlay-type":"","overlay-color":"","overlay-gradient":""}},"footnotes":""},"categories":[951,104,413,989,6343,220,222],"tags":[101142,686,101143,1397,101144,65020],"class_list":["post-39176","post","type-post","status-publish","format-standard","hentry","category-barcelona","category-historia","category-historia-de-la-guerra","category-historia-moderna","category-historia-moderna-del-area-americana","category-historia-por-epocas","category-historias-especializadas","tag-antonio-suau-fores","tag-claudio-esteva-fabregat","tag-jordi-gussinye-alfonso","tag-maria-jesus-buxo-rey","tag-rojas-y-gutierrez-de-gandarilla-luis-de","tag-victoria-solanilla-demestre"],"_links":{"self":[{"href":"https:\/\/www.deberes.net\/tesis\/wp-json\/wp\/v2\/posts\/39176","targetHints":{"allow":["GET"]}}],"collection":[{"href":"https:\/\/www.deberes.net\/tesis\/wp-json\/wp\/v2\/posts"}],"about":[{"href":"https:\/\/www.deberes.net\/tesis\/wp-json\/wp\/v2\/types\/post"}],"author":[{"embeddable":true,"href":"https:\/\/www.deberes.net\/tesis\/wp-json\/wp\/v2\/users\/1"}],"replies":[{"embeddable":true,"href":"https:\/\/www.deberes.net\/tesis\/wp-json\/wp\/v2\/comments?post=39176"}],"version-history":[{"count":0,"href":"https:\/\/www.deberes.net\/tesis\/wp-json\/wp\/v2\/posts\/39176\/revisions"}],"wp:attachment":[{"href":"https:\/\/www.deberes.net\/tesis\/wp-json\/wp\/v2\/media?parent=39176"}],"wp:term":[{"taxonomy":"category","embeddable":true,"href":"https:\/\/www.deberes.net\/tesis\/wp-json\/wp\/v2\/categories?post=39176"},{"taxonomy":"post_tag","embeddable":true,"href":"https:\/\/www.deberes.net\/tesis\/wp-json\/wp\/v2\/tags?post=39176"}],"curies":[{"name":"wp","href":"https:\/\/api.w.org\/{rel}","templated":true}]}}