{"id":39198,"date":"1999-01-01T00:00:00","date_gmt":"1999-01-01T00:00:00","guid":{"rendered":"https:\/\/www.deberes.net\/tesis\/sin-categoria\/efecto-de-variables-pulvimetalurgicas-en-el-proceso-de-compactacion-de-polvos-metalicos-base-hierro\/"},"modified":"1999-01-01T00:00:00","modified_gmt":"1999-01-01T00:00:00","slug":"efecto-de-variables-pulvimetalurgicas-en-el-proceso-de-compactacion-de-polvos-metalicos-base-hierro","status":"publish","type":"post","link":"https:\/\/www.deberes.net\/tesis\/ciencias-tecnologicas\/efecto-de-variables-pulvimetalurgicas-en-el-proceso-de-compactacion-de-polvos-metalicos-base-hierro\/","title":{"rendered":"Efecto de variables pulvimetalurgicas en el proceso de compactacion de polvos metalicos base hierro."},"content":{"rendered":"<h2>Tesis doctoral de <strong>  Bolarin Miro Ana M. <\/strong><\/h2>\n<p>Esta tesis centra su estudio en la compactaci\u00f3n entendida como un proceso integrado dentro de la pulvimetalurgia de piezas estructurales. a traves del conocimiento del efecto de diferentes variables pulvimetalurgicas y de la descripci\u00f3n de las propiedades de los compactos en verde (sin sinterizar), se ha planteado como objetivo final la calibraci\u00f3n y validaci\u00f3n desde un punto de vista experimental de un programa de simulaci\u00f3n del proceso de compactaci\u00f3n.  las variables estudiadas se clasifican en dos grandes grupos: las asociadas al punto de partida, tales como composici\u00f3n quimica, granulometria, morfolog\u00eda y elementos de aleaci\u00f3n, y un segundo grupo correspondientes a variables del proceso, de entre las cuales se destaca el ciclo de compactaci\u00f3n, la esbeltez del compacto y la velocidad de prensado.  respecto a las propiedades de los compactos en verde, se ha descrito el tipo de dependencia entre las propiedades mecanicas y la densidad, asimismo se ha obtenido tanto experimental como teoricamente la distribuci\u00f3n de la densidad en el compacto en funci\u00f3n del proceso de compactaci\u00f3n.<\/p>\n<p>&nbsp;<\/p>\n<h3>Datos acad\u00e9micos de la tesis doctoral \u00ab<strong>Efecto de variables pulvimetalurgicas en el proceso de compactacion de polvos metalicos base hierro.<\/strong>\u00ab<\/h3>\n<ul>\n<li><strong>T\u00edtulo de la tesis:<\/strong>\u00a0 Efecto de variables pulvimetalurgicas en el proceso de compactacion de polvos metalicos base hierro. <\/li>\n<li><strong>Autor:<\/strong>\u00a0  Bolarin Miro Ana M. <\/li>\n<li><strong>Universidad:<\/strong>\u00a0 Barcelona<\/li>\n<li><strong>Fecha de lectura de la tesis:<\/strong>\u00a0 01\/01\/1999<\/li>\n<\/ul>\n<p>&nbsp;<\/p>\n<h3>Direcci\u00f3n y tribunal<\/h3>\n<ul>\n<li><strong>Director de la tesis<\/strong>\n<ul>\n<li> Bas Carbonell Joan Anton<\/li>\n<\/ul>\n<\/li>\n<li><strong>Tribunal<\/strong>\n<ul>\n<li>Presidente del tribunal: josep Mar\u00eda Guilemany casadamon <\/li>\n<li>Jos\u00e9 Manuel Torralba castello (vocal)<\/li>\n<li>xavier Oliver olivella (vocal)<\/li>\n<li>Luis Llanes pitarch (vocal)<\/li>\n<\/ul>\n<\/li>\n<\/ul>\n<p>&nbsp;<\/p>\n","protected":false},"excerpt":{"rendered":"<p>Tesis doctoral de Bolarin Miro Ana M. Esta tesis centra su estudio en la compactaci\u00f3n entendida como un proceso integrado [&hellip;]<\/p>\n","protected":false},"author":1,"featured_media":0,"comment_status":"open","ping_status":"open","sticky":false,"template":"","format":"standard","meta":{"site-sidebar-layout":"default","site-content-layout":"","ast-site-content-layout":"","site-content-style":"default","site-sidebar-style":"default","ast-global-header-display":"","ast-banner-title-visibility":"","ast-main-header-display":"","ast-hfb-above-header-display":"","ast-hfb-below-header-display":"","ast-hfb-mobile-header-display":"","site-post-title":"","ast-breadcrumbs-content":"","ast-featured-img":"","footer-sml-layout":"","theme-transparent-header-meta":"","adv-header-id-meta":"","stick-header-meta":"","header-above-stick-meta":"","header-main-stick-meta":"","header-below-stick-meta":"","astra-migrate-meta-layouts":"default","ast-page-background-enabled":"default","ast-page-background-meta":{"desktop":{"background-color":"var(--ast-global-color-4)","background-image":"","background-repeat":"repeat","background-position":"center center","background-size":"auto","background-attachment":"scroll","background-type":"","background-media":"","overlay-type":"","overlay-color":"","overlay-gradient":""},"tablet":{"background-color":"","background-image":"","background-repeat":"repeat","background-position":"center center","background-size":"auto","background-attachment":"scroll","background-type":"","background-media":"","overlay-type":"","overlay-color":"","overlay-gradient":""},"mobile":{"background-color":"","background-image":"","background-repeat":"repeat","background-position":"center center","background-size":"auto","background-attachment":"scroll","background-type":"","background-media":"","overlay-type":"","overlay-color":"","overlay-gradient":""}},"ast-content-background-meta":{"desktop":{"background-color":"var(--ast-global-color-5)","background-image":"","background-repeat":"repeat","background-position":"center center","background-size":"auto","background-attachment":"scroll","background-type":"","background-media":"","overlay-type":"","overlay-color":"","overlay-gradient":""},"tablet":{"background-color":"var(--ast-global-color-5)","background-image":"","background-repeat":"repeat","background-position":"center center","background-size":"auto","background-attachment":"scroll","background-type":"","background-media":"","overlay-type":"","overlay-color":"","overlay-gradient":""},"mobile":{"background-color":"var(--ast-global-color-5)","background-image":"","background-repeat":"repeat","background-position":"center center","background-size":"auto","background-attachment":"scroll","background-type":"","background-media":"","overlay-type":"","overlay-color":"","overlay-gradient":""}},"footnotes":""},"categories":[951,332,16869,31017,2453,1219],"tags":[101188,101187,23017,1470,61106,66814],"class_list":["post-39198","post","type-post","status-publish","format-standard","hentry","category-barcelona","category-ciencias-tecnologicas","category-procesos-industriales","category-pulvimetalurgia","category-tecnologia-industrial","category-tecnologia-metalurgica","tag-bas-carbonell-joan-anton","tag-bolarin-miro-ana-m","tag-jose-manuel-torralba-castello","tag-josep-maria-guilemany-casadamon","tag-luis-llanes-pitarch","tag-xavier-oliver-olivella"],"_links":{"self":[{"href":"https:\/\/www.deberes.net\/tesis\/wp-json\/wp\/v2\/posts\/39198","targetHints":{"allow":["GET"]}}],"collection":[{"href":"https:\/\/www.deberes.net\/tesis\/wp-json\/wp\/v2\/posts"}],"about":[{"href":"https:\/\/www.deberes.net\/tesis\/wp-json\/wp\/v2\/types\/post"}],"author":[{"embeddable":true,"href":"https:\/\/www.deberes.net\/tesis\/wp-json\/wp\/v2\/users\/1"}],"replies":[{"embeddable":true,"href":"https:\/\/www.deberes.net\/tesis\/wp-json\/wp\/v2\/comments?post=39198"}],"version-history":[{"count":0,"href":"https:\/\/www.deberes.net\/tesis\/wp-json\/wp\/v2\/posts\/39198\/revisions"}],"wp:attachment":[{"href":"https:\/\/www.deberes.net\/tesis\/wp-json\/wp\/v2\/media?parent=39198"}],"wp:term":[{"taxonomy":"category","embeddable":true,"href":"https:\/\/www.deberes.net\/tesis\/wp-json\/wp\/v2\/categories?post=39198"},{"taxonomy":"post_tag","embeddable":true,"href":"https:\/\/www.deberes.net\/tesis\/wp-json\/wp\/v2\/tags?post=39198"}],"curies":[{"name":"wp","href":"https:\/\/api.w.org\/{rel}","templated":true}]}}