{"id":39281,"date":"1999-01-01T00:00:00","date_gmt":"1999-01-01T00:00:00","guid":{"rendered":"https:\/\/www.deberes.net\/tesis\/sin-categoria\/estudio-de-la-contaminacion-quimica-de-origen-minero-en-el-rio-odiel\/"},"modified":"1999-01-01T00:00:00","modified_gmt":"1999-01-01T00:00:00","slug":"estudio-de-la-contaminacion-quimica-de-origen-minero-en-el-rio-odiel","status":"publish","type":"post","link":"https:\/\/www.deberes.net\/tesis\/quimica\/estudio-de-la-contaminacion-quimica-de-origen-minero-en-el-rio-odiel\/","title":{"rendered":"Estudio de la contaminacion quimica de origen minero en el rio odiel."},"content":{"rendered":"<h2>Tesis doctoral de <strong> Alfredo Sainz Silvan <\/strong><\/h2>\n<p>La tesis estudia el d\u00e9ficit ambiental creado en el r\u00edo odiel por la miner\u00eda de la provincia de huelva, as\u00ed como la producida por dicho r\u00edo en la r\u00eda onubense. El tema es abordado considerando esta cuenca contaminante como un sistema din\u00e1mico y abierto, formado a su vez por dos subsistemas: el generador de la contaminaci\u00f3n, localizado en las explotaciones mineras de la cuenca, que recibe como entrada la lluvia y produce como respuesta los lixiviados contaminados y el subsistema transportador, que recibiendo dichos lixiviados como una entrada, junto a la escorrent\u00eda encauzada, produce como respuesta la contaminaci\u00f3n luida del odiel en la r\u00eda de huelva. Se estudian cada uno de estos dos subsistemas, as\u00ed como la relaci\u00f3n existente entre ambos. Finalmente se realiza un an\u00e1lisis de intervenci\u00f3n para determinar cual ha sido el efecto producido en los aportes contaminantes fluviales, por las medidas correctoras ejecutadas por la agencia del medio ambiente de andaluc\u00eda en la cuenca del odiel.<\/p>\n<p>&nbsp;<\/p>\n<h3>Datos acad\u00e9micos de la tesis doctoral \u00ab<strong>Estudio de la contaminacion quimica de origen minero en el rio odiel.<\/strong>\u00ab<\/h3>\n<ul>\n<li><strong>T\u00edtulo de la tesis:<\/strong>\u00a0 Estudio de la contaminacion quimica de origen minero en el rio odiel. <\/li>\n<li><strong>Autor:<\/strong>\u00a0 Alfredo Sainz Silvan <\/li>\n<li><strong>Universidad:<\/strong>\u00a0 C\u00f3rdoba<\/li>\n<li><strong>Fecha de lectura de la tesis:<\/strong>\u00a0 01\/01\/1999<\/li>\n<\/ul>\n<p>&nbsp;<\/p>\n<h3>Direcci\u00f3n y tribunal<\/h3>\n<ul>\n<li><strong>Director de la tesis<\/strong>\n<ul>\n<li>Juan  Enrique Castillo Garcia<\/li>\n<\/ul>\n<\/li>\n<li><strong>Tribunal<\/strong>\n<ul>\n<li>Presidente del tribunal: Luis L\u00f3pez bellido <\/li>\n<li>Juan Grande gil (vocal)<\/li>\n<li>Jos\u00e9 Torrent castellet (vocal)<\/li>\n<li> Pellicer bautista Mar\u00eda  Jos\u00e9 (vocal)<\/li>\n<\/ul>\n<\/li>\n<\/ul>\n<p>&nbsp;<\/p>\n","protected":false},"excerpt":{"rendered":"<p>Tesis doctoral de Alfredo Sainz Silvan La tesis estudia el d\u00e9ficit ambiental creado en el r\u00edo odiel por la miner\u00eda [&hellip;]<\/p>\n","protected":false},"author":1,"featured_media":0,"comment_status":"open","ping_status":"open","sticky":false,"template":"","format":"standard","meta":{"site-sidebar-layout":"default","site-content-layout":"","ast-site-content-layout":"","site-content-style":"default","site-sidebar-style":"default","ast-global-header-display":"","ast-banner-title-visibility":"","ast-main-header-display":"","ast-hfb-above-header-display":"","ast-hfb-below-header-display":"","ast-hfb-mobile-header-display":"","site-post-title":"","ast-breadcrumbs-content":"","ast-featured-img":"","footer-sml-layout":"","theme-transparent-header-meta":"","adv-header-id-meta":"","stick-header-meta":"","header-above-stick-meta":"","header-main-stick-meta":"","header-below-stick-meta":"","astra-migrate-meta-layouts":"default","ast-page-background-enabled":"default","ast-page-background-meta":{"desktop":{"background-color":"var(--ast-global-color-4)","background-image":"","background-repeat":"repeat","background-position":"center center","background-size":"auto","background-attachment":"scroll","background-type":"","background-media":"","overlay-type":"","overlay-color":"","overlay-gradient":""},"tablet":{"background-color":"","background-image":"","background-repeat":"repeat","background-position":"center center","background-size":"auto","background-attachment":"scroll","background-type":"","background-media":"","overlay-type":"","overlay-color":"","overlay-gradient":""},"mobile":{"background-color":"","background-image":"","background-repeat":"repeat","background-position":"center center","background-size":"auto","background-attachment":"scroll","background-type":"","background-media":"","overlay-type":"","overlay-color":"","overlay-gradient":""}},"ast-content-background-meta":{"desktop":{"background-color":"var(--ast-global-color-5)","background-image":"","background-repeat":"repeat","background-position":"center center","background-size":"auto","background-attachment":"scroll","background-type":"","background-media":"","overlay-type":"","overlay-color":"","overlay-gradient":""},"tablet":{"background-color":"var(--ast-global-color-5)","background-image":"","background-repeat":"repeat","background-position":"center center","background-size":"auto","background-attachment":"scroll","background-type":"","background-media":"","overlay-type":"","overlay-color":"","overlay-gradient":""},"mobile":{"background-color":"var(--ast-global-color-5)","background-image":"","background-repeat":"repeat","background-position":"center center","background-size":"auto","background-attachment":"scroll","background-type":"","background-media":"","overlay-type":"","overlay-color":"","overlay-gradient":""}},"footnotes":""},"categories":[332,1332,973,36887,1333,17,20],"tags":[101313,2115,2094,76073,1997,101314],"class_list":["post-39281","post","type-post","status-publish","format-standard","hentry","category-ciencias-tecnologicas","category-control-de-la-contaminacion-del-agua","category-cordoba","category-elementos-metalicos","category-ingenieria-y-tecnologia-del-medio-ambiente","category-quimica","category-quimica-inorganica","tag-alfredo-sainz-silvan","tag-jose-torrent-castellet","tag-juan-enrique-castillo-garcia","tag-juan-grande-gil","tag-luis-lopez-bellido","tag-pellicer-bautista-maria-jose"],"_links":{"self":[{"href":"https:\/\/www.deberes.net\/tesis\/wp-json\/wp\/v2\/posts\/39281","targetHints":{"allow":["GET"]}}],"collection":[{"href":"https:\/\/www.deberes.net\/tesis\/wp-json\/wp\/v2\/posts"}],"about":[{"href":"https:\/\/www.deberes.net\/tesis\/wp-json\/wp\/v2\/types\/post"}],"author":[{"embeddable":true,"href":"https:\/\/www.deberes.net\/tesis\/wp-json\/wp\/v2\/users\/1"}],"replies":[{"embeddable":true,"href":"https:\/\/www.deberes.net\/tesis\/wp-json\/wp\/v2\/comments?post=39281"}],"version-history":[{"count":0,"href":"https:\/\/www.deberes.net\/tesis\/wp-json\/wp\/v2\/posts\/39281\/revisions"}],"wp:attachment":[{"href":"https:\/\/www.deberes.net\/tesis\/wp-json\/wp\/v2\/media?parent=39281"}],"wp:term":[{"taxonomy":"category","embeddable":true,"href":"https:\/\/www.deberes.net\/tesis\/wp-json\/wp\/v2\/categories?post=39281"},{"taxonomy":"post_tag","embeddable":true,"href":"https:\/\/www.deberes.net\/tesis\/wp-json\/wp\/v2\/tags?post=39281"}],"curies":[{"name":"wp","href":"https:\/\/api.w.org\/{rel}","templated":true}]}}