{"id":39319,"date":"1999-01-01T00:00:00","date_gmt":"1999-01-01T00:00:00","guid":{"rendered":"https:\/\/www.deberes.net\/tesis\/sin-categoria\/para-unha-escriptoloxia-de-galego-tombo-do-hospital-dos-pobres-de-tui-1436-1490\/"},"modified":"1999-01-01T00:00:00","modified_gmt":"1999-01-01T00:00:00","slug":"para-unha-escriptoloxia-de-galego-tombo-do-hospital-dos-pobres-de-tui-1436-1490","status":"publish","type":"post","link":"https:\/\/www.deberes.net\/tesis\/linguistica\/para-unha-escriptoloxia-de-galego-tombo-do-hospital-dos-pobres-de-tui-1436-1490\/","title":{"rendered":"Para unha escriptoloxia de galego. tombo do hospital dos pobres de tui  (1436-1490)."},"content":{"rendered":"<h2>Tesis doctoral de <strong> Xulian Maure Rivas <\/strong><\/h2>\n<p>La edici\u00f3n de los cuarenta que integran el tombo do hospital dos pobres de tui (1436-90) sirve de base para un estudio de los grafemas gallegos del siglo xv. Este estudio escriptol\u00f3gico va precedido de una introducci\u00f3n a los trabajos de louis remacle, theodor gossen, hans goebl y antonij dees. El estudio consta de 278 tablas en las que se recogen las distintas variantes y tendencias gr\u00e1ficas de cinco notarios. Se presenta el grafema &lt;j&gt; como algo ya distinto de las variantes alogr\u00e1ficas del grafema &lt;i&gt; y se defiende la posibilidad de que los d\u00edgrafos medievales &lt;ll&gt; y &lt;n&gt;+&lt; &gt;, sean tan genuinamente gallegos como cualquier otro grafema. Se aporta un nuevo criterio para explicar la variaci\u00f3n gr\u00e1fica en el mismo documento: la justificaci\u00f3n de la l\u00ednea por razones est\u00e9ticas o para evitar interpolaciones. la modernidad en la scripta medieval gallega est\u00e1 en la tendencia al criterio fonol\u00f3gico. termina la tesis con un ap\u00e9ndice l\u00e9xico en el que se presentan varios h\u00e1pax como &lt;&lt;adel&gt;&gt;, &lt;&lt;bordidaa&gt;&gt;, o &lt;&lt;treez&gt;&gt;.<\/p>\n<p>&nbsp;<\/p>\n<h3>Datos acad\u00e9micos de la tesis doctoral \u00ab<strong>Para unha escriptoloxia de galego. tombo do hospital dos pobres de tui  (1436-1490).<\/strong>\u00ab<\/h3>\n<ul>\n<li><strong>T\u00edtulo de la tesis:<\/strong>\u00a0 Para unha escriptoloxia de galego. tombo do hospital dos pobres de tui  (1436-1490). <\/li>\n<li><strong>Autor:<\/strong>\u00a0 Xulian Maure Rivas <\/li>\n<li><strong>Universidad:<\/strong>\u00a0 Santiago de compostela<\/li>\n<li><strong>Fecha de lectura de la tesis:<\/strong>\u00a0 01\/01\/1999<\/li>\n<\/ul>\n<p>&nbsp;<\/p>\n<h3>Direcci\u00f3n y tribunal<\/h3>\n<ul>\n<li><strong>Director de la tesis<\/strong>\n<ul>\n<li>Anton Santamarina Fernandez<\/li>\n<\/ul>\n<\/li>\n<li><strong>Tribunal<\/strong>\n<ul>\n<li>Presidente del tribunal: clarinda De azevedo maia <\/li>\n<li> Fernandez de viana y vieitez j. ignacio (vocal)<\/li>\n<li>Manuel Lucas alvarez (vocal)<\/li>\n<li>Carlos Saez sanchez (vocal)<\/li>\n<\/ul>\n<\/li>\n<\/ul>\n<p>&nbsp;<\/p>\n","protected":false},"excerpt":{"rendered":"<p>Tesis doctoral de Xulian Maure Rivas La edici\u00f3n de los cuarenta que integran el tombo do hospital dos pobres de [&hellip;]<\/p>\n","protected":false},"author":1,"featured_media":0,"comment_status":"open","ping_status":"open","sticky":false,"template":"","format":"standard","meta":{"site-sidebar-layout":"default","site-content-layout":"","ast-site-content-layout":"","site-content-style":"default","site-sidebar-style":"default","ast-global-header-display":"","ast-banner-title-visibility":"","ast-main-header-display":"","ast-hfb-above-header-display":"","ast-hfb-below-header-display":"","ast-hfb-mobile-header-display":"","site-post-title":"","ast-breadcrumbs-content":"","ast-featured-img":"","footer-sml-layout":"","theme-transparent-header-meta":"","adv-header-id-meta":"","stick-header-meta":"","header-above-stick-meta":"","header-main-stick-meta":"","header-below-stick-meta":"","astra-migrate-meta-layouts":"default","ast-page-background-enabled":"default","ast-page-background-meta":{"desktop":{"background-color":"var(--ast-global-color-4)","background-image":"","background-repeat":"repeat","background-position":"center center","background-size":"auto","background-attachment":"scroll","background-type":"","background-media":"","overlay-type":"","overlay-color":"","overlay-gradient":""},"tablet":{"background-color":"","background-image":"","background-repeat":"repeat","background-position":"center center","background-size":"auto","background-attachment":"scroll","background-type":"","background-media":"","overlay-type":"","overlay-color":"","overlay-gradient":""},"mobile":{"background-color":"","background-image":"","background-repeat":"repeat","background-position":"center center","background-size":"auto","background-attachment":"scroll","background-type":"","background-media":"","overlay-type":"","overlay-color":"","overlay-gradient":""}},"ast-content-background-meta":{"desktop":{"background-color":"var(--ast-global-color-5)","background-image":"","background-repeat":"repeat","background-position":"center center","background-size":"auto","background-attachment":"scroll","background-type":"","background-media":"","overlay-type":"","overlay-color":"","overlay-gradient":""},"tablet":{"background-color":"var(--ast-global-color-5)","background-image":"","background-repeat":"repeat","background-position":"center center","background-size":"auto","background-attachment":"scroll","background-type":"","background-media":"","overlay-type":"","overlay-color":"","overlay-gradient":""},"mobile":{"background-color":"var(--ast-global-color-5)","background-image":"","background-repeat":"repeat","background-position":"center center","background-size":"auto","background-attachment":"scroll","background-type":"","background-media":"","overlay-type":"","overlay-color":"","overlay-gradient":""}},"footnotes":""},"categories":[1624,104,59,423,590,4587,977],"tags":[18965,5917,32882,101387,643,101386],"class_list":["post-39319","post","type-post","status-publish","format-standard","hentry","category-ciencias-auxiliares-de-la-historia","category-historia","category-linguistica","category-linguistica-diacronica","category-linguistica-historica","category-paleografia","category-santiago-de-compostela","tag-anton-santamarina-fernandez","tag-carlos-saez-sanchez","tag-clarinda-de-azevedo-maia","tag-fernandez-de-viana-y-vieitez-j-ignacio","tag-manuel-lucas-alvarez","tag-xulian-maure-rivas"],"_links":{"self":[{"href":"https:\/\/www.deberes.net\/tesis\/wp-json\/wp\/v2\/posts\/39319","targetHints":{"allow":["GET"]}}],"collection":[{"href":"https:\/\/www.deberes.net\/tesis\/wp-json\/wp\/v2\/posts"}],"about":[{"href":"https:\/\/www.deberes.net\/tesis\/wp-json\/wp\/v2\/types\/post"}],"author":[{"embeddable":true,"href":"https:\/\/www.deberes.net\/tesis\/wp-json\/wp\/v2\/users\/1"}],"replies":[{"embeddable":true,"href":"https:\/\/www.deberes.net\/tesis\/wp-json\/wp\/v2\/comments?post=39319"}],"version-history":[{"count":0,"href":"https:\/\/www.deberes.net\/tesis\/wp-json\/wp\/v2\/posts\/39319\/revisions"}],"wp:attachment":[{"href":"https:\/\/www.deberes.net\/tesis\/wp-json\/wp\/v2\/media?parent=39319"}],"wp:term":[{"taxonomy":"category","embeddable":true,"href":"https:\/\/www.deberes.net\/tesis\/wp-json\/wp\/v2\/categories?post=39319"},{"taxonomy":"post_tag","embeddable":true,"href":"https:\/\/www.deberes.net\/tesis\/wp-json\/wp\/v2\/tags?post=39319"}],"curies":[{"name":"wp","href":"https:\/\/api.w.org\/{rel}","templated":true}]}}