{"id":39533,"date":"1999-01-01T00:00:00","date_gmt":"1999-01-01T00:00:00","guid":{"rendered":"https:\/\/www.deberes.net\/tesis\/sin-categoria\/arquitectura-barroca-religiosa-en-la-provincia-de-leon\/"},"modified":"1999-01-01T00:00:00","modified_gmt":"1999-01-01T00:00:00","slug":"arquitectura-barroca-religiosa-en-la-provincia-de-leon","status":"publish","type":"post","link":"https:\/\/www.deberes.net\/tesis\/historia\/arquitectura-barroca-religiosa-en-la-provincia-de-leon\/","title":{"rendered":"Arquitectura barroca religiosa en la provincia de leon."},"content":{"rendered":"<h2>Tesis doctoral de <strong> Emilio Morais Vallejo <\/strong><\/h2>\n<p>En los dos primeros tercios del siglo xvii, la arquitectura religiosa del barroco en le\u00f3n se carazteriza por la continuidad del clasicismo, debido al dominio de la ideolog\u00eda reformista y a un marcado inter\u00e9s funcional. en esos momentos la influencia llega del foco vallisoletano, is bien en el bierzo se hace patente tambi\u00e9n la gallega. Desde finales de siglo y durante la primera mitad del siguiente, se valora m\u00e1s lo decorativo, desembocando en una interpretaci\u00f3n castiza de la arquitectura, aunque sin llegar a la exaltaci\u00f3n del ornamento. A mediados de siglo hay una vuelta a planteamientos m\u00e1s academicistas. Se analizan las principales edificaciones de la \u00e9poca en la provincia: monasterios, parroquias, camarines, capillas funerarias, etc., As\u00ed como las transformaciones realizadas en las catedrales de astorga y le\u00f3n. Con el examen de los contratos de obra y la actividad de los arquitectos, se llega a la conclusi\u00f3n de que la mayor\u00eda de estos eran maestros de obra, siendo los for\u00e1neos como naveda, felipe berojo, pedro de aren, pedro mart\u00ednez de carde\u00f1a, etc., los que m\u00e1s contribuyeron a dinamizar el panorama arquitect\u00f3nico.<\/p>\n<p>&nbsp;<\/p>\n<h3>Datos acad\u00e9micos de la tesis doctoral \u00ab<strong>Arquitectura barroca religiosa en la provincia de leon.<\/strong>\u00ab<\/h3>\n<ul>\n<li><strong>T\u00edtulo de la tesis:<\/strong>\u00a0 Arquitectura barroca religiosa en la provincia de leon. <\/li>\n<li><strong>Autor:<\/strong>\u00a0 Emilio Morais Vallejo <\/li>\n<li><strong>Universidad:<\/strong>\u00a0 Le\u00f3n<\/li>\n<li><strong>Fecha de lectura de la tesis:<\/strong>\u00a0 01\/01\/1999<\/li>\n<\/ul>\n<p>&nbsp;<\/p>\n<h3>Direcci\u00f3n y tribunal<\/h3>\n<ul>\n<li><strong>Director de la tesis<\/strong>\n<ul>\n<li>Manuel Vald\u00e9s Fern\u00e1ndez<\/li>\n<\/ul>\n<\/li>\n<li><strong>Tribunal<\/strong>\n<ul>\n<li>Presidente del tribunal:  Plaza Santiago f. javier <\/li>\n<li>Mar\u00eda  victoria Herr\u00e1ez ortega (vocal)<\/li>\n<li>virginia Tovar martin (vocal)<\/li>\n<li>cesar Alvarez alvarez (vocal)<\/li>\n<\/ul>\n<\/li>\n<\/ul>\n<p>&nbsp;<\/p>\n","protected":false},"excerpt":{"rendered":"<p>Tesis doctoral de Emilio Morais Vallejo En los dos primeros tercios del siglo xvii, la arquitectura religiosa del barroco en [&hellip;]<\/p>\n","protected":false},"author":1,"featured_media":0,"comment_status":"open","ping_status":"open","sticky":false,"template":"","format":"standard","meta":{"site-sidebar-layout":"default","site-content-layout":"","ast-site-content-layout":"","site-content-style":"default","site-sidebar-style":"default","ast-global-header-display":"","ast-banner-title-visibility":"","ast-main-header-display":"","ast-hfb-above-header-display":"","ast-hfb-below-header-display":"","ast-hfb-mobile-header-display":"","site-post-title":"","ast-breadcrumbs-content":"","ast-featured-img":"","footer-sml-layout":"","theme-transparent-header-meta":"","adv-header-id-meta":"","stick-header-meta":"","header-above-stick-meta":"","header-main-stick-meta":"","header-below-stick-meta":"","astra-migrate-meta-layouts":"default","ast-page-background-enabled":"default","ast-page-background-meta":{"desktop":{"background-color":"var(--ast-global-color-4)","background-image":"","background-repeat":"repeat","background-position":"center center","background-size":"auto","background-attachment":"scroll","background-type":"","background-media":"","overlay-type":"","overlay-color":"","overlay-gradient":""},"tablet":{"background-color":"","background-image":"","background-repeat":"repeat","background-position":"center center","background-size":"auto","background-attachment":"scroll","background-type":"","background-media":"","overlay-type":"","overlay-color":"","overlay-gradient":""},"mobile":{"background-color":"","background-image":"","background-repeat":"repeat","background-position":"center center","background-size":"auto","background-attachment":"scroll","background-type":"","background-media":"","overlay-type":"","overlay-color":"","overlay-gradient":""}},"ast-content-background-meta":{"desktop":{"background-color":"var(--ast-global-color-5)","background-image":"","background-repeat":"repeat","background-position":"center center","background-size":"auto","background-attachment":"scroll","background-type":"","background-media":"","overlay-type":"","overlay-color":"","overlay-gradient":""},"tablet":{"background-color":"var(--ast-global-color-5)","background-image":"","background-repeat":"repeat","background-position":"center center","background-size":"auto","background-attachment":"scroll","background-type":"","background-media":"","overlay-type":"","overlay-color":"","overlay-gradient":""},"mobile":{"background-color":"var(--ast-global-color-5)","background-image":"","background-repeat":"repeat","background-position":"center center","background-size":"auto","background-attachment":"scroll","background-type":"","background-media":"","overlay-type":"","overlay-color":"","overlay-gradient":""}},"footnotes":""},"categories":[104,1745,1014,222,4430],"tags":[13025,101735,4513,69042,101736,4051],"class_list":["post-39533","post","type-post","status-publish","format-standard","hentry","category-historia","category-historia-de-la-arquitectura","category-historia-del-arte","category-historias-especializadas","category-leon","tag-cesar-alvarez-alvarez","tag-emilio-morais-vallejo","tag-manuel-valdes-fernandez","tag-maria-victoria-herraez-ortega","tag-plaza-santiago-f-javier","tag-virginia-tovar-martin"],"_links":{"self":[{"href":"https:\/\/www.deberes.net\/tesis\/wp-json\/wp\/v2\/posts\/39533","targetHints":{"allow":["GET"]}}],"collection":[{"href":"https:\/\/www.deberes.net\/tesis\/wp-json\/wp\/v2\/posts"}],"about":[{"href":"https:\/\/www.deberes.net\/tesis\/wp-json\/wp\/v2\/types\/post"}],"author":[{"embeddable":true,"href":"https:\/\/www.deberes.net\/tesis\/wp-json\/wp\/v2\/users\/1"}],"replies":[{"embeddable":true,"href":"https:\/\/www.deberes.net\/tesis\/wp-json\/wp\/v2\/comments?post=39533"}],"version-history":[{"count":0,"href":"https:\/\/www.deberes.net\/tesis\/wp-json\/wp\/v2\/posts\/39533\/revisions"}],"wp:attachment":[{"href":"https:\/\/www.deberes.net\/tesis\/wp-json\/wp\/v2\/media?parent=39533"}],"wp:term":[{"taxonomy":"category","embeddable":true,"href":"https:\/\/www.deberes.net\/tesis\/wp-json\/wp\/v2\/categories?post=39533"},{"taxonomy":"post_tag","embeddable":true,"href":"https:\/\/www.deberes.net\/tesis\/wp-json\/wp\/v2\/tags?post=39533"}],"curies":[{"name":"wp","href":"https:\/\/api.w.org\/{rel}","templated":true}]}}