{"id":39542,"date":"1999-01-01T00:00:00","date_gmt":"1999-01-01T00:00:00","guid":{"rendered":"https:\/\/www.deberes.net\/tesis\/sin-categoria\/informacion-sobre-la-salud-el-tratamiento-informativo-de-la-anorexia-en-los-medios-de-comunicacion-social\/"},"modified":"1999-01-01T00:00:00","modified_gmt":"1999-01-01T00:00:00","slug":"informacion-sobre-la-salud-el-tratamiento-informativo-de-la-anorexia-en-los-medios-de-comunicacion-social","status":"publish","type":"post","link":"https:\/\/www.deberes.net\/tesis\/sociologia\/informacion-sobre-la-salud-el-tratamiento-informativo-de-la-anorexia-en-los-medios-de-comunicacion-social\/","title":{"rendered":"Informacion sobre la salud. el tratamiento informativo de la anorexia en los medios de comunicacion social."},"content":{"rendered":"<h2>Tesis doctoral de <strong> Tomas Delgado Alarcon <\/strong><\/h2>\n<p>En la presente tesis: \u00abinformacion sobre salud: tratamiento de la anorexia en los medios de comunicacion social\u00bb se ha pretendido analizar c\u00f3mo aparece este problema en la prensa, radio y tv, ya que trata de uno de los males que aquejan a nuestra sociedad con mayor incidencia.  para alcanzar este objetivo, se han efectuado diversos tipos de an\u00e1lisis aplicando las metodolog\u00edas m\u00e1s apropiadas, as\u00ed se ha efectuado un an\u00e1lisis de contenido en los principales diarios espa\u00f1oles comprobando, tanto cuantitativa como cualitativamente, el tratamiento dado a este tema. Igualmente, se ha realizado un sondeo de opini\u00f3n entre los propios afectados solicitando sus aportaciones respecto al tratamiento informativo de esta enfermedad. Por otra parte, se ha preguntado tambi\u00e9n a los principales especialistas m\u00e9dicos para que aportaran su opini\u00f3n sobre la presencia de esta enfermedad en los medios de comunicaci\u00f3n.<\/p>\n<p>&nbsp;<\/p>\n<h3>Datos acad\u00e9micos de la tesis doctoral \u00ab<strong>Informacion sobre la salud. el tratamiento informativo de la anorexia en los medios de comunicacion social.<\/strong>\u00ab<\/h3>\n<ul>\n<li><strong>T\u00edtulo de la tesis:<\/strong>\u00a0 Informacion sobre la salud. el tratamiento informativo de la anorexia en los medios de comunicacion social. <\/li>\n<li><strong>Autor:<\/strong>\u00a0 Tomas Delgado Alarcon <\/li>\n<li><strong>Universidad:<\/strong>\u00a0 Complutense de Madrid<\/li>\n<li><strong>Fecha de lectura de la tesis:<\/strong>\u00a0 01\/01\/1999<\/li>\n<\/ul>\n<p>&nbsp;<\/p>\n<h3>Direcci\u00f3n y tribunal<\/h3>\n<ul>\n<li><strong>Director de la tesis<\/strong>\n<ul>\n<li>Francisco Esteve Ramirez<\/li>\n<\/ul>\n<\/li>\n<li><strong>Tribunal<\/strong>\n<ul>\n<li>Presidente del tribunal:  Fernandez del moral alfonso javier <\/li>\n<li>Jos\u00e9 Manuel Gomez y mendez (vocal)<\/li>\n<li>Mar\u00eda Luisa Sevillano Garc\u00eda (vocal)<\/li>\n<li>leopoldo Seijas candelas (vocal)<\/li>\n<\/ul>\n<\/li>\n<\/ul>\n<p>&nbsp;<\/p>\n","protected":false},"excerpt":{"rendered":"<p>Tesis doctoral de Tomas Delgado Alarcon En la presente tesis: \u00abinformacion sobre salud: tratamiento de la anorexia en los medios [&hellip;]<\/p>\n","protected":false},"author":1,"featured_media":0,"comment_status":"open","ping_status":"open","sticky":false,"template":"","format":"standard","meta":{"site-sidebar-layout":"default","site-content-layout":"","ast-site-content-layout":"","site-content-style":"default","site-sidebar-style":"default","ast-global-header-display":"","ast-banner-title-visibility":"","ast-main-header-display":"","ast-hfb-above-header-display":"","ast-hfb-below-header-display":"","ast-hfb-mobile-header-display":"","site-post-title":"","ast-breadcrumbs-content":"","ast-featured-img":"","footer-sml-layout":"","theme-transparent-header-meta":"","adv-header-id-meta":"","stick-header-meta":"","header-above-stick-meta":"","header-main-stick-meta":"","header-below-stick-meta":"","astra-migrate-meta-layouts":"default","ast-page-background-enabled":"default","ast-page-background-meta":{"desktop":{"background-color":"var(--ast-global-color-4)","background-image":"","background-repeat":"repeat","background-position":"center center","background-size":"auto","background-attachment":"scroll","background-type":"","background-media":"","overlay-type":"","overlay-color":"","overlay-gradient":""},"tablet":{"background-color":"","background-image":"","background-repeat":"repeat","background-position":"center center","background-size":"auto","background-attachment":"scroll","background-type":"","background-media":"","overlay-type":"","overlay-color":"","overlay-gradient":""},"mobile":{"background-color":"","background-image":"","background-repeat":"repeat","background-position":"center center","background-size":"auto","background-attachment":"scroll","background-type":"","background-media":"","overlay-type":"","overlay-color":"","overlay-gradient":""}},"ast-content-background-meta":{"desktop":{"background-color":"var(--ast-global-color-5)","background-image":"","background-repeat":"repeat","background-position":"center center","background-size":"auto","background-attachment":"scroll","background-type":"","background-media":"","overlay-type":"","overlay-color":"","overlay-gradient":""},"tablet":{"background-color":"var(--ast-global-color-5)","background-image":"","background-repeat":"repeat","background-position":"center center","background-size":"auto","background-attachment":"scroll","background-type":"","background-media":"","overlay-type":"","overlay-color":"","overlay-gradient":""},"mobile":{"background-color":"var(--ast-global-color-5)","background-image":"","background-repeat":"repeat","background-position":"center center","background-size":"auto","background-attachment":"scroll","background-type":"","background-media":"","overlay-type":"","overlay-color":"","overlay-gradient":""}},"footnotes":""},"categories":[838,5051,4840,269,1496,22043],"tags":[5054,5231,5232,38467,6263,101746],"class_list":["post-39542","post","type-post","status-publish","format-standard","hentry","category-ciencia-politica","category-medios-de-comunicacion-de-masas","category-opinion-publica","category-sociologia","category-sociologia-del-trabajo","category-sociologia-medica","tag-fernandez-del-moral-alfonso-javier","tag-francisco-esteve-ramirez","tag-jose-manuel-gomez-y-mendez","tag-leopoldo-seijas-candelas","tag-maria-luisa-sevillano-garcia","tag-tomas-delgado-alarcon"],"_links":{"self":[{"href":"https:\/\/www.deberes.net\/tesis\/wp-json\/wp\/v2\/posts\/39542","targetHints":{"allow":["GET"]}}],"collection":[{"href":"https:\/\/www.deberes.net\/tesis\/wp-json\/wp\/v2\/posts"}],"about":[{"href":"https:\/\/www.deberes.net\/tesis\/wp-json\/wp\/v2\/types\/post"}],"author":[{"embeddable":true,"href":"https:\/\/www.deberes.net\/tesis\/wp-json\/wp\/v2\/users\/1"}],"replies":[{"embeddable":true,"href":"https:\/\/www.deberes.net\/tesis\/wp-json\/wp\/v2\/comments?post=39542"}],"version-history":[{"count":0,"href":"https:\/\/www.deberes.net\/tesis\/wp-json\/wp\/v2\/posts\/39542\/revisions"}],"wp:attachment":[{"href":"https:\/\/www.deberes.net\/tesis\/wp-json\/wp\/v2\/media?parent=39542"}],"wp:term":[{"taxonomy":"category","embeddable":true,"href":"https:\/\/www.deberes.net\/tesis\/wp-json\/wp\/v2\/categories?post=39542"},{"taxonomy":"post_tag","embeddable":true,"href":"https:\/\/www.deberes.net\/tesis\/wp-json\/wp\/v2\/tags?post=39542"}],"curies":[{"name":"wp","href":"https:\/\/api.w.org\/{rel}","templated":true}]}}