{"id":39546,"date":"1999-01-01T00:00:00","date_gmt":"1999-01-01T00:00:00","guid":{"rendered":"https:\/\/www.deberes.net\/tesis\/sin-categoria\/la-narracion-de-la-historia-nacional-en-el-texto-escolar-de-argentina\/"},"modified":"1999-01-01T00:00:00","modified_gmt":"1999-01-01T00:00:00","slug":"la-narracion-de-la-historia-nacional-en-el-texto-escolar-de-argentina","status":"publish","type":"post","link":"https:\/\/www.deberes.net\/tesis\/sociologia\/la-narracion-de-la-historia-nacional-en-el-texto-escolar-de-argentina\/","title":{"rendered":"La narracion de la historia nacional en el texto escolar de argentina."},"content":{"rendered":"<h2>Tesis doctoral de <strong> Alfredo Garcia Marcelino <\/strong><\/h2>\n<p>Se concibe y estudia, sub specie semioticae, desde una perspectiva cr\u00edtica y pol\u00edtica: el soporte did\u00e1ctico utilizado en la escuela primaria para ense\u00f1ar y aprender historia, desde 1976 (objeto material); la mediaci\u00f3n pedag\u00f3gica oficial de la historia nacional: procesos de semiotizaci\u00f3n compleja de la historia nacional, la relaci\u00f3n semiosis\/memoria (objeto formal).  se analiza la mediaci\u00f3n del texto escolar, que opera en funci\u00f3n de la matriz semi\u00f3tica, y, de la memoria, desde un enfoque transdiciplinar (semi\u00f3tica, an\u00e1lisis del discurso, teor\u00eda de la comunicaci\u00f3n).  abducciones:  1) el texto escolar es un complejo dispositivo fomateador  2) el dominio textual escolar es relativamente heterog\u00e9neo respecto del canon semio-pedag\u00f3gico oficial  3) la realizaci\u00f3n pedag\u00f3gica oficial del texto de historia tiene car\u00e1cter de artefacto ficcional  4) el archivo textual vehiculiza una pol\u00edtica oficial de la memoria.<\/p>\n<p>&nbsp;<\/p>\n<h3>Datos acad\u00e9micos de la tesis doctoral \u00ab<strong>La narracion de la historia nacional en el texto escolar de argentina.<\/strong>\u00ab<\/h3>\n<ul>\n<li><strong>T\u00edtulo de la tesis:<\/strong>\u00a0 La narracion de la historia nacional en el texto escolar de argentina. <\/li>\n<li><strong>Autor:<\/strong>\u00a0 Alfredo Garcia Marcelino <\/li>\n<li><strong>Universidad:<\/strong>\u00a0 Complutense de Madrid<\/li>\n<li><strong>Fecha de lectura de la tesis:<\/strong>\u00a0 01\/01\/1999<\/li>\n<\/ul>\n<p>&nbsp;<\/p>\n<h3>Direcci\u00f3n y tribunal<\/h3>\n<ul>\n<li><strong>Director de la tesis<\/strong>\n<ul>\n<li>Gonzalo Abril Curto<\/li>\n<\/ul>\n<\/li>\n<li><strong>Tribunal<\/strong>\n<ul>\n<li>Presidente del tribunal: cristina Pe\u00f1a-marin beristain <\/li>\n<li>Miguel Rodrigo alsina (vocal)<\/li>\n<li> Diaz de rada angel (vocal)<\/li>\n<li>Mar\u00eda Luisa Mart\u00edn rojo (vocal)<\/li>\n<\/ul>\n<\/li>\n<\/ul>\n<p>&nbsp;<\/p>\n","protected":false},"excerpt":{"rendered":"<p>Tesis doctoral de Alfredo Garcia Marcelino Se concibe y estudia, sub specie semioticae, desde una perspectiva cr\u00edtica y pol\u00edtica: el [&hellip;]<\/p>\n","protected":false},"author":1,"featured_media":0,"comment_status":"open","ping_status":"open","sticky":false,"template":"","format":"standard","meta":{"site-sidebar-layout":"default","site-content-layout":"","ast-site-content-layout":"","site-content-style":"default","site-sidebar-style":"default","ast-global-header-display":"","ast-banner-title-visibility":"","ast-main-header-display":"","ast-hfb-above-header-display":"","ast-hfb-below-header-display":"","ast-hfb-mobile-header-display":"","site-post-title":"","ast-breadcrumbs-content":"","ast-featured-img":"","footer-sml-layout":"","theme-transparent-header-meta":"","adv-header-id-meta":"","stick-header-meta":"","header-above-stick-meta":"","header-main-stick-meta":"","header-below-stick-meta":"","astra-migrate-meta-layouts":"default","ast-page-background-enabled":"default","ast-page-background-meta":{"desktop":{"background-color":"var(--ast-global-color-4)","background-image":"","background-repeat":"repeat","background-position":"center center","background-size":"auto","background-attachment":"scroll","background-type":"","background-media":"","overlay-type":"","overlay-color":"","overlay-gradient":""},"tablet":{"background-color":"","background-image":"","background-repeat":"repeat","background-position":"center center","background-size":"auto","background-attachment":"scroll","background-type":"","background-media":"","overlay-type":"","overlay-color":"","overlay-gradient":""},"mobile":{"background-color":"","background-image":"","background-repeat":"repeat","background-position":"center center","background-size":"auto","background-attachment":"scroll","background-type":"","background-media":"","overlay-type":"","overlay-color":"","overlay-gradient":""}},"ast-content-background-meta":{"desktop":{"background-color":"var(--ast-global-color-5)","background-image":"","background-repeat":"repeat","background-position":"center center","background-size":"auto","background-attachment":"scroll","background-type":"","background-media":"","overlay-type":"","overlay-color":"","overlay-gradient":""},"tablet":{"background-color":"var(--ast-global-color-5)","background-image":"","background-repeat":"repeat","background-position":"center center","background-size":"auto","background-attachment":"scroll","background-type":"","background-media":"","overlay-type":"","overlay-color":"","overlay-gradient":""},"mobile":{"background-color":"var(--ast-global-color-5)","background-image":"","background-repeat":"repeat","background-position":"center center","background-size":"auto","background-attachment":"scroll","background-type":"","background-media":"","overlay-type":"","overlay-color":"","overlay-gradient":""}},"footnotes":""},"categories":[4735,2623,2233,1184,1141,269,1341],"tags":[101750,37664,101751,5355,78473,50389],"class_list":["post-39546","post","type-post","status-publish","format-standard","hentry","category-comunicaciones-sociales","category-educacion-basica","category-metodos-pedagogicos","category-organizacion-y-planificacion-de-la-educacion","category-pedagogia","category-sociologia","category-teoria-y-metodos-educativos","tag-alfredo-garcia-marcelino","tag-cristina-pena-marin-beristain","tag-diaz-de-rada-angel","tag-gonzalo-abril-curto","tag-maria-luisa-martin-rojo","tag-miguel-rodrigo-alsina"],"_links":{"self":[{"href":"https:\/\/www.deberes.net\/tesis\/wp-json\/wp\/v2\/posts\/39546","targetHints":{"allow":["GET"]}}],"collection":[{"href":"https:\/\/www.deberes.net\/tesis\/wp-json\/wp\/v2\/posts"}],"about":[{"href":"https:\/\/www.deberes.net\/tesis\/wp-json\/wp\/v2\/types\/post"}],"author":[{"embeddable":true,"href":"https:\/\/www.deberes.net\/tesis\/wp-json\/wp\/v2\/users\/1"}],"replies":[{"embeddable":true,"href":"https:\/\/www.deberes.net\/tesis\/wp-json\/wp\/v2\/comments?post=39546"}],"version-history":[{"count":0,"href":"https:\/\/www.deberes.net\/tesis\/wp-json\/wp\/v2\/posts\/39546\/revisions"}],"wp:attachment":[{"href":"https:\/\/www.deberes.net\/tesis\/wp-json\/wp\/v2\/media?parent=39546"}],"wp:term":[{"taxonomy":"category","embeddable":true,"href":"https:\/\/www.deberes.net\/tesis\/wp-json\/wp\/v2\/categories?post=39546"},{"taxonomy":"post_tag","embeddable":true,"href":"https:\/\/www.deberes.net\/tesis\/wp-json\/wp\/v2\/tags?post=39546"}],"curies":[{"name":"wp","href":"https:\/\/api.w.org\/{rel}","templated":true}]}}