{"id":39585,"date":"1999-01-01T00:00:00","date_gmt":"1999-01-01T00:00:00","guid":{"rendered":"https:\/\/www.deberes.net\/tesis\/sin-categoria\/estructura-multifractal-y-aplicaciones-de-las-fluctuaciones-en-cascadas-atmosfericas-producidas-por-rayos-cosmicos\/"},"modified":"1999-01-01T00:00:00","modified_gmt":"1999-01-01T00:00:00","slug":"estructura-multifractal-y-aplicaciones-de-las-fluctuaciones-en-cascadas-atmosfericas-producidas-por-rayos-cosmicos","status":"publish","type":"post","link":"https:\/\/www.deberes.net\/tesis\/ciencias-de-la-tierra-y-del-espacio\/estructura-multifractal-y-aplicaciones-de-las-fluctuaciones-en-cascadas-atmosfericas-producidas-por-rayos-cosmicos\/","title":{"rendered":"Estructura multifractal y aplicaciones de las fluctuaciones en cascadas atmosfericas producidas por rayos cosmicos."},"content":{"rendered":"<h2>Tesis doctoral de <strong> Eduardo Faleiro Usanos <\/strong><\/h2>\n<p>En este trabajo se realiza un an\u00e1lisis de las fluctuaciones en la distribuci\u00f3n de part\u00edculas secundarias producidas por radiaci\u00f3n c\u00f3smica en su interacci\u00f3n con la atm\u00f3sfera terrestre. Se muestra que las fluctuaciones se componen de un ruido de tipo 1\/f, que posee propiedades multifractales, superpuesto a un ruido sin correlaci\u00f3n o blanco. La eliminaci\u00f3n de la componente no correlacionada de las fluctuaciones, sirve de base para el dise\u00f1o de un m\u00e9todo para distinguir entre los distintos tipos de rayos c\u00f3smicos que interaccionan con la atm\u00f3sfera.<\/p>\n<p>&nbsp;<\/p>\n<h3>Datos acad\u00e9micos de la tesis doctoral \u00ab<strong>Estructura multifractal y aplicaciones de las fluctuaciones en cascadas atmosfericas producidas por rayos cosmicos.<\/strong>\u00ab<\/h3>\n<ul>\n<li><strong>T\u00edtulo de la tesis:<\/strong>\u00a0 Estructura multifractal y aplicaciones de las fluctuaciones en cascadas atmosfericas producidas por rayos cosmicos. <\/li>\n<li><strong>Autor:<\/strong>\u00a0 Eduardo Faleiro Usanos <\/li>\n<li><strong>Universidad:<\/strong>\u00a0 Complutense de Madrid<\/li>\n<li><strong>Fecha de lectura de la tesis:<\/strong>\u00a0 01\/01\/1999<\/li>\n<\/ul>\n<p>&nbsp;<\/p>\n<h3>Direcci\u00f3n y tribunal<\/h3>\n<ul>\n<li><strong>Director de la tesis<\/strong>\n<ul>\n<li> Gomez Gomez Jos\u00e9 M.<\/li>\n<\/ul>\n<\/li>\n<li><strong>Tribunal<\/strong>\n<ul>\n<li>Presidente del tribunal: fernando Arqueros mart\u00ednez <\/li>\n<li>Rafael Guardiola barcena (vocal)<\/li>\n<li>Rafael Ros pallares (vocal)<\/li>\n<li>gabriele Gianint (vocal)<\/li>\n<\/ul>\n<\/li>\n<\/ul>\n<p>&nbsp;<\/p>\n","protected":false},"excerpt":{"rendered":"<p>Tesis doctoral de Eduardo Faleiro Usanos En este trabajo se realiza un an\u00e1lisis de las fluctuaciones en la distribuci\u00f3n de [&hellip;]<\/p>\n","protected":false},"author":1,"featured_media":0,"comment_status":"open","ping_status":"open","sticky":false,"template":"","format":"standard","meta":{"site-sidebar-layout":"default","site-content-layout":"","ast-site-content-layout":"","site-content-style":"default","site-sidebar-style":"default","ast-global-header-display":"","ast-banner-title-visibility":"","ast-main-header-display":"","ast-hfb-above-header-display":"","ast-hfb-below-header-display":"","ast-hfb-mobile-header-display":"","site-post-title":"","ast-breadcrumbs-content":"","ast-featured-img":"","footer-sml-layout":"","theme-transparent-header-meta":"","adv-header-id-meta":"","stick-header-meta":"","header-above-stick-meta":"","header-main-stick-meta":"","header-below-stick-meta":"","astra-migrate-meta-layouts":"default","ast-page-background-enabled":"default","ast-page-background-meta":{"desktop":{"background-color":"var(--ast-global-color-4)","background-image":"","background-repeat":"repeat","background-position":"center center","background-size":"auto","background-attachment":"scroll","background-type":"","background-media":"","overlay-type":"","overlay-color":"","overlay-gradient":""},"tablet":{"background-color":"","background-image":"","background-repeat":"repeat","background-position":"center center","background-size":"auto","background-attachment":"scroll","background-type":"","background-media":"","overlay-type":"","overlay-color":"","overlay-gradient":""},"mobile":{"background-color":"","background-image":"","background-repeat":"repeat","background-position":"center center","background-size":"auto","background-attachment":"scroll","background-type":"","background-media":"","overlay-type":"","overlay-color":"","overlay-gradient":""}},"ast-content-background-meta":{"desktop":{"background-color":"var(--ast-global-color-5)","background-image":"","background-repeat":"repeat","background-position":"center center","background-size":"auto","background-attachment":"scroll","background-type":"","background-media":"","overlay-type":"","overlay-color":"","overlay-gradient":""},"tablet":{"background-color":"var(--ast-global-color-5)","background-image":"","background-repeat":"repeat","background-position":"center center","background-size":"auto","background-attachment":"scroll","background-type":"","background-media":"","overlay-type":"","overlay-color":"","overlay-gradient":""},"mobile":{"background-color":"var(--ast-global-color-5)","background-image":"","background-repeat":"repeat","background-position":"center center","background-size":"auto","background-attachment":"scroll","background-type":"","background-media":"","overlay-type":"","overlay-color":"","overlay-gradient":""}},"footnotes":""},"categories":[1050,950,27,1052,17696,126,1475,1478,10074],"tags":[101802,7332,101804,6059,92238,101803],"class_list":["post-39585","post","type-post","status-publish","format-standard","hentry","category-astronomia-y-astrofisica","category-ciencias-de-la-atmosfera","category-ciencias-de-la-tierra-y-del-espacio","category-cosmologia-y-cosmogonia","category-efectos-de-la-radiacion-cosmica-en-la-atmosfera","category-matematicas","category-probabilidad","category-procesos-estocasticos","category-rayos-cosmicos","tag-eduardo-faleiro-usanos","tag-fernando-arqueros-Martinez","tag-gabriele-gianint","tag-gomez-gomez-jose-m","tag-rafael-guardiola-barcena","tag-rafael-ros-pallares"],"_links":{"self":[{"href":"https:\/\/www.deberes.net\/tesis\/wp-json\/wp\/v2\/posts\/39585","targetHints":{"allow":["GET"]}}],"collection":[{"href":"https:\/\/www.deberes.net\/tesis\/wp-json\/wp\/v2\/posts"}],"about":[{"href":"https:\/\/www.deberes.net\/tesis\/wp-json\/wp\/v2\/types\/post"}],"author":[{"embeddable":true,"href":"https:\/\/www.deberes.net\/tesis\/wp-json\/wp\/v2\/users\/1"}],"replies":[{"embeddable":true,"href":"https:\/\/www.deberes.net\/tesis\/wp-json\/wp\/v2\/comments?post=39585"}],"version-history":[{"count":0,"href":"https:\/\/www.deberes.net\/tesis\/wp-json\/wp\/v2\/posts\/39585\/revisions"}],"wp:attachment":[{"href":"https:\/\/www.deberes.net\/tesis\/wp-json\/wp\/v2\/media?parent=39585"}],"wp:term":[{"taxonomy":"category","embeddable":true,"href":"https:\/\/www.deberes.net\/tesis\/wp-json\/wp\/v2\/categories?post=39585"},{"taxonomy":"post_tag","embeddable":true,"href":"https:\/\/www.deberes.net\/tesis\/wp-json\/wp\/v2\/tags?post=39585"}],"curies":[{"name":"wp","href":"https:\/\/api.w.org\/{rel}","templated":true}]}}