{"id":39594,"date":"1999-01-01T00:00:00","date_gmt":"1999-01-01T00:00:00","guid":{"rendered":"https:\/\/www.deberes.net\/tesis\/sin-categoria\/nietzsche-y-la-modernidad\/"},"modified":"1999-01-01T00:00:00","modified_gmt":"1999-01-01T00:00:00","slug":"nietzsche-y-la-modernidad","status":"publish","type":"post","link":"https:\/\/www.deberes.net\/tesis\/filosofia\/nietzsche-y-la-modernidad\/","title":{"rendered":"Nietzsche y la modernidad."},"content":{"rendered":"<h2>Tesis doctoral de <strong> Carmen Rivas Gomez <\/strong><\/h2>\n<p>Este trabajo de investigaci\u00f3n es una aproximaci\u00f3n al pensamiento de nietzsche centrado en tres aspectos, a mi entender, fundamentales de su obra: de una parte su espec\u00edfica cr\u00edtica a la racionalidad, y de otra su teor\u00eda del lenguaje y el conocimiento respectivamente.  su finalidad ha sido la de ofrecer una \u00f3ptica de lo que considero m\u00e1s relevante de la filosof\u00eda nietzscheana, y la de mostrar a su vez, en que medida y porqu\u00e9 su aportaci\u00f3n ofrece una v\u00eda muy fruct\u00edfera para superar las trabas e inconvenientes de la reflexi\u00f3n en la actualidad. todo ello me permite presentar a este autor no solo como un precursor de ciertas problem\u00e1ticas esencialmente modernas, si no tambi\u00e9n como una pieza clave del pensamiento filos\u00f3fico y la actual sociolog\u00eda del conocimiento y de la ciencia.<\/p>\n<p>&nbsp;<\/p>\n<h3>Datos acad\u00e9micos de la tesis doctoral \u00ab<strong>Nietzsche y la modernidad.<\/strong>\u00ab<\/h3>\n<ul>\n<li><strong>T\u00edtulo de la tesis:<\/strong>\u00a0 Nietzsche y la modernidad. <\/li>\n<li><strong>Autor:<\/strong>\u00a0 Carmen Rivas Gomez <\/li>\n<li><strong>Universidad:<\/strong>\u00a0 Complutense de Madrid<\/li>\n<li><strong>Fecha de lectura de la tesis:<\/strong>\u00a0 01\/01\/1999<\/li>\n<\/ul>\n<p>&nbsp;<\/p>\n<h3>Direcci\u00f3n y tribunal<\/h3>\n<ul>\n<li><strong>Director de la tesis<\/strong>\n<ul>\n<li> Lamo De Espinosa Michels De Champourcin Emilio<\/li>\n<\/ul>\n<\/li>\n<li><strong>Tribunal<\/strong>\n<ul>\n<li>Presidente del tribunal: Luis Gonz\u00e1lez seara <\/li>\n<li>Carlos Moya valga\u00f1on (vocal)<\/li>\n<li>raul Morodo leoncio (vocal)<\/li>\n<li>Francisco Jarauta marcon (vocal)<\/li>\n<\/ul>\n<\/li>\n<\/ul>\n<p>&nbsp;<\/p>\n","protected":false},"excerpt":{"rendered":"<p>Tesis doctoral de Carmen Rivas Gomez Este trabajo de investigaci\u00f3n es una aproximaci\u00f3n al pensamiento de nietzsche centrado en tres [&hellip;]<\/p>\n","protected":false},"author":1,"featured_media":0,"comment_status":"open","ping_status":"open","sticky":false,"template":"","format":"standard","meta":{"site-sidebar-layout":"default","site-content-layout":"","ast-site-content-layout":"","site-content-style":"default","site-sidebar-style":"default","ast-global-header-display":"","ast-banner-title-visibility":"","ast-main-header-display":"","ast-hfb-above-header-display":"","ast-hfb-below-header-display":"","ast-hfb-mobile-header-display":"","site-post-title":"","ast-breadcrumbs-content":"","ast-featured-img":"","footer-sml-layout":"","theme-transparent-header-meta":"","adv-header-id-meta":"","stick-header-meta":"","header-above-stick-meta":"","header-main-stick-meta":"","header-below-stick-meta":"","astra-migrate-meta-layouts":"default","ast-page-background-enabled":"default","ast-page-background-meta":{"desktop":{"background-color":"var(--ast-global-color-4)","background-image":"","background-repeat":"repeat","background-position":"center center","background-size":"auto","background-attachment":"scroll","background-type":"","background-media":"","overlay-type":"","overlay-color":"","overlay-gradient":""},"tablet":{"background-color":"","background-image":"","background-repeat":"repeat","background-position":"center center","background-size":"auto","background-attachment":"scroll","background-type":"","background-media":"","overlay-type":"","overlay-color":"","overlay-gradient":""},"mobile":{"background-color":"","background-image":"","background-repeat":"repeat","background-position":"center center","background-size":"auto","background-attachment":"scroll","background-type":"","background-media":"","overlay-type":"","overlay-color":"","overlay-gradient":""}},"ast-content-background-meta":{"desktop":{"background-color":"var(--ast-global-color-5)","background-image":"","background-repeat":"repeat","background-position":"center center","background-size":"auto","background-attachment":"scroll","background-type":"","background-media":"","overlay-type":"","overlay-color":"","overlay-gradient":""},"tablet":{"background-color":"var(--ast-global-color-5)","background-image":"","background-repeat":"repeat","background-position":"center center","background-size":"auto","background-attachment":"scroll","background-type":"","background-media":"","overlay-type":"","overlay-color":"","overlay-gradient":""},"mobile":{"background-color":"var(--ast-global-color-5)","background-image":"","background-repeat":"repeat","background-position":"center center","background-size":"auto","background-attachment":"scroll","background-type":"","background-media":"","overlay-type":"","overlay-color":"","overlay-gradient":""}},"footnotes":""},"categories":[960,165,8535,956,316,990,13455],"tags":[5543,101818,101819,23860,5498,909],"class_list":["post-39594","post","type-post","status-publish","format-standard","hentry","category-antropologia-filosofica","category-filosofia","category-filosofia-actual","category-filosofia-del-conocimiento","category-filosofia-del-lenguaje","category-sistemas-filosoficos","category-teoria-de-la-razon","tag-carlos-moya-valganon","tag-carmen-rivas-gomez","tag-francisco-jarauta-marcon","tag-lamo-de-espinosa-michels-de-champourcin-emilio","tag-luis-gonzalez-seara","tag-raul-morodo-leoncio"],"_links":{"self":[{"href":"https:\/\/www.deberes.net\/tesis\/wp-json\/wp\/v2\/posts\/39594","targetHints":{"allow":["GET"]}}],"collection":[{"href":"https:\/\/www.deberes.net\/tesis\/wp-json\/wp\/v2\/posts"}],"about":[{"href":"https:\/\/www.deberes.net\/tesis\/wp-json\/wp\/v2\/types\/post"}],"author":[{"embeddable":true,"href":"https:\/\/www.deberes.net\/tesis\/wp-json\/wp\/v2\/users\/1"}],"replies":[{"embeddable":true,"href":"https:\/\/www.deberes.net\/tesis\/wp-json\/wp\/v2\/comments?post=39594"}],"version-history":[{"count":0,"href":"https:\/\/www.deberes.net\/tesis\/wp-json\/wp\/v2\/posts\/39594\/revisions"}],"wp:attachment":[{"href":"https:\/\/www.deberes.net\/tesis\/wp-json\/wp\/v2\/media?parent=39594"}],"wp:term":[{"taxonomy":"category","embeddable":true,"href":"https:\/\/www.deberes.net\/tesis\/wp-json\/wp\/v2\/categories?post=39594"},{"taxonomy":"post_tag","embeddable":true,"href":"https:\/\/www.deberes.net\/tesis\/wp-json\/wp\/v2\/tags?post=39594"}],"curies":[{"name":"wp","href":"https:\/\/api.w.org\/{rel}","templated":true}]}}