{"id":39663,"date":"1999-01-01T00:00:00","date_gmt":"1999-01-01T00:00:00","guid":{"rendered":"https:\/\/www.deberes.net\/tesis\/sin-categoria\/el-asociacionismo-juvenil-en-espana\/"},"modified":"1999-01-01T00:00:00","modified_gmt":"1999-01-01T00:00:00","slug":"el-asociacionismo-juvenil-en-espana","status":"publish","type":"post","link":"https:\/\/www.deberes.net\/tesis\/sociologia\/el-asociacionismo-juvenil-en-espana\/","title":{"rendered":"El asociacionismo juvenil en espa\u00f1a."},"content":{"rendered":"<h2>Tesis doctoral de <strong> Rafael Prieto Lacaci <\/strong><\/h2>\n<p>Este trabajo de investigaci\u00f3n analiza desde una perspectiva sociol\u00f3gica el asociacionismo juvenil en espa\u00f1a y su evoluci\u00f3n a partir de 1960 hasta 1996. Su objetivo es describir y explicar cu\u00e1les han sido las principales caracter\u00edsticas de la participaci\u00f3n de los j\u00f3venes en asociaciones voluntarias a lo largo de este per\u00edodo y mostrar c\u00f3mo el campo asociativo y su configuraci\u00f3n tipol\u00f3gica se han ido transformando progresivamente a consecuencia de los cambios sociales, culturales y pol\u00edticos que se han operado en la sociedad espa\u00f1ola. el autor defiende la tesis de que la modernizaci\u00f3n del asociacionismo juvenil espa\u00f1ol tiene lugar en los a\u00f1os 80 y que actualmente sus principales tendencias son an\u00e1logas a las que se observan en otras sociedades del entorno europeo. El estudio se apoya en los datos sobre asociacionismo de las encuestas nacionales a la juventud y en dos investigaciones originales del autor sobre la participaci\u00f3n social juvenil.<\/p>\n<p>&nbsp;<\/p>\n<h3>Datos acad\u00e9micos de la tesis doctoral \u00ab<strong>El asociacionismo juvenil en espa\u00f1a.<\/strong>\u00ab<\/h3>\n<ul>\n<li><strong>T\u00edtulo de la tesis:<\/strong>\u00a0 El asociacionismo juvenil en espa\u00f1a. <\/li>\n<li><strong>Autor:<\/strong>\u00a0 Rafael Prieto Lacaci <\/li>\n<li><strong>Universidad:<\/strong>\u00a0 Complutense de Madrid<\/li>\n<li><strong>Fecha de lectura de la tesis:<\/strong>\u00a0 01\/01\/1999<\/li>\n<\/ul>\n<p>&nbsp;<\/p>\n<h3>Direcci\u00f3n y tribunal<\/h3>\n<ul>\n<li><strong>Director de la tesis<\/strong>\n<ul>\n<li>Salustiano Del Campo Urbano<\/li>\n<\/ul>\n<\/li>\n<li><strong>Tribunal<\/strong>\n<ul>\n<li>Presidente del tribunal: manuel Martin serrano <\/li>\n<li>Luis Garrido medina (vocal)<\/li>\n<li>Manuel L\u00f3pez navarro (vocal)<\/li>\n<li> Requena y diez de requena Miguel (vocal)<\/li>\n<\/ul>\n<\/li>\n<\/ul>\n<p>&nbsp;<\/p>\n","protected":false},"excerpt":{"rendered":"<p>Tesis doctoral de Rafael Prieto Lacaci Este trabajo de investigaci\u00f3n analiza desde una perspectiva sociol\u00f3gica el asociacionismo juvenil en espa\u00f1a [&hellip;]<\/p>\n","protected":false},"author":1,"featured_media":0,"comment_status":"open","ping_status":"open","sticky":false,"template":"","format":"standard","meta":{"site-sidebar-layout":"default","site-content-layout":"","ast-site-content-layout":"","site-content-style":"default","site-sidebar-style":"default","ast-global-header-display":"","ast-banner-title-visibility":"","ast-main-header-display":"","ast-hfb-above-header-display":"","ast-hfb-below-header-display":"","ast-hfb-mobile-header-display":"","site-post-title":"","ast-breadcrumbs-content":"","ast-featured-img":"","footer-sml-layout":"","theme-transparent-header-meta":"","adv-header-id-meta":"","stick-header-meta":"","header-above-stick-meta":"","header-main-stick-meta":"","header-below-stick-meta":"","astra-migrate-meta-layouts":"default","ast-page-background-enabled":"default","ast-page-background-meta":{"desktop":{"background-color":"var(--ast-global-color-4)","background-image":"","background-repeat":"repeat","background-position":"center center","background-size":"auto","background-attachment":"scroll","background-type":"","background-media":"","overlay-type":"","overlay-color":"","overlay-gradient":""},"tablet":{"background-color":"","background-image":"","background-repeat":"repeat","background-position":"center center","background-size":"auto","background-attachment":"scroll","background-type":"","background-media":"","overlay-type":"","overlay-color":"","overlay-gradient":""},"mobile":{"background-color":"","background-image":"","background-repeat":"repeat","background-position":"center center","background-size":"auto","background-attachment":"scroll","background-type":"","background-media":"","overlay-type":"","overlay-color":"","overlay-gradient":""}},"ast-content-background-meta":{"desktop":{"background-color":"var(--ast-global-color-5)","background-image":"","background-repeat":"repeat","background-position":"center center","background-size":"auto","background-attachment":"scroll","background-type":"","background-media":"","overlay-type":"","overlay-color":"","overlay-gradient":""},"tablet":{"background-color":"var(--ast-global-color-5)","background-image":"","background-repeat":"repeat","background-position":"center center","background-size":"auto","background-attachment":"scroll","background-type":"","background-media":"","overlay-type":"","overlay-color":"","overlay-gradient":""},"mobile":{"background-color":"var(--ast-global-color-5)","background-image":"","background-repeat":"repeat","background-position":"center center","background-size":"auto","background-attachment":"scroll","background-type":"","background-media":"","overlay-type":"","overlay-color":"","overlay-gradient":""}},"footnotes":""},"categories":[12931,269,2232],"tags":[17570,5541,4922,101931,101932,5656],"class_list":["post-39663","post","type-post","status-publish","format-standard","hentry","category-relaciones-culturales","category-sociologia","category-sociologia-cultural","tag-luis-garrido-medina","tag-manuel-lopez-navarro","tag-manuel-martin-serrano","tag-rafael-prieto-lacaci","tag-requena-y-diez-de-requena-miguel","tag-salustiano-del-campo-urbano"],"_links":{"self":[{"href":"https:\/\/www.deberes.net\/tesis\/wp-json\/wp\/v2\/posts\/39663","targetHints":{"allow":["GET"]}}],"collection":[{"href":"https:\/\/www.deberes.net\/tesis\/wp-json\/wp\/v2\/posts"}],"about":[{"href":"https:\/\/www.deberes.net\/tesis\/wp-json\/wp\/v2\/types\/post"}],"author":[{"embeddable":true,"href":"https:\/\/www.deberes.net\/tesis\/wp-json\/wp\/v2\/users\/1"}],"replies":[{"embeddable":true,"href":"https:\/\/www.deberes.net\/tesis\/wp-json\/wp\/v2\/comments?post=39663"}],"version-history":[{"count":0,"href":"https:\/\/www.deberes.net\/tesis\/wp-json\/wp\/v2\/posts\/39663\/revisions"}],"wp:attachment":[{"href":"https:\/\/www.deberes.net\/tesis\/wp-json\/wp\/v2\/media?parent=39663"}],"wp:term":[{"taxonomy":"category","embeddable":true,"href":"https:\/\/www.deberes.net\/tesis\/wp-json\/wp\/v2\/categories?post=39663"},{"taxonomy":"post_tag","embeddable":true,"href":"https:\/\/www.deberes.net\/tesis\/wp-json\/wp\/v2\/tags?post=39663"}],"curies":[{"name":"wp","href":"https:\/\/api.w.org\/{rel}","templated":true}]}}