{"id":39669,"date":"1999-01-01T00:00:00","date_gmt":"1999-01-01T00:00:00","guid":{"rendered":"https:\/\/www.deberes.net\/tesis\/sin-categoria\/administracion-institucional-autonomica-consideracion-especial-de-la-comunidad-de-madrid\/"},"modified":"1999-01-01T00:00:00","modified_gmt":"1999-01-01T00:00:00","slug":"administracion-institucional-autonomica-consideracion-especial-de-la-comunidad-de-madrid","status":"publish","type":"post","link":"https:\/\/www.deberes.net\/tesis\/ciencias-juridicas-y-derecho\/administracion-institucional-autonomica-consideracion-especial-de-la-comunidad-de-madrid\/","title":{"rendered":"Administracion institucional autonomica. consideracion especial de la comunidad de Madrid."},"content":{"rendered":"<h2>Tesis doctoral de <strong>  Suidan Fernandez Miguel Angel <\/strong><\/h2>\n<p>La tesis, en su an\u00e1lisis, parte del concepto de administraci\u00f3n institucional como aquella que integra las entidades de naturaleza fundacional creadas por la administraci\u00f3n p\u00fablica para el desempe\u00f1o de funciones que son competencia de la administraci\u00f3n matriz. el estudio del modelo estatal (con las aportaciones de la pofage), se complementa con el examen del modelo local, a fin de introducirnos en el an\u00e1lisis del modelo auton\u00f3mico, especialmente en el de la comunidad de Madrid. la problem\u00e1tica de las transferencias, el mimetismo del modelo estatal en el ejercicio de la autoorganizaci\u00f3n y el riesgo del nominalismo, sirven de introducci\u00f3n a la determinaci\u00f3n de las entidades que integran la administraci\u00f3n institucional auton\u00f3mica de la comunidad de Madrid, as\u00ed como aquellas que no forman parte del concepto. A partir de aqu\u00ed, se realiza un tratamiento detallado de los organismos aut\u00f3nomos, los rganos de gesti\u00f3n y las empresas p\u00fablicas auton\u00f3micas y la problem\u00e1tica en la que se desenvuelven, analizando, entre otras, las materias referentes a: definici\u00f3n y clasificaci\u00f3n, creaci\u00f3n y extinci\u00f3n, \u00f3rganos de gobierno, contrataci\u00f3n, bienes, personal, presupuestos y hacienda y control interno y externo, as\u00ed como la incidencia en la administraci\u00f3n auton\u00f3mica de los fen\u00f3menos de \u00abhuida del derecho\u00bb y de privatizaci\u00f3n del sector p\u00fablico. Todo ello informa las correspondientes conclusiones.<\/p>\n<p>&nbsp;<\/p>\n<h3>Datos acad\u00e9micos de la tesis doctoral \u00ab<strong>Administracion institucional autonomica. consideracion especial de la comunidad de Madrid.<\/strong>\u00ab<\/h3>\n<ul>\n<li><strong>T\u00edtulo de la tesis:<\/strong>\u00a0 Administracion institucional autonomica. consideracion especial de la comunidad de Madrid. <\/li>\n<li><strong>Autor:<\/strong>\u00a0  Suidan Fernandez Miguel Angel <\/li>\n<li><strong>Universidad:<\/strong>\u00a0 Complutense de Madrid<\/li>\n<li><strong>Fecha de lectura de la tesis:<\/strong>\u00a0 01\/01\/1999<\/li>\n<\/ul>\n<p>&nbsp;<\/p>\n<h3>Direcci\u00f3n y tribunal<\/h3>\n<ul>\n<li><strong>Director de la tesis<\/strong>\n<ul>\n<li>Luis Cosculluela Montaner<\/li>\n<\/ul>\n<\/li>\n<li><strong>Tribunal<\/strong>\n<ul>\n<li>Presidente del tribunal: rafael G\u00f3mez-ferrer morant <\/li>\n<li>Manuel Rebollo puig (vocal)<\/li>\n<li>tomas Font i llovet (vocal)<\/li>\n<li>pedro De vega garcia (vocal)<\/li>\n<\/ul>\n<\/li>\n<\/ul>\n<p>&nbsp;<\/p>\n","protected":false},"excerpt":{"rendered":"<p>Tesis doctoral de Suidan Fernandez Miguel Angel La tesis, en su an\u00e1lisis, parte del concepto de administraci\u00f3n institucional como aquella [&hellip;]<\/p>\n","protected":false},"author":1,"featured_media":0,"comment_status":"open","ping_status":"open","sticky":false,"template":"","format":"standard","meta":{"site-sidebar-layout":"default","site-content-layout":"","ast-site-content-layout":"","site-content-style":"default","site-sidebar-style":"default","ast-global-header-display":"","ast-banner-title-visibility":"","ast-main-header-display":"","ast-hfb-above-header-display":"","ast-hfb-below-header-display":"","ast-hfb-mobile-header-display":"","site-post-title":"","ast-breadcrumbs-content":"","ast-featured-img":"","footer-sml-layout":"","theme-transparent-header-meta":"","adv-header-id-meta":"","stick-header-meta":"","header-above-stick-meta":"","header-main-stick-meta":"","header-below-stick-meta":"","astra-migrate-meta-layouts":"default","ast-page-background-enabled":"default","ast-page-background-meta":{"desktop":{"background-color":"var(--ast-global-color-4)","background-image":"","background-repeat":"repeat","background-position":"center center","background-size":"auto","background-attachment":"scroll","background-type":"","background-media":"","overlay-type":"","overlay-color":"","overlay-gradient":""},"tablet":{"background-color":"","background-image":"","background-repeat":"repeat","background-position":"center center","background-size":"auto","background-attachment":"scroll","background-type":"","background-media":"","overlay-type":"","overlay-color":"","overlay-gradient":""},"mobile":{"background-color":"","background-image":"","background-repeat":"repeat","background-position":"center center","background-size":"auto","background-attachment":"scroll","background-type":"","background-media":"","overlay-type":"","overlay-color":"","overlay-gradient":""}},"ast-content-background-meta":{"desktop":{"background-color":"var(--ast-global-color-5)","background-image":"","background-repeat":"repeat","background-position":"center center","background-size":"auto","background-attachment":"scroll","background-type":"","background-media":"","overlay-type":"","overlay-color":"","overlay-gradient":""},"tablet":{"background-color":"var(--ast-global-color-5)","background-image":"","background-repeat":"repeat","background-position":"center center","background-size":"auto","background-attachment":"scroll","background-type":"","background-media":"","overlay-type":"","overlay-color":"","overlay-gradient":""},"mobile":{"background-color":"var(--ast-global-color-5)","background-image":"","background-repeat":"repeat","background-position":"center center","background-size":"auto","background-attachment":"scroll","background-type":"","background-media":"","overlay-type":"","overlay-color":"","overlay-gradient":""}},"footnotes":""},"categories":[856,838,612,1442,979,6324],"tags":[3464,2176,9449,3455,101940,1448],"class_list":["post-39669","post","type-post","status-publish","format-standard","hentry","category-administracion-publica","category-ciencia-politica","category-ciencias-juridicas-y-derecho","category-derecho-administrativo","category-derecho-y-legislacion-nacionales","category-instituciones-regionales","tag-luis-cosculluela-montaner","tag-manuel-rebollo-puig","tag-pedro-de-vega-garcia","tag-rafael-gomez-ferrer-morant","tag-suidan-fernandez-miguel-angel","tag-tomas-font-i-llovet"],"_links":{"self":[{"href":"https:\/\/www.deberes.net\/tesis\/wp-json\/wp\/v2\/posts\/39669","targetHints":{"allow":["GET"]}}],"collection":[{"href":"https:\/\/www.deberes.net\/tesis\/wp-json\/wp\/v2\/posts"}],"about":[{"href":"https:\/\/www.deberes.net\/tesis\/wp-json\/wp\/v2\/types\/post"}],"author":[{"embeddable":true,"href":"https:\/\/www.deberes.net\/tesis\/wp-json\/wp\/v2\/users\/1"}],"replies":[{"embeddable":true,"href":"https:\/\/www.deberes.net\/tesis\/wp-json\/wp\/v2\/comments?post=39669"}],"version-history":[{"count":0,"href":"https:\/\/www.deberes.net\/tesis\/wp-json\/wp\/v2\/posts\/39669\/revisions"}],"wp:attachment":[{"href":"https:\/\/www.deberes.net\/tesis\/wp-json\/wp\/v2\/media?parent=39669"}],"wp:term":[{"taxonomy":"category","embeddable":true,"href":"https:\/\/www.deberes.net\/tesis\/wp-json\/wp\/v2\/categories?post=39669"},{"taxonomy":"post_tag","embeddable":true,"href":"https:\/\/www.deberes.net\/tesis\/wp-json\/wp\/v2\/tags?post=39669"}],"curies":[{"name":"wp","href":"https:\/\/api.w.org\/{rel}","templated":true}]}}