{"id":39681,"date":"1999-01-01T00:00:00","date_gmt":"1999-01-01T00:00:00","guid":{"rendered":"https:\/\/www.deberes.net\/tesis\/sin-categoria\/la-linea-quebrada-historias-de-vida-de-migrantes\/"},"modified":"1999-01-01T00:00:00","modified_gmt":"1999-01-01T00:00:00","slug":"la-linea-quebrada-historias-de-vida-de-migrantes","status":"publish","type":"post","link":"https:\/\/www.deberes.net\/tesis\/sociologia\/la-linea-quebrada-historias-de-vida-de-migrantes\/","title":{"rendered":"La linea quebrada. historias de vida de migrantes."},"content":{"rendered":"<h2>Tesis doctoral de <strong> M. Jes\u00fas Criado Calvo Matilde <\/strong><\/h2>\n<p>La tesis analiza el fen\u00f3meno migratorio a partir de los testimonios y trayectorias de vida de emigrantes extranjeros radicados en Madrid y con origen en las distintas \u00e1reas geogr\u00e1ficas. El trabajo incluye la reconstrucci\u00f3n de un n\u00famero significativo de historias de vida que ilustran y fundamentan el an\u00e1lisis sobre los condicionantes e implicaciones que acompa\u00f1an a este proceso.  los dos primeros cap\u00edtulos se dedican a contextualizar el problema y a informar sobre las perspectivas te\u00f3ricas de referencia. y en los dos \u00faltimos se recoge el an\u00e1lisis e interpretaci\u00f3n de los testimonios de los informantes.<\/p>\n<p>&nbsp;<\/p>\n<h3>Datos acad\u00e9micos de la tesis doctoral \u00ab<strong>La linea quebrada. historias de vida de migrantes.<\/strong>\u00ab<\/h3>\n<ul>\n<li><strong>T\u00edtulo de la tesis:<\/strong>\u00a0 La linea quebrada. historias de vida de migrantes. <\/li>\n<li><strong>Autor:<\/strong>\u00a0 M. Jes\u00fas Criado Calvo Matilde <\/li>\n<li><strong>Universidad:<\/strong>\u00a0 Complutense de Madrid<\/li>\n<li><strong>Fecha de lectura de la tesis:<\/strong>\u00a0 01\/01\/1999<\/li>\n<\/ul>\n<p>&nbsp;<\/p>\n<h3>Direcci\u00f3n y tribunal<\/h3>\n<ul>\n<li><strong>Director de la tesis<\/strong>\n<ul>\n<li> Lamo De Espinosa Michels De Champourcin Emilio<\/li>\n<\/ul>\n<\/li>\n<li><strong>Tribunal<\/strong>\n<ul>\n<li>Presidente del tribunal: Jos\u00e9 enrique Rodr\u00edguez ib\u00e1\u00f1ez <\/li>\n<li>bernabe Sarabia heydrich (vocal)<\/li>\n<li>Antonio Izquierdo escribano (vocal)<\/li>\n<li>Carlos Gimenez romero (vocal)<\/li>\n<\/ul>\n<\/li>\n<\/ul>\n<p>&nbsp;<\/p>\n","protected":false},"excerpt":{"rendered":"<p>Tesis doctoral de M. Jes\u00fas Criado Calvo Matilde La tesis analiza el fen\u00f3meno migratorio a partir de los testimonios y [&hellip;]<\/p>\n","protected":false},"author":1,"featured_media":0,"comment_status":"open","ping_status":"open","sticky":false,"template":"","format":"standard","meta":{"site-sidebar-layout":"default","site-content-layout":"","ast-site-content-layout":"","site-content-style":"default","site-sidebar-style":"default","ast-global-header-display":"","ast-banner-title-visibility":"","ast-main-header-display":"","ast-hfb-above-header-display":"","ast-hfb-below-header-display":"","ast-hfb-mobile-header-display":"","site-post-title":"","ast-breadcrumbs-content":"","ast-featured-img":"","footer-sml-layout":"","theme-transparent-header-meta":"","adv-header-id-meta":"","stick-header-meta":"","header-above-stick-meta":"","header-main-stick-meta":"","header-below-stick-meta":"","astra-migrate-meta-layouts":"default","ast-page-background-enabled":"default","ast-page-background-meta":{"desktop":{"background-color":"var(--ast-global-color-4)","background-image":"","background-repeat":"repeat","background-position":"center center","background-size":"auto","background-attachment":"scroll","background-type":"","background-media":"","overlay-type":"","overlay-color":"","overlay-gradient":""},"tablet":{"background-color":"","background-image":"","background-repeat":"repeat","background-position":"center center","background-size":"auto","background-attachment":"scroll","background-type":"","background-media":"","overlay-type":"","overlay-color":"","overlay-gradient":""},"mobile":{"background-color":"","background-image":"","background-repeat":"repeat","background-position":"center center","background-size":"auto","background-attachment":"scroll","background-type":"","background-media":"","overlay-type":"","overlay-color":"","overlay-gradient":""}},"ast-content-background-meta":{"desktop":{"background-color":"var(--ast-global-color-5)","background-image":"","background-repeat":"repeat","background-position":"center center","background-size":"auto","background-attachment":"scroll","background-type":"","background-media":"","overlay-type":"","overlay-color":"","overlay-gradient":""},"tablet":{"background-color":"var(--ast-global-color-5)","background-image":"","background-repeat":"repeat","background-position":"center center","background-size":"auto","background-attachment":"scroll","background-type":"","background-media":"","overlay-type":"","overlay-color":"","overlay-gradient":""},"mobile":{"background-color":"var(--ast-global-color-5)","background-image":"","background-repeat":"repeat","background-position":"center center","background-size":"auto","background-attachment":"scroll","background-type":"","background-media":"","overlay-type":"","overlay-color":"","overlay-gradient":""}},"footnotes":""},"categories":[6217,1066,1353,1354,269],"tags":[23725,6712,14766,7345,23860,101956],"class_list":["post-39681","post","type-post","status-publish","format-standard","hentry","category-cambio-y-desarrollo-social","category-demografia","category-demografia-geografica","category-movilidad-y-migraciones-internacionales","category-sociologia","tag-antonio-izquierdo-escribano","tag-bernabe-sarabia-heydrich","tag-carlos-gimenez-romero","tag-jose-enrique-rodriguez-ibanez","tag-lamo-de-espinosa-michels-de-champourcin-emilio","tag-m-jesus-criado-calvo-matilde"],"_links":{"self":[{"href":"https:\/\/www.deberes.net\/tesis\/wp-json\/wp\/v2\/posts\/39681","targetHints":{"allow":["GET"]}}],"collection":[{"href":"https:\/\/www.deberes.net\/tesis\/wp-json\/wp\/v2\/posts"}],"about":[{"href":"https:\/\/www.deberes.net\/tesis\/wp-json\/wp\/v2\/types\/post"}],"author":[{"embeddable":true,"href":"https:\/\/www.deberes.net\/tesis\/wp-json\/wp\/v2\/users\/1"}],"replies":[{"embeddable":true,"href":"https:\/\/www.deberes.net\/tesis\/wp-json\/wp\/v2\/comments?post=39681"}],"version-history":[{"count":0,"href":"https:\/\/www.deberes.net\/tesis\/wp-json\/wp\/v2\/posts\/39681\/revisions"}],"wp:attachment":[{"href":"https:\/\/www.deberes.net\/tesis\/wp-json\/wp\/v2\/media?parent=39681"}],"wp:term":[{"taxonomy":"category","embeddable":true,"href":"https:\/\/www.deberes.net\/tesis\/wp-json\/wp\/v2\/categories?post=39681"},{"taxonomy":"post_tag","embeddable":true,"href":"https:\/\/www.deberes.net\/tesis\/wp-json\/wp\/v2\/tags?post=39681"}],"curies":[{"name":"wp","href":"https:\/\/api.w.org\/{rel}","templated":true}]}}