{"id":39751,"date":"1999-01-01T00:00:00","date_gmt":"1999-01-01T00:00:00","guid":{"rendered":"https:\/\/www.deberes.net\/tesis\/sin-categoria\/azorin-y-las-vanguardias-su-recepcion-de-lo-nuevo-1923-1936\/"},"modified":"1999-01-01T00:00:00","modified_gmt":"1999-01-01T00:00:00","slug":"azorin-y-las-vanguardias-su-recepcion-de-lo-nuevo-1923-1936","status":"publish","type":"post","link":"https:\/\/www.deberes.net\/tesis\/historia\/azorin-y-las-vanguardias-su-recepcion-de-lo-nuevo-1923-1936\/","title":{"rendered":"Azorin y las vanguardias (su recepcion de lo nuevo 1923-1936)."},"content":{"rendered":"<h2>Tesis doctoral de <strong>  Lopez Garcia Pedro Ignacio <\/strong><\/h2>\n<p>Se trata de un estudio hist\u00f3rico-biogr\u00e1fico, donde se analiza la recepci\u00f3n en la obra cr\u00edtica de azor\u00edn de una serie de autores que, a partir de la decada de los 20, y hasta la guerra civil espa\u00f1ola de 1936, se esforzaron en renovar radicalmente el esp\u00edritu literario -tambi\u00e9n pol\u00edtico- de espa\u00f1a. As\u00ed, por ejemplo, observamos sus relaciones amistosas y literarias con el segundo juan ram\u00f3n y con jos\u00e9 ortega y gasset, los ultra\u00edstas y creacionistas, los poetas (tambi\u00e9n los prosistas) de la generaci\u00f3n del 27, y por fin, los humoristas de vanguardia y el grupo del \u00abnuevo romanticismo\u00bb: literatura \u00abde avanzada\u00bb, izquierdista, frente a las mas conservadora literatura \u00abdeshumanizada\u00bb, segun la defini\u00f3 ortega y gasset. como azor\u00edn experimenta tambien por esos a\u00f1os una inquietud renovadora de signo vanguardista, la que interes\u00f3 desde luego a los escritores j\u00f3venes, se re\u00fanen y analizan los trabajos que \u00e9stos dedicaron a su vez a azor\u00edn, concluyendo de todo ello la sinceridad del \u00absuperrealismo\u00bb de azor\u00edn, su proximidad a la \u00abpoes\u00eda pura\u00bb y el expresionismo, y su generosidad atenta hacia los j\u00f3venes mejores y mas inquietos.<\/p>\n<p>&nbsp;<\/p>\n<h3>Datos acad\u00e9micos de la tesis doctoral \u00ab<strong>Azorin y las vanguardias (su recepcion de lo nuevo 1923-1936).<\/strong>\u00ab<\/h3>\n<ul>\n<li><strong>T\u00edtulo de la tesis:<\/strong>\u00a0 Azorin y las vanguardias (su recepcion de lo nuevo 1923-1936). <\/li>\n<li><strong>Autor:<\/strong>\u00a0  Lopez Garcia Pedro Ignacio <\/li>\n<li><strong>Universidad:<\/strong>\u00a0 Complutense de Madrid<\/li>\n<li><strong>Fecha de lectura de la tesis:<\/strong>\u00a0 01\/01\/1999<\/li>\n<\/ul>\n<p>&nbsp;<\/p>\n<h3>Direcci\u00f3n y tribunal<\/h3>\n<ul>\n<li><strong>Director de la tesis<\/strong>\n<ul>\n<li>Jos\u00e9 Cipriano Paulino Ayuso<\/li>\n<\/ul>\n<\/li>\n<li><strong>Tribunal<\/strong>\n<ul>\n<li>Presidente del tribunal: andr\u00e9s Amor\u00f3s guardiola <\/li>\n<li>Mar\u00eda no de Paco moya (vocal)<\/li>\n<li>Francisco Javier Diez de revenga torres (vocal)<\/li>\n<li>Miguel angel Lozano marco (vocal)<\/li>\n<\/ul>\n<\/li>\n<\/ul>\n<p>&nbsp;<\/p>\n","protected":false},"excerpt":{"rendered":"<p>Tesis doctoral de Lopez Garcia Pedro Ignacio Se trata de un estudio hist\u00f3rico-biogr\u00e1fico, donde se analiza la recepci\u00f3n en la [&hellip;]<\/p>\n","protected":false},"author":1,"featured_media":0,"comment_status":"open","ping_status":"open","sticky":false,"template":"","format":"standard","meta":{"site-sidebar-layout":"default","site-content-layout":"","ast-site-content-layout":"","site-content-style":"default","site-sidebar-style":"default","ast-global-header-display":"","ast-banner-title-visibility":"","ast-main-header-display":"","ast-hfb-above-header-display":"","ast-hfb-below-header-display":"","ast-hfb-mobile-header-display":"","site-post-title":"","ast-breadcrumbs-content":"","ast-featured-img":"","footer-sml-layout":"","theme-transparent-header-meta":"","adv-header-id-meta":"","stick-header-meta":"","header-above-stick-meta":"","header-main-stick-meta":"","header-below-stick-meta":"","astra-migrate-meta-layouts":"default","ast-page-background-enabled":"default","ast-page-background-meta":{"desktop":{"background-color":"var(--ast-global-color-4)","background-image":"","background-repeat":"repeat","background-position":"center center","background-size":"auto","background-attachment":"scroll","background-type":"","background-media":"","overlay-type":"","overlay-color":"","overlay-gradient":""},"tablet":{"background-color":"","background-image":"","background-repeat":"repeat","background-position":"center center","background-size":"auto","background-attachment":"scroll","background-type":"","background-media":"","overlay-type":"","overlay-color":"","overlay-gradient":""},"mobile":{"background-color":"","background-image":"","background-repeat":"repeat","background-position":"center center","background-size":"auto","background-attachment":"scroll","background-type":"","background-media":"","overlay-type":"","overlay-color":"","overlay-gradient":""}},"ast-content-background-meta":{"desktop":{"background-color":"var(--ast-global-color-5)","background-image":"","background-repeat":"repeat","background-position":"center center","background-size":"auto","background-attachment":"scroll","background-type":"","background-media":"","overlay-type":"","overlay-color":"","overlay-gradient":""},"tablet":{"background-color":"var(--ast-global-color-5)","background-image":"","background-repeat":"repeat","background-position":"center center","background-size":"auto","background-attachment":"scroll","background-type":"","background-media":"","overlay-type":"","overlay-color":"","overlay-gradient":""},"mobile":{"background-color":"var(--ast-global-color-5)","background-image":"","background-repeat":"repeat","background-position":"center center","background-size":"auto","background-attachment":"scroll","background-type":"","background-media":"","overlay-type":"","overlay-color":"","overlay-gradient":""}},"footnotes":""},"categories":[148,954,147,104,713,1867,222,628],"tags":[6400,8638,6371,102074,8643,5034],"class_list":["post-39751","post","type-post","status-publish","format-standard","hentry","category-analisis-literario","category-biografias","category-ciencias-de-las-artes-y-las-letras","category-historia","category-historia-de-la-literatura","category-historia-de-la-literatura-espanola","category-historias-especializadas","category-teoria-analisis-y-critica-literarios","tag-andres-amoros-guardiola","tag-francisco-javier-diez-de-revenga-torres","tag-jose-cipriano-paulino-ayuso","tag-lopez-garcia-pedro-ignacio","tag-maria-no-de-paco-moya","tag-miguel-angel-lozano-marco"],"_links":{"self":[{"href":"https:\/\/www.deberes.net\/tesis\/wp-json\/wp\/v2\/posts\/39751","targetHints":{"allow":["GET"]}}],"collection":[{"href":"https:\/\/www.deberes.net\/tesis\/wp-json\/wp\/v2\/posts"}],"about":[{"href":"https:\/\/www.deberes.net\/tesis\/wp-json\/wp\/v2\/types\/post"}],"author":[{"embeddable":true,"href":"https:\/\/www.deberes.net\/tesis\/wp-json\/wp\/v2\/users\/1"}],"replies":[{"embeddable":true,"href":"https:\/\/www.deberes.net\/tesis\/wp-json\/wp\/v2\/comments?post=39751"}],"version-history":[{"count":0,"href":"https:\/\/www.deberes.net\/tesis\/wp-json\/wp\/v2\/posts\/39751\/revisions"}],"wp:attachment":[{"href":"https:\/\/www.deberes.net\/tesis\/wp-json\/wp\/v2\/media?parent=39751"}],"wp:term":[{"taxonomy":"category","embeddable":true,"href":"https:\/\/www.deberes.net\/tesis\/wp-json\/wp\/v2\/categories?post=39751"},{"taxonomy":"post_tag","embeddable":true,"href":"https:\/\/www.deberes.net\/tesis\/wp-json\/wp\/v2\/tags?post=39751"}],"curies":[{"name":"wp","href":"https:\/\/api.w.org\/{rel}","templated":true}]}}