{"id":39753,"date":"1999-01-01T00:00:00","date_gmt":"1999-01-01T00:00:00","guid":{"rendered":"https:\/\/www.deberes.net\/tesis\/sin-categoria\/evaluacion-no-formal-profesionalizadora-del-profesorado\/"},"modified":"1999-01-01T00:00:00","modified_gmt":"1999-01-01T00:00:00","slug":"evaluacion-no-formal-profesionalizadora-del-profesorado","status":"publish","type":"post","link":"https:\/\/www.deberes.net\/tesis\/formacion-y-empleo-de-profesores\/evaluacion-no-formal-profesionalizadora-del-profesorado\/","title":{"rendered":"Evaluacion no formal &#8211; profesionalizadora del profesorado."},"content":{"rendered":"<h2>Tesis doctoral de <strong> Francisco De Pedro Sotelo <\/strong><\/h2>\n<p>La investigaci\u00f3n consta de cuatro partes. En la primera, formada por tres cap\u00edtulos, se presentan aspectos te\u00f3rico-conceptuales e hist\u00f3ricos sobre la evaluaci\u00f3n del profesorado, centr\u00e1ndonos en la no formal y profesionalizadora, para lo cual se analizan las caracter\u00edsticas y diferencias entre los diferentes tipos de evaluaciones. Se analizan, asimismo, diferentes modelos evaluativos, generando uno propio para este tipo de evaluaciones. La segunda parte consta de seis cap\u00edtulos, en ellos se recogen las investigaciones de campo con las correspondientes conclusiones. El cap\u00edtulo cuarto es una introducci\u00f3n en la que se analizan los grupos de relaci\u00f3n con la escuela y la evaluaci\u00f3n que realizan de los profesores. Tambi\u00e9n se exponen los objetivos, la metodolog\u00eda, y el modelo conceptual en el que nos basamos para realizar la investigaci\u00f3n. Los cap\u00edtulos quinto, sexto s\u00e9ptimo y octavo recogen las experiencias realizadas, siendo el noveno el correspondiente a las conclusiones del trabajo de campo. En la tercera parte se presenta, un programa de ayuda al profesorado, en el cap\u00edtulo d\u00e9cimo, con fichas incluidas, para iniciar un proceso de profesionalizaci\u00f3n, a trav\u00e9s de la evaluaci\u00f3n no formal. en el cap\u00edtulo und\u00e9cimo se recogen las conclusiones generales de la investigaci\u00f3n. La \u00faltima parte consta de anexos y bibliograf\u00eda. En la secci\u00f3n anexos se recogen documentos hist\u00f3ricos, as\u00ed como estad\u00edsticos, gr\u00e1ficos, etc.<\/p>\n<p>&nbsp;<\/p>\n<h3>Datos acad\u00e9micos de la tesis doctoral \u00ab<strong>Evaluacion no formal &#8211; profesionalizadora del profesorado.<\/strong>\u00ab<\/h3>\n<ul>\n<li><strong>T\u00edtulo de la tesis:<\/strong>\u00a0 Evaluacion no formal &#8211; profesionalizadora del profesorado. <\/li>\n<li><strong>Autor:<\/strong>\u00a0 Francisco De Pedro Sotelo <\/li>\n<li><strong>Universidad:<\/strong>\u00a0 Complutense de Madrid<\/li>\n<li><strong>Fecha de lectura de la tesis:<\/strong>\u00a0 01\/01\/1999<\/li>\n<\/ul>\n<p>&nbsp;<\/p>\n<h3>Direcci\u00f3n y tribunal<\/h3>\n<ul>\n<li><strong>Director de la tesis<\/strong>\n<ul>\n<li>Antonio Bautista Garcia Vera<\/li>\n<\/ul>\n<\/li>\n<li><strong>Tribunal<\/strong>\n<ul>\n<li>Presidente del tribunal: Juan  jos\u00e9 Salazar gonz\u00e1lez <\/li>\n<li>mario Martin bris (vocal)<\/li>\n<li>Andr\u00e9s Vazquez morcillo (vocal)<\/li>\n<li>eulogio Garcia vallinas (vocal)<\/li>\n<\/ul>\n<\/li>\n<\/ul>\n<p>&nbsp;<\/p>\n","protected":false},"excerpt":{"rendered":"<p>Tesis doctoral de Francisco De Pedro Sotelo La investigaci\u00f3n consta de cuatro partes. En la primera, formada por tres cap\u00edtulos, [&hellip;]<\/p>\n","protected":false},"author":1,"featured_media":0,"comment_status":"open","ping_status":"open","sticky":false,"template":"","format":"standard","meta":{"site-sidebar-layout":"default","site-content-layout":"","ast-site-content-layout":"","site-content-style":"default","site-sidebar-style":"default","ast-global-header-display":"","ast-banner-title-visibility":"","ast-main-header-display":"","ast-hfb-above-header-display":"","ast-hfb-below-header-display":"","ast-hfb-mobile-header-display":"","site-post-title":"","ast-breadcrumbs-content":"","ast-featured-img":"","footer-sml-layout":"","theme-transparent-header-meta":"","adv-header-id-meta":"","stick-header-meta":"","header-above-stick-meta":"","header-main-stick-meta":"","header-below-stick-meta":"","astra-migrate-meta-layouts":"default","ast-page-background-enabled":"default","ast-page-background-meta":{"desktop":{"background-color":"var(--ast-global-color-4)","background-image":"","background-repeat":"repeat","background-position":"center center","background-size":"auto","background-attachment":"scroll","background-type":"","background-media":"","overlay-type":"","overlay-color":"","overlay-gradient":""},"tablet":{"background-color":"","background-image":"","background-repeat":"repeat","background-position":"center center","background-size":"auto","background-attachment":"scroll","background-type":"","background-media":"","overlay-type":"","overlay-color":"","overlay-gradient":""},"mobile":{"background-color":"","background-image":"","background-repeat":"repeat","background-position":"center center","background-size":"auto","background-attachment":"scroll","background-type":"","background-media":"","overlay-type":"","overlay-color":"","overlay-gradient":""}},"ast-content-background-meta":{"desktop":{"background-color":"var(--ast-global-color-5)","background-image":"","background-repeat":"repeat","background-position":"center center","background-size":"auto","background-attachment":"scroll","background-type":"","background-media":"","overlay-type":"","overlay-color":"","overlay-gradient":""},"tablet":{"background-color":"var(--ast-global-color-5)","background-image":"","background-repeat":"repeat","background-position":"center center","background-size":"auto","background-attachment":"scroll","background-type":"","background-media":"","overlay-type":"","overlay-color":"","overlay-gradient":""},"mobile":{"background-color":"var(--ast-global-color-5)","background-image":"","background-repeat":"repeat","background-position":"center center","background-size":"auto","background-attachment":"scroll","background-type":"","background-media":"","overlay-type":"","overlay-color":"","overlay-gradient":""}},"footnotes":""},"categories":[1140,7611,1184,1141,1288],"tags":[74486,5521,23381,102077,5524,6621],"class_list":["post-39753","post","type-post","status-publish","format-standard","hentry","category-formacion-y-empleo-de-profesores","category-organizacion-y-direccion-de-las-instituciones-educativas","category-organizacion-y-planificacion-de-la-educacion","category-pedagogia","category-preparacion-de-profesores","tag-andres-vazquez-morcillo","tag-antonio-bautista-garcia-vera","tag-eulogio-garcia-vallinas","tag-francisco-de-pedro-sotelo","tag-juan-jose-salazar-gonzalez","tag-mario-martin-bris"],"_links":{"self":[{"href":"https:\/\/www.deberes.net\/tesis\/wp-json\/wp\/v2\/posts\/39753","targetHints":{"allow":["GET"]}}],"collection":[{"href":"https:\/\/www.deberes.net\/tesis\/wp-json\/wp\/v2\/posts"}],"about":[{"href":"https:\/\/www.deberes.net\/tesis\/wp-json\/wp\/v2\/types\/post"}],"author":[{"embeddable":true,"href":"https:\/\/www.deberes.net\/tesis\/wp-json\/wp\/v2\/users\/1"}],"replies":[{"embeddable":true,"href":"https:\/\/www.deberes.net\/tesis\/wp-json\/wp\/v2\/comments?post=39753"}],"version-history":[{"count":0,"href":"https:\/\/www.deberes.net\/tesis\/wp-json\/wp\/v2\/posts\/39753\/revisions"}],"wp:attachment":[{"href":"https:\/\/www.deberes.net\/tesis\/wp-json\/wp\/v2\/media?parent=39753"}],"wp:term":[{"taxonomy":"category","embeddable":true,"href":"https:\/\/www.deberes.net\/tesis\/wp-json\/wp\/v2\/categories?post=39753"},{"taxonomy":"post_tag","embeddable":true,"href":"https:\/\/www.deberes.net\/tesis\/wp-json\/wp\/v2\/tags?post=39753"}],"curies":[{"name":"wp","href":"https:\/\/api.w.org\/{rel}","templated":true}]}}