{"id":39754,"date":"1999-01-01T00:00:00","date_gmt":"1999-01-01T00:00:00","guid":{"rendered":"https:\/\/www.deberes.net\/tesis\/sin-categoria\/analisis-etnografico-de-los-usos-de-recursos-y-materiales-didacticos-en-educacion-primaria-estudio-de-los-casos-de-dos-centros\/"},"modified":"1999-01-01T00:00:00","modified_gmt":"1999-01-01T00:00:00","slug":"analisis-etnografico-de-los-usos-de-recursos-y-materiales-didacticos-en-educacion-primaria-estudio-de-los-casos-de-dos-centros","status":"publish","type":"post","link":"https:\/\/www.deberes.net\/tesis\/pedagogia\/analisis-etnografico-de-los-usos-de-recursos-y-materiales-didacticos-en-educacion-primaria-estudio-de-los-casos-de-dos-centros\/","title":{"rendered":"Analisis etnografico de los usos de recursos y materiales didacticos en educacion primaria. estudio de los casos de dos centros."},"content":{"rendered":"<h2>Tesis doctoral de <strong> Joaquin A. Paredes Labra <\/strong><\/h2>\n<p>En esta investigaci\u00f3n se exploran las posibilidades y usos de los recursos y materiales did\u00e1cticos en educaci\u00f3n primaria en el marco del estudio sobre pensamiento del profesor. En este sentido, se aborda una comprensi\u00f3n profunda de la forma en que trabajan los maestros para entender una parte de su quehacer.  se pretende analizar e interpretar: a) si el uso de los recursos y materiales did\u00e1cticos forma parte de un saber hacer de los maestros; b) la participaci\u00f3n de los materiales en los procesos de planificaci\u00f3n de la ense\u00f1anza y la fase interactiva de desarrollo curricular donde los incluyen los maestros; y c) las interrelaciones entre ambas cuestiones, en los \u00e1mbitos del centro, el ciclo y el aula. Asimismo, con esta investigaci\u00f3n se pueden documentar tipos de usos para los matariales y condicionantes que el contexto institucional y cultural introducen en estos usos.  se trata de un estudio etnogr\u00e1fico, en el \u00e1mbito metodol\u00f3gico cualitativo, en el que se practican las t\u00e9cnicas de estudio de caso y vaciado documental. Hay 10 casos de maestros de educaci\u00f3n primaria con m\u00e1s de 10 a\u00f1os de experiencia docente y el investigador recoge informaci\u00f3n mediante las t\u00e9cnicas de observaci\u00f3n (principalmente con notas de campos), diarios y entrevistas. Tambi\u00e9n se hace un vaciado de documentaci\u00f3n de los dos centros de la provincia de Madrid en los que trabajan los maestros de los casos.  las principales conclusiones hacen referencia a que: 1. Los maestros de educaci\u00f3n primaria reflexionan sobre el uso que hacen de los materiales cuando, en el curso de los procesos de ense\u00f1anza -aprendizaje que emprenden, tienen conflictos con sus concepciones pedag\u00f3gicas y creencias, o bien cuando ya est\u00e1n reflexionando sobre estas concepciones; 2. Los procesos de desarrollo curricular contribuyen a mejorar los criterios de selecci\u00f3n y el \u00e1mbito del uso de los recursos y materiales did\u00e1cticos s\u00f3lo cuando los practican maestros en p<\/p>\n<p>&nbsp;<\/p>\n<h3>Datos acad\u00e9micos de la tesis doctoral \u00ab<strong>Analisis etnografico de los usos de recursos y materiales didacticos en educacion primaria. estudio de los casos de dos centros.<\/strong>\u00ab<\/h3>\n<ul>\n<li><strong>T\u00edtulo de la tesis:<\/strong>\u00a0 Analisis etnografico de los usos de recursos y materiales didacticos en educacion primaria. estudio de los casos de dos centros. <\/li>\n<li><strong>Autor:<\/strong>\u00a0 Joaquin A. Paredes Labra <\/li>\n<li><strong>Universidad:<\/strong>\u00a0 Complutense de Madrid<\/li>\n<li><strong>Fecha de lectura de la tesis:<\/strong>\u00a0 01\/01\/1999<\/li>\n<\/ul>\n<p>&nbsp;<\/p>\n<h3>Direcci\u00f3n y tribunal<\/h3>\n<ul>\n<li><strong>Director de la tesis<\/strong>\n<ul>\n<li>Carmen Alba Pastor<\/li>\n<\/ul>\n<\/li>\n<li><strong>Tribunal<\/strong>\n<ul>\n<li>Presidente del tribunal: Antonio Bautista garcia vera <\/li>\n<li>nieves Blanco Garc\u00eda (vocal)<\/li>\n<li>evaristo Nafria lopez (vocal)<\/li>\n<li>julio Cabero almenara (vocal)<\/li>\n<\/ul>\n<\/li>\n<\/ul>\n<p>&nbsp;<\/p>\n","protected":false},"excerpt":{"rendered":"<p>Tesis doctoral de Joaquin A. Paredes Labra En esta investigaci\u00f3n se exploran las posibilidades y usos de los recursos y [&hellip;]<\/p>\n","protected":false},"author":1,"featured_media":0,"comment_status":"open","ping_status":"open","sticky":false,"template":"","format":"standard","meta":{"site-sidebar-layout":"default","site-content-layout":"","ast-site-content-layout":"","site-content-style":"default","site-sidebar-style":"default","ast-global-header-display":"","ast-banner-title-visibility":"","ast-main-header-display":"","ast-hfb-above-header-display":"","ast-hfb-below-header-display":"","ast-hfb-mobile-header-display":"","site-post-title":"","ast-breadcrumbs-content":"","ast-featured-img":"","footer-sml-layout":"","theme-transparent-header-meta":"","adv-header-id-meta":"","stick-header-meta":"","header-above-stick-meta":"","header-main-stick-meta":"","header-below-stick-meta":"","astra-migrate-meta-layouts":"default","ast-page-background-enabled":"default","ast-page-background-meta":{"desktop":{"background-color":"var(--ast-global-color-4)","background-image":"","background-repeat":"repeat","background-position":"center center","background-size":"auto","background-attachment":"scroll","background-type":"","background-media":"","overlay-type":"","overlay-color":"","overlay-gradient":""},"tablet":{"background-color":"","background-image":"","background-repeat":"repeat","background-position":"center center","background-size":"auto","background-attachment":"scroll","background-type":"","background-media":"","overlay-type":"","overlay-color":"","overlay-gradient":""},"mobile":{"background-color":"","background-image":"","background-repeat":"repeat","background-position":"center center","background-size":"auto","background-attachment":"scroll","background-type":"","background-media":"","overlay-type":"","overlay-color":"","overlay-gradient":""}},"ast-content-background-meta":{"desktop":{"background-color":"var(--ast-global-color-5)","background-image":"","background-repeat":"repeat","background-position":"center center","background-size":"auto","background-attachment":"scroll","background-type":"","background-media":"","overlay-type":"","overlay-color":"","overlay-gradient":""},"tablet":{"background-color":"var(--ast-global-color-5)","background-image":"","background-repeat":"repeat","background-position":"center center","background-size":"auto","background-attachment":"scroll","background-type":"","background-media":"","overlay-type":"","overlay-color":"","overlay-gradient":""},"mobile":{"background-color":"var(--ast-global-color-5)","background-image":"","background-repeat":"repeat","background-position":"center center","background-size":"auto","background-attachment":"scroll","background-type":"","background-media":"","overlay-type":"","overlay-color":"","overlay-gradient":""}},"footnotes":""},"categories":[2623,2233,1184,1141,1341],"tags":[5521,37353,50881,60428,38206,22814],"class_list":["post-39754","post","type-post","status-publish","format-standard","hentry","category-educacion-basica","category-metodos-pedagogicos","category-organizacion-y-planificacion-de-la-educacion","category-pedagogia","category-teoria-y-metodos-educativos","tag-antonio-bautista-garcia-vera","tag-carmen-alba-pastor","tag-evaristo-nafria-lopez","tag-joaquin-a-paredes-labra","tag-julio-cabero-almenara","tag-nieves-blanco-garcia"],"_links":{"self":[{"href":"https:\/\/www.deberes.net\/tesis\/wp-json\/wp\/v2\/posts\/39754","targetHints":{"allow":["GET"]}}],"collection":[{"href":"https:\/\/www.deberes.net\/tesis\/wp-json\/wp\/v2\/posts"}],"about":[{"href":"https:\/\/www.deberes.net\/tesis\/wp-json\/wp\/v2\/types\/post"}],"author":[{"embeddable":true,"href":"https:\/\/www.deberes.net\/tesis\/wp-json\/wp\/v2\/users\/1"}],"replies":[{"embeddable":true,"href":"https:\/\/www.deberes.net\/tesis\/wp-json\/wp\/v2\/comments?post=39754"}],"version-history":[{"count":0,"href":"https:\/\/www.deberes.net\/tesis\/wp-json\/wp\/v2\/posts\/39754\/revisions"}],"wp:attachment":[{"href":"https:\/\/www.deberes.net\/tesis\/wp-json\/wp\/v2\/media?parent=39754"}],"wp:term":[{"taxonomy":"category","embeddable":true,"href":"https:\/\/www.deberes.net\/tesis\/wp-json\/wp\/v2\/categories?post=39754"},{"taxonomy":"post_tag","embeddable":true,"href":"https:\/\/www.deberes.net\/tesis\/wp-json\/wp\/v2\/tags?post=39754"}],"curies":[{"name":"wp","href":"https:\/\/api.w.org\/{rel}","templated":true}]}}