{"id":39755,"date":"1999-01-01T00:00:00","date_gmt":"1999-01-01T00:00:00","guid":{"rendered":"https:\/\/www.deberes.net\/tesis\/sin-categoria\/estudio-de-la-integracion-de-los-medios-informaticos-en-los-curriculos-de-educacion-infantil-y-primaria-sus-implicaciones-en-la-practica-educativa\/"},"modified":"1999-01-01T00:00:00","modified_gmt":"1999-01-01T00:00:00","slug":"estudio-de-la-integracion-de-los-medios-informaticos-en-los-curriculos-de-educacion-infantil-y-primaria-sus-implicaciones-en-la-practica-educativa","status":"publish","type":"post","link":"https:\/\/www.deberes.net\/tesis\/matematicas\/estudio-de-la-integracion-de-los-medios-informaticos-en-los-curriculos-de-educacion-infantil-y-primaria-sus-implicaciones-en-la-practica-educativa\/","title":{"rendered":"Estudio de la integracion de los medios informaticos en los curriculos de educacion infantil y primaria: sus implicaciones en la practica educativa."},"content":{"rendered":"<h2>Tesis doctoral de <strong> Esteban Martinez Lobato <\/strong><\/h2>\n<p>El prop\u00f3sito principal de esta tesis es investigar la integraci\u00f3n de los medios inform\u00e1ticos en el curr\u00edculo de la educaci\u00f3n infantil y primaria. Se trata de estudiar, comparar e interrelacionar c\u00f3mo son integrados los medios inform\u00e1ticos en los distintos centros de nuestro estudio; los modelos y estrategias organizativas que han adoptado para ello; el tratamiento que se hace de los mismos en los distintos niveles de concreci\u00f3n curricular (curr\u00edculo oficial, proyectos curriculares de los centros, programaciones de aula de los profesores), tanto a nivel te\u00f3rico de planificaci\u00f3n como a nivel de su puesta en pr\u00e1ctica en las aulas (curr\u00edculo en acci\u00f3n); los condicionantes que dicha integraci\u00f3n encuentra en los centros (formaci\u00f3n y apoyo, disponibilidad de hardware y softeware); y las implicaciones que dicha integraci\u00f3n tiene sobre la pr\u00e1ctica educativa (usos y funciones de estos medios en la realizaci\u00f3n de las tareas escolares, incidencia en el clima de la clase y en la atenci\u00f3n a la diversidad e igualdad de oportunidades).  con este estudio hemos querido generar un conocimiento de tipo idiogr\u00e1fico, en t\u00e9rminos de criterios orientativos para determinar el valos o la bondad del material inform\u00e1tico y de sus condiciones sobre su posible utilizaci\u00f3n e integraci\u00f3n did\u00e1ctica, que puediera ser incorporado al \u00e1mbito del conocimiento curricular, sujeto a grupos y contextos concretos y no como leyes con car\u00e1cter general. Es, m\u00e1s bien, hacer un an\u00e1lisis y reflexi\u00f3n sobre los procesos que se est\u00e1n desarrollando en la pr\u00e1ctica de los centros y en la formaci\u00f3n del profesorado y, con el conocimiento generado, intentar mejorarlos haciendo las modificaciones pertinentes.  al hacer la fundamentaci\u00f3n epistemol\u00f3gica y metodol\u00f3gica del estudio se ha optado m\u00e1s por los postulados de la racionalidad interpretativa y los de la racionalidad cr\u00edtica en el terreno epistemol\u00f3gico que por las t\u00e9cnicas, as\u00ed como por lo<\/p>\n<p>&nbsp;<\/p>\n<h3>Datos acad\u00e9micos de la tesis doctoral \u00ab<strong>Estudio de la integracion de los medios informaticos en los curriculos de educacion infantil y primaria: sus implicaciones en la practica educativa.<\/strong>\u00ab<\/h3>\n<ul>\n<li><strong>T\u00edtulo de la tesis:<\/strong>\u00a0 Estudio de la integracion de los medios informaticos en los curriculos de educacion infantil y primaria: sus implicaciones en la practica educativa. <\/li>\n<li><strong>Autor:<\/strong>\u00a0 Esteban Martinez Lobato <\/li>\n<li><strong>Universidad:<\/strong>\u00a0 Complutense de Madrid<\/li>\n<li><strong>Fecha de lectura de la tesis:<\/strong>\u00a0 01\/01\/1999<\/li>\n<\/ul>\n<p>&nbsp;<\/p>\n<h3>Direcci\u00f3n y tribunal<\/h3>\n<ul>\n<li><strong>Director de la tesis<\/strong>\n<ul>\n<li>Antonio Bautista Garcia Vera<\/li>\n<\/ul>\n<\/li>\n<li><strong>Tribunal<\/strong>\n<ul>\n<li>Presidente del tribunal: carmen Alba pastor <\/li>\n<li>mario Martin bris (vocal)<\/li>\n<li>eulogio Garcia vallinas (vocal)<\/li>\n<li>evaristo Nafria lopez (vocal)<\/li>\n<\/ul>\n<\/li>\n<\/ul>\n<p>&nbsp;<\/p>\n","protected":false},"excerpt":{"rendered":"<p>Tesis doctoral de Esteban Martinez Lobato El prop\u00f3sito principal de esta tesis es investigar la integraci\u00f3n de los medios inform\u00e1ticos [&hellip;]<\/p>\n","protected":false},"author":1,"featured_media":0,"comment_status":"open","ping_status":"open","sticky":false,"template":"","format":"standard","meta":{"site-sidebar-layout":"default","site-content-layout":"","ast-site-content-layout":"","site-content-style":"default","site-sidebar-style":"default","ast-global-header-display":"","ast-banner-title-visibility":"","ast-main-header-display":"","ast-hfb-above-header-display":"","ast-hfb-below-header-display":"","ast-hfb-mobile-header-display":"","site-post-title":"","ast-breadcrumbs-content":"","ast-featured-img":"","footer-sml-layout":"","theme-transparent-header-meta":"","adv-header-id-meta":"","stick-header-meta":"","header-above-stick-meta":"","header-main-stick-meta":"","header-below-stick-meta":"","astra-migrate-meta-layouts":"default","ast-page-background-enabled":"default","ast-page-background-meta":{"desktop":{"background-color":"var(--ast-global-color-4)","background-image":"","background-repeat":"repeat","background-position":"center center","background-size":"auto","background-attachment":"scroll","background-type":"","background-media":"","overlay-type":"","overlay-color":"","overlay-gradient":""},"tablet":{"background-color":"","background-image":"","background-repeat":"repeat","background-position":"center center","background-size":"auto","background-attachment":"scroll","background-type":"","background-media":"","overlay-type":"","overlay-color":"","overlay-gradient":""},"mobile":{"background-color":"","background-image":"","background-repeat":"repeat","background-position":"center center","background-size":"auto","background-attachment":"scroll","background-type":"","background-media":"","overlay-type":"","overlay-color":"","overlay-gradient":""}},"ast-content-background-meta":{"desktop":{"background-color":"var(--ast-global-color-5)","background-image":"","background-repeat":"repeat","background-position":"center center","background-size":"auto","background-attachment":"scroll","background-type":"","background-media":"","overlay-type":"","overlay-color":"","overlay-gradient":""},"tablet":{"background-color":"var(--ast-global-color-5)","background-image":"","background-repeat":"repeat","background-position":"center center","background-size":"auto","background-attachment":"scroll","background-type":"","background-media":"","overlay-type":"","overlay-color":"","overlay-gradient":""},"mobile":{"background-color":"var(--ast-global-color-5)","background-image":"","background-repeat":"repeat","background-position":"center center","background-size":"auto","background-attachment":"scroll","background-type":"","background-media":"","overlay-type":"","overlay-color":"","overlay-gradient":""}},"footnotes":""},"categories":[1890,1892,3557,126,1141,1341],"tags":[5521,37353,102078,23381,50881,6621],"class_list":["post-39755","post","type-post","status-publish","format-standard","hentry","category-ciencia-de-los-ordenadores","category-ensenanza-con-ayuda-de-ordenador","category-ensenanza-programada","category-matematicas","category-pedagogia","category-teoria-y-metodos-educativos","tag-antonio-bautista-garcia-vera","tag-carmen-alba-pastor","tag-esteban-Martinez-lobato","tag-eulogio-garcia-vallinas","tag-evaristo-nafria-lopez","tag-mario-martin-bris"],"_links":{"self":[{"href":"https:\/\/www.deberes.net\/tesis\/wp-json\/wp\/v2\/posts\/39755","targetHints":{"allow":["GET"]}}],"collection":[{"href":"https:\/\/www.deberes.net\/tesis\/wp-json\/wp\/v2\/posts"}],"about":[{"href":"https:\/\/www.deberes.net\/tesis\/wp-json\/wp\/v2\/types\/post"}],"author":[{"embeddable":true,"href":"https:\/\/www.deberes.net\/tesis\/wp-json\/wp\/v2\/users\/1"}],"replies":[{"embeddable":true,"href":"https:\/\/www.deberes.net\/tesis\/wp-json\/wp\/v2\/comments?post=39755"}],"version-history":[{"count":0,"href":"https:\/\/www.deberes.net\/tesis\/wp-json\/wp\/v2\/posts\/39755\/revisions"}],"wp:attachment":[{"href":"https:\/\/www.deberes.net\/tesis\/wp-json\/wp\/v2\/media?parent=39755"}],"wp:term":[{"taxonomy":"category","embeddable":true,"href":"https:\/\/www.deberes.net\/tesis\/wp-json\/wp\/v2\/categories?post=39755"},{"taxonomy":"post_tag","embeddable":true,"href":"https:\/\/www.deberes.net\/tesis\/wp-json\/wp\/v2\/tags?post=39755"}],"curies":[{"name":"wp","href":"https:\/\/api.w.org\/{rel}","templated":true}]}}