{"id":39797,"date":"1999-01-01T00:00:00","date_gmt":"1999-01-01T00:00:00","guid":{"rendered":"https:\/\/www.deberes.net\/tesis\/sin-categoria\/revision-taxonomica-de-cuscuta-l-subgen-cuscuta\/"},"modified":"1999-01-01T00:00:00","modified_gmt":"1999-01-01T00:00:00","slug":"revision-taxonomica-de-cuscuta-l-subgen-cuscuta","status":"publish","type":"post","link":"https:\/\/www.deberes.net\/tesis\/ciencias-de-la-vida\/revision-taxonomica-de-cuscuta-l-subgen-cuscuta\/","title":{"rendered":"Revision taxonomica de cuscuta l. subgen. cuscuta."},"content":{"rendered":"<h2>Tesis doctoral de <strong>  Garcia Garcia Miguel Angel <\/strong><\/h2>\n<p>Se realiza una revisi\u00f3n taxon\u00f3mica de cuscuta subgen. Cuscuta en el mundo, para la que se admiten 25 especies y 2 subespecies en dos secciones: sect. Cuscuta, con 20 especies y 2 subespecies, y la sect. Pachystigma engelm. con 5 especies. Dos de las especies de la primera secci\u00f3n, c. Castroviejoi m.A. Garc\u00eda y c. Rausii m.A. Garc\u00eda son nuevas para la ciencia. Se han estudiado m\u00e1s de 5500 pliegos de herbario y m\u00e1s de 500 poblaciones en su h\u00e1bitat natural, inclu\u00eddos gran parte del material tipo tanto de nombres admitidos como de sin\u00f3nimos. Junto con los sin\u00f3nimos y descripci\u00f3n de cada uno de los t\u00e1xones se aporta una l\u00e1mina y un mapa de distribuci\u00f3n basado en material revisado.  se ha realizado un estudio cr\u00edtico de los caracteres morfol\u00f3gicos y en especial aquellos que se han empleado en anteriores clasificaciones seccionales.  se ha comprobado la presencia de cromosomas holoc\u00e9ntricos en todas las especies estudiadas del subg\u00e9nero que de confirmarse con el resto de las especies supondr\u00eda la existencia de una clara sinapomorf\u00eda que dar\u00eda consistencia a la consideraci\u00f3n de que se trata de un grupo natural f\u00e1cilmente distinguible por la morfolog\u00eda de estilos y estigmas de los subg\u00e9neros grammica (lour.) Yunck. y monogynella (des moul.) Yunck., Con cromosomas monoc\u00e9ntricos.<\/p>\n<p>&nbsp;<\/p>\n<h3>Datos acad\u00e9micos de la tesis doctoral \u00ab<strong>Revision taxonomica de cuscuta l. subgen. cuscuta.<\/strong>\u00ab<\/h3>\n<ul>\n<li><strong>T\u00edtulo de la tesis:<\/strong>\u00a0 Revision taxonomica de cuscuta l. subgen. cuscuta. <\/li>\n<li><strong>Autor:<\/strong>\u00a0  Garcia Garcia Miguel Angel <\/li>\n<li><strong>Universidad:<\/strong>\u00a0 Complutense de Madrid<\/li>\n<li><strong>Fecha de lectura de la tesis:<\/strong>\u00a0 01\/01\/1999<\/li>\n<\/ul>\n<p>&nbsp;<\/p>\n<h3>Direcci\u00f3n y tribunal<\/h3>\n<ul>\n<li><strong>Director de la tesis<\/strong>\n<ul>\n<li>Santiago Castroviejo Bolivar<\/li>\n<\/ul>\n<\/li>\n<li><strong>Tribunal<\/strong>\n<ul>\n<li>Presidente del tribunal: carmen Prada moral <\/li>\n<li>enrique Rico hernandez (vocal)<\/li>\n<li>pedro Montserrat recoder (vocal)<\/li>\n<li>salvador Talavera lozano (vocal)<\/li>\n<\/ul>\n<\/li>\n<\/ul>\n<p>&nbsp;<\/p>\n","protected":false},"excerpt":{"rendered":"<p>Tesis doctoral de Garcia Garcia Miguel Angel Se realiza una revisi\u00f3n taxon\u00f3mica de cuscuta subgen. Cuscuta en el mundo, para [&hellip;]<\/p>\n","protected":false},"author":1,"featured_media":0,"comment_status":"open","ping_status":"open","sticky":false,"template":"","format":"standard","meta":{"site-sidebar-layout":"default","site-content-layout":"","ast-site-content-layout":"","site-content-style":"default","site-sidebar-style":"default","ast-global-header-display":"","ast-banner-title-visibility":"","ast-main-header-display":"","ast-hfb-above-header-display":"","ast-hfb-below-header-display":"","ast-hfb-mobile-header-display":"","site-post-title":"","ast-breadcrumbs-content":"","ast-featured-img":"","footer-sml-layout":"","theme-transparent-header-meta":"","adv-header-id-meta":"","stick-header-meta":"","header-above-stick-meta":"","header-main-stick-meta":"","header-below-stick-meta":"","astra-migrate-meta-layouts":"default","ast-page-background-enabled":"default","ast-page-background-meta":{"desktop":{"background-color":"var(--ast-global-color-4)","background-image":"","background-repeat":"repeat","background-position":"center center","background-size":"auto","background-attachment":"scroll","background-type":"","background-media":"","overlay-type":"","overlay-color":"","overlay-gradient":""},"tablet":{"background-color":"","background-image":"","background-repeat":"repeat","background-position":"center center","background-size":"auto","background-attachment":"scroll","background-type":"","background-media":"","overlay-type":"","overlay-color":"","overlay-gradient":""},"mobile":{"background-color":"","background-image":"","background-repeat":"repeat","background-position":"center center","background-size":"auto","background-attachment":"scroll","background-type":"","background-media":"","overlay-type":"","overlay-color":"","overlay-gradient":""}},"ast-content-background-meta":{"desktop":{"background-color":"var(--ast-global-color-5)","background-image":"","background-repeat":"repeat","background-position":"center center","background-size":"auto","background-attachment":"scroll","background-type":"","background-media":"","overlay-type":"","overlay-color":"","overlay-gradient":""},"tablet":{"background-color":"var(--ast-global-color-5)","background-image":"","background-repeat":"repeat","background-position":"center center","background-size":"auto","background-attachment":"scroll","background-type":"","background-media":"","overlay-type":"","overlay-color":"","overlay-gradient":""},"mobile":{"background-color":"var(--ast-global-color-5)","background-image":"","background-repeat":"repeat","background-position":"center center","background-size":"auto","background-attachment":"scroll","background-type":"","background-media":"","overlay-type":"","overlay-color":"","overlay-gradient":""}},"footnotes":""},"categories":[972,35,5240],"tags":[5243,5246,85059,17846,9527,5242],"class_list":["post-39797","post","type-post","status-publish","format-standard","hentry","category-botanica","category-ciencias-de-la-vida","category-taxonomia-vegetal","tag-carmen-prada-moral","tag-enrique-rico-hernandez","tag-garcia-garcia-miguel-angel","tag-pedro-montserrat-recoder","tag-salvador-talavera-lozano","tag-santiago-castroviejo-bolivar"],"_links":{"self":[{"href":"https:\/\/www.deberes.net\/tesis\/wp-json\/wp\/v2\/posts\/39797","targetHints":{"allow":["GET"]}}],"collection":[{"href":"https:\/\/www.deberes.net\/tesis\/wp-json\/wp\/v2\/posts"}],"about":[{"href":"https:\/\/www.deberes.net\/tesis\/wp-json\/wp\/v2\/types\/post"}],"author":[{"embeddable":true,"href":"https:\/\/www.deberes.net\/tesis\/wp-json\/wp\/v2\/users\/1"}],"replies":[{"embeddable":true,"href":"https:\/\/www.deberes.net\/tesis\/wp-json\/wp\/v2\/comments?post=39797"}],"version-history":[{"count":0,"href":"https:\/\/www.deberes.net\/tesis\/wp-json\/wp\/v2\/posts\/39797\/revisions"}],"wp:attachment":[{"href":"https:\/\/www.deberes.net\/tesis\/wp-json\/wp\/v2\/media?parent=39797"}],"wp:term":[{"taxonomy":"category","embeddable":true,"href":"https:\/\/www.deberes.net\/tesis\/wp-json\/wp\/v2\/categories?post=39797"},{"taxonomy":"post_tag","embeddable":true,"href":"https:\/\/www.deberes.net\/tesis\/wp-json\/wp\/v2\/tags?post=39797"}],"curies":[{"name":"wp","href":"https:\/\/api.w.org\/{rel}","templated":true}]}}