{"id":39883,"date":"1999-01-01T00:00:00","date_gmt":"1999-01-01T00:00:00","guid":{"rendered":"https:\/\/www.deberes.net\/tesis\/sin-categoria\/percepcion-de-riesgos-radiologicos-en-expertos-y-publico\/"},"modified":"1999-01-01T00:00:00","modified_gmt":"1999-01-01T00:00:00","slug":"percepcion-de-riesgos-radiologicos-en-expertos-y-publico","status":"publish","type":"post","link":"https:\/\/www.deberes.net\/tesis\/ciencias-medicas\/percepcion-de-riesgos-radiologicos-en-expertos-y-publico\/","title":{"rendered":"Percepcion de riesgos radiologicos en expertos y publico."},"content":{"rendered":"<h2>Tesis doctoral de <strong> Rosario Sola Farre <\/strong><\/h2>\n<p>El objetivo de la tesis doctoral es analizar la percepci\u00f3n del riesgo radiol\u00f3gico por parte del publico y de los expertos, resaltando las analogias y las diferencias, en el marco del paradigma psic\u00f3metrico.  las contribuciones novedosas m\u00e1s importantes se centran en:  * la estructura de la percepci\u00f3n del riesgo que, en la muestra del publico se confirma de nuevo los dos factores del parad\u00edgma psicom\u00e9trico, tanto en la muestra de publico como en la de tecnicos. Se confirma que la estructura dimensional de la percepci\u00f3n del riesgo es independiente de la escala de juicio y de las tecnicas de reducci\u00f3n de la dimensionalidad utilizadas en el an\u00e1lisis.  en an\u00e1lisis de la confianza en las instituciones apunta a ser una variable clave en temas relacionadas con la comunicaci\u00f3n. La percepci\u00f3n de las instituciones se define en base a dos dimensiones, la credibilidad sobre la que fundamentan su confianza el publico y los tecnicos no espicialistas en el tema, expertos nucleares, y el grado de conocimiento dimensi\u00f3n sobre la cual fundamentan su confianza los expertos nucleares.<\/p>\n<p>&nbsp;<\/p>\n<h3>Datos acad\u00e9micos de la tesis doctoral \u00ab<strong>Percepcion de riesgos radiologicos en expertos y publico.<\/strong>\u00ab<\/h3>\n<ul>\n<li><strong>T\u00edtulo de la tesis:<\/strong>\u00a0 Percepcion de riesgos radiologicos en expertos y publico. <\/li>\n<li><strong>Autor:<\/strong>\u00a0 Rosario Sola Farre <\/li>\n<li><strong>Universidad:<\/strong>\u00a0 Complutense de Madrid<\/li>\n<li><strong>Fecha de lectura de la tesis:<\/strong>\u00a0 01\/01\/1999<\/li>\n<\/ul>\n<p>&nbsp;<\/p>\n<h3>Direcci\u00f3n y tribunal<\/h3>\n<ul>\n<li><strong>Director de la tesis<\/strong>\n<ul>\n<li>Rosario Martinez Arias<\/li>\n<\/ul>\n<\/li>\n<li><strong>Tribunal<\/strong>\n<ul>\n<li>Presidente del tribunal: florencio Jim\u00e9nez burillo <\/li>\n<li>Ana Calles donate (vocal)<\/li>\n<li>Emilio Mu\u00f1oz ruiz (vocal)<\/li>\n<li>Manuel Montes ponce de le\u00f3n (vocal)<\/li>\n<\/ul>\n<\/li>\n<\/ul>\n<p>&nbsp;<\/p>\n","protected":false},"excerpt":{"rendered":"<p>Tesis doctoral de Rosario Sola Farre El objetivo de la tesis doctoral es analizar la percepci\u00f3n del riesgo radiol\u00f3gico por [&hellip;]<\/p>\n","protected":false},"author":1,"featured_media":0,"comment_status":"open","ping_status":"open","sticky":false,"template":"","format":"standard","meta":{"site-sidebar-layout":"default","site-content-layout":"","ast-site-content-layout":"","site-content-style":"default","site-sidebar-style":"default","ast-global-header-display":"","ast-banner-title-visibility":"","ast-main-header-display":"","ast-hfb-above-header-display":"","ast-hfb-below-header-display":"","ast-hfb-mobile-header-display":"","site-post-title":"","ast-breadcrumbs-content":"","ast-featured-img":"","footer-sml-layout":"","theme-transparent-header-meta":"","adv-header-id-meta":"","stick-header-meta":"","header-above-stick-meta":"","header-main-stick-meta":"","header-below-stick-meta":"","astra-migrate-meta-layouts":"default","ast-page-background-enabled":"default","ast-page-background-meta":{"desktop":{"background-color":"var(--ast-global-color-4)","background-image":"","background-repeat":"repeat","background-position":"center center","background-size":"auto","background-attachment":"scroll","background-type":"","background-media":"","overlay-type":"","overlay-color":"","overlay-gradient":""},"tablet":{"background-color":"","background-image":"","background-repeat":"repeat","background-position":"center center","background-size":"auto","background-attachment":"scroll","background-type":"","background-media":"","overlay-type":"","overlay-color":"","overlay-gradient":""},"mobile":{"background-color":"","background-image":"","background-repeat":"repeat","background-position":"center center","background-size":"auto","background-attachment":"scroll","background-type":"","background-media":"","overlay-type":"","overlay-color":"","overlay-gradient":""}},"ast-content-background-meta":{"desktop":{"background-color":"var(--ast-global-color-5)","background-image":"","background-repeat":"repeat","background-position":"center center","background-size":"auto","background-attachment":"scroll","background-type":"","background-media":"","overlay-type":"","overlay-color":"","overlay-gradient":""},"tablet":{"background-color":"var(--ast-global-color-5)","background-image":"","background-repeat":"repeat","background-position":"center center","background-size":"auto","background-attachment":"scroll","background-type":"","background-media":"","overlay-type":"","overlay-color":"","overlay-gradient":""},"mobile":{"background-color":"var(--ast-global-color-5)","background-image":"","background-repeat":"repeat","background-position":"center center","background-size":"auto","background-attachment":"scroll","background-type":"","background-media":"","overlay-type":"","overlay-color":"","overlay-gradient":""}},"footnotes":""},"categories":[155,9,12013,324,7126,2046],"tags":[26064,14334,6709,6205,5937,52506],"class_list":["post-39883","post","type-post","status-publish","format-standard","hentry","category-ciencias-clinicas","category-ciencias-medicas","category-prevencion-de-accidentes","category-psicologia","category-psicologia-industrial","category-radiologia","tag-ana-calles-donate","tag-emilio-munoz-ruiz","tag-florencio-jimenez-burillo","tag-manuel-montes-ponce-de-leon","tag-rosario-Martinez-arias","tag-rosario-sola-farre"],"_links":{"self":[{"href":"https:\/\/www.deberes.net\/tesis\/wp-json\/wp\/v2\/posts\/39883","targetHints":{"allow":["GET"]}}],"collection":[{"href":"https:\/\/www.deberes.net\/tesis\/wp-json\/wp\/v2\/posts"}],"about":[{"href":"https:\/\/www.deberes.net\/tesis\/wp-json\/wp\/v2\/types\/post"}],"author":[{"embeddable":true,"href":"https:\/\/www.deberes.net\/tesis\/wp-json\/wp\/v2\/users\/1"}],"replies":[{"embeddable":true,"href":"https:\/\/www.deberes.net\/tesis\/wp-json\/wp\/v2\/comments?post=39883"}],"version-history":[{"count":0,"href":"https:\/\/www.deberes.net\/tesis\/wp-json\/wp\/v2\/posts\/39883\/revisions"}],"wp:attachment":[{"href":"https:\/\/www.deberes.net\/tesis\/wp-json\/wp\/v2\/media?parent=39883"}],"wp:term":[{"taxonomy":"category","embeddable":true,"href":"https:\/\/www.deberes.net\/tesis\/wp-json\/wp\/v2\/categories?post=39883"},{"taxonomy":"post_tag","embeddable":true,"href":"https:\/\/www.deberes.net\/tesis\/wp-json\/wp\/v2\/tags?post=39883"}],"curies":[{"name":"wp","href":"https:\/\/api.w.org\/{rel}","templated":true}]}}