{"id":39885,"date":"1999-01-01T00:00:00","date_gmt":"1999-01-01T00:00:00","guid":{"rendered":"https:\/\/www.deberes.net\/tesis\/sin-categoria\/la-rehabilitacion-del-agramatismo-en-pacientes-afasicos-el-metodo-helpss\/"},"modified":"1999-01-01T00:00:00","modified_gmt":"1999-01-01T00:00:00","slug":"la-rehabilitacion-del-agramatismo-en-pacientes-afasicos-el-metodo-helpss","status":"publish","type":"post","link":"https:\/\/www.deberes.net\/tesis\/psicologia\/la-rehabilitacion-del-agramatismo-en-pacientes-afasicos-el-metodo-helpss\/","title":{"rendered":"La rehabilitacion del agramatismo en pacientes afasicos: el metodo helpss."},"content":{"rendered":"<h2>Tesis doctoral de <strong> Nuria Trugeda Pedrajo <\/strong><\/h2>\n<p>Este trabajo se inicia con una introducci\u00f3n en la que se estudian las diferentes concepciones que sobre la adquisici\u00f3n y desarrollo del lenguaje existen. Tambi\u00e9n se tratan los trastornos del lenguaje, te\u00f3rica y pr\u00e1cticamente y, en concreto, de las afasias, tema central de la investigaci\u00f3n. Una vez introducidos en este campo, hablamos de sus antecedentes hist\u00f3ricos, su definici\u00f3n y sus diversas clasificaciones, centr\u00e1ndonos en una de ellas y procediendo a una exposici\u00f3n m\u00e1s amplia.  posteriormente, se exponen los diferentes tratamientos llevados a cabo para este tipo de trastornos, las variables que influyen en su pron\u00f3stico y el impacto de la afasia en el paciente y su familia, sin olvidarnos de algo tan importante como es la integraci\u00f3n laboral.  para finalizar, se realiza la adaptaci\u00f3n a las peculiaridades de la lengua castellana de un m\u00e9todo de rehabilitaci\u00f3n del trastorno af\u00e1sico denominado agramatismo, eje central de esta tesis.<\/p>\n<p>&nbsp;<\/p>\n<h3>Datos acad\u00e9micos de la tesis doctoral \u00ab<strong>La rehabilitacion del agramatismo en pacientes afasicos: el metodo helpss.<\/strong>\u00ab<\/h3>\n<ul>\n<li><strong>T\u00edtulo de la tesis:<\/strong>\u00a0 La rehabilitacion del agramatismo en pacientes afasicos: el metodo helpss. <\/li>\n<li><strong>Autor:<\/strong>\u00a0 Nuria Trugeda Pedrajo <\/li>\n<li><strong>Universidad:<\/strong>\u00a0 Complutense de Madrid<\/li>\n<li><strong>Fecha de lectura de la tesis:<\/strong>\u00a0 01\/01\/1999<\/li>\n<\/ul>\n<p>&nbsp;<\/p>\n<h3>Direcci\u00f3n y tribunal<\/h3>\n<ul>\n<li><strong>Director de la tesis<\/strong>\n<ul>\n<li>V\u00edctor Santiuste Bermejo<\/li>\n<\/ul>\n<\/li>\n<li><strong>Tribunal<\/strong>\n<ul>\n<li>Presidente del tribunal: Jes\u00fas Beltran llera <\/li>\n<li>Jos\u00e9 Leon carrion (vocal)<\/li>\n<li>Elena Garcia-alca\u00f1iz calvo (vocal)<\/li>\n<li>Francisco Miras mart\u00ednez (vocal)<\/li>\n<\/ul>\n<\/li>\n<\/ul>\n<p>&nbsp;<\/p>\n","protected":false},"excerpt":{"rendered":"<p>Tesis doctoral de Nuria Trugeda Pedrajo Este trabajo se inicia con una introducci\u00f3n en la que se estudian las diferentes [&hellip;]<\/p>\n","protected":false},"author":1,"featured_media":0,"comment_status":"open","ping_status":"open","sticky":false,"template":"","format":"standard","meta":{"site-sidebar-layout":"default","site-content-layout":"","ast-site-content-layout":"","site-content-style":"default","site-sidebar-style":"default","ast-global-header-display":"","ast-banner-title-visibility":"","ast-main-header-display":"","ast-hfb-above-header-display":"","ast-hfb-below-header-display":"","ast-hfb-mobile-header-display":"","site-post-title":"","ast-breadcrumbs-content":"","ast-featured-img":"","footer-sml-layout":"","theme-transparent-header-meta":"","adv-header-id-meta":"","stick-header-meta":"","header-above-stick-meta":"","header-main-stick-meta":"","header-below-stick-meta":"","astra-migrate-meta-layouts":"default","ast-page-background-enabled":"default","ast-page-background-meta":{"desktop":{"background-color":"var(--ast-global-color-4)","background-image":"","background-repeat":"repeat","background-position":"center center","background-size":"auto","background-attachment":"scroll","background-type":"","background-media":"","overlay-type":"","overlay-color":"","overlay-gradient":""},"tablet":{"background-color":"","background-image":"","background-repeat":"repeat","background-position":"center center","background-size":"auto","background-attachment":"scroll","background-type":"","background-media":"","overlay-type":"","overlay-color":"","overlay-gradient":""},"mobile":{"background-color":"","background-image":"","background-repeat":"repeat","background-position":"center center","background-size":"auto","background-attachment":"scroll","background-type":"","background-media":"","overlay-type":"","overlay-color":"","overlay-gradient":""}},"ast-content-background-meta":{"desktop":{"background-color":"var(--ast-global-color-5)","background-image":"","background-repeat":"repeat","background-position":"center center","background-size":"auto","background-attachment":"scroll","background-type":"","background-media":"","overlay-type":"","overlay-color":"","overlay-gradient":""},"tablet":{"background-color":"var(--ast-global-color-5)","background-image":"","background-repeat":"repeat","background-position":"center center","background-size":"auto","background-attachment":"scroll","background-type":"","background-media":"","overlay-type":"","overlay-color":"","overlay-gradient":""},"mobile":{"background-color":"var(--ast-global-color-5)","background-image":"","background-repeat":"repeat","background-position":"center center","background-size":"auto","background-attachment":"scroll","background-type":"","background-media":"","overlay-type":"","overlay-color":"","overlay-gradient":""}},"footnotes":""},"categories":[4264,6920,324,970,11267],"tags":[24004,21713,5136,15567,102306,18438],"class_list":["post-39885","post","type-post","status-publish","format-standard","hentry","category-asesoramiento-y-orientacion-psicologicas","category-problemas-de-aprendizaje","category-psicologia","category-psicologia-del-nino-y-del-adolescente","category-rehabilitacion-psicologica","tag-elena-garcia-alcaniz-calvo","tag-francisco-miras-Martinez","tag-jesus-beltran-llera","tag-jose-leon-carrion","tag-nuria-trugeda-pedrajo","tag-victor-santiuste-bermejo"],"_links":{"self":[{"href":"https:\/\/www.deberes.net\/tesis\/wp-json\/wp\/v2\/posts\/39885","targetHints":{"allow":["GET"]}}],"collection":[{"href":"https:\/\/www.deberes.net\/tesis\/wp-json\/wp\/v2\/posts"}],"about":[{"href":"https:\/\/www.deberes.net\/tesis\/wp-json\/wp\/v2\/types\/post"}],"author":[{"embeddable":true,"href":"https:\/\/www.deberes.net\/tesis\/wp-json\/wp\/v2\/users\/1"}],"replies":[{"embeddable":true,"href":"https:\/\/www.deberes.net\/tesis\/wp-json\/wp\/v2\/comments?post=39885"}],"version-history":[{"count":0,"href":"https:\/\/www.deberes.net\/tesis\/wp-json\/wp\/v2\/posts\/39885\/revisions"}],"wp:attachment":[{"href":"https:\/\/www.deberes.net\/tesis\/wp-json\/wp\/v2\/media?parent=39885"}],"wp:term":[{"taxonomy":"category","embeddable":true,"href":"https:\/\/www.deberes.net\/tesis\/wp-json\/wp\/v2\/categories?post=39885"},{"taxonomy":"post_tag","embeddable":true,"href":"https:\/\/www.deberes.net\/tesis\/wp-json\/wp\/v2\/tags?post=39885"}],"curies":[{"name":"wp","href":"https:\/\/api.w.org\/{rel}","templated":true}]}}