{"id":39894,"date":"1999-01-01T00:00:00","date_gmt":"1999-01-01T00:00:00","guid":{"rendered":"https:\/\/www.deberes.net\/tesis\/sin-categoria\/caracter-fluctuante-de-la-liaison-en-el-frances-actual\/"},"modified":"1999-01-01T00:00:00","modified_gmt":"1999-01-01T00:00:00","slug":"caracter-fluctuante-de-la-liaison-en-el-frances-actual","status":"publish","type":"post","link":"https:\/\/www.deberes.net\/tesis\/linguistica\/caracter-fluctuante-de-la-liaison-en-el-frances-actual\/","title":{"rendered":"Caracter fluctuante de la \u00abliaison\u00bb en el frances actual."},"content":{"rendered":"<h2>Tesis doctoral de <strong> Angel Gollonet Casares <\/strong><\/h2>\n<p>Nuestra tesis es un estudio \u00edntimamente relacionado con la lengua francesa en su aspecto oral, en concreto, a trav\u00e9s de los medios audiovisuales como son la radio y la televisi\u00f3n, medios de comunicaci\u00f3n de masas que han venido proporcionando un lenguaje m\u00e1s espont\u00e1neo y a veces menos elaborado frente a la norma. Nuestro estudio incluye la lengua oral de la conferencia y de la lectura en voz alta. Este corpus es, seg\u00fan nuestra opini\u00f3n, suficientemente amplio para poder presentar resultados convincentes de la evoluci\u00f3n fonol\u00f3gica de la lengua francesa actual. Partimos de la base que en el franc\u00e9s de hoy existe una variabilidad lingu\u00edstica seg\u00fan la situaci\u00f3n en la que se produzca el mensaje. Por consiguiente, podemos se\u00f1alar una divisi\u00f3n social formada por cuatro criterios: 1.- El geogr\u00e1fico. 2.- El relativo a la edad. 3.- La clase socio-profesional. 4.- La clase socio-cultural. dicho esto, no podemos presentar un modelo \u00fanico de la buena pronunciaci\u00f3n del franc\u00e9s. Seg\u00fan el tipo de ense\u00f1anza, las exigencias no son an\u00e1logas. Se trata de una tesis de lingu\u00edstica aplicada.<\/p>\n<p>&nbsp;<\/p>\n<h3>Datos acad\u00e9micos de la tesis doctoral \u00ab<strong>Caracter fluctuante de la \u00abliaison\u00bb en el frances actual.<\/strong>\u00ab<\/h3>\n<ul>\n<li><strong>T\u00edtulo de la tesis:<\/strong>\u00a0 Caracter fluctuante de la \u00abliaison\u00bb en el frances actual. <\/li>\n<li><strong>Autor:<\/strong>\u00a0 Angel Gollonet Casares <\/li>\n<li><strong>Universidad:<\/strong>\u00a0 Complutense de Madrid<\/li>\n<li><strong>Fecha de lectura de la tesis:<\/strong>\u00a0 01\/01\/1999<\/li>\n<\/ul>\n<p>&nbsp;<\/p>\n<h3>Direcci\u00f3n y tribunal<\/h3>\n<ul>\n<li><strong>Director de la tesis<\/strong>\n<ul>\n<li>Jes\u00fas Cantera  Ortiz De Urbina<\/li>\n<\/ul>\n<\/li>\n<li><strong>Tribunal<\/strong>\n<ul>\n<li>Presidente del tribunal:  Cipres palacin m. angeles <\/li>\n<li>justo Bolekia boleka (vocal)<\/li>\n<li> Postigo adeamil m. josefa (vocal)<\/li>\n<li>esther Hernandez longas (vocal)<\/li>\n<\/ul>\n<\/li>\n<\/ul>\n<p>&nbsp;<\/p>\n","protected":false},"excerpt":{"rendered":"<p>Tesis doctoral de Angel Gollonet Casares Nuestra tesis es un estudio \u00edntimamente relacionado con la lengua francesa en su aspecto [&hellip;]<\/p>\n","protected":false},"author":1,"featured_media":0,"comment_status":"open","ping_status":"open","sticky":false,"template":"","format":"standard","meta":{"site-sidebar-layout":"default","site-content-layout":"","ast-site-content-layout":"","site-content-style":"default","site-sidebar-style":"default","ast-global-header-display":"","ast-banner-title-visibility":"","ast-main-header-display":"","ast-hfb-above-header-display":"","ast-hfb-below-header-display":"","ast-hfb-mobile-header-display":"","site-post-title":"","ast-breadcrumbs-content":"","ast-featured-img":"","footer-sml-layout":"","theme-transparent-header-meta":"","adv-header-id-meta":"","stick-header-meta":"","header-above-stick-meta":"","header-main-stick-meta":"","header-below-stick-meta":"","astra-migrate-meta-layouts":"default","ast-page-background-enabled":"default","ast-page-background-meta":{"desktop":{"background-color":"var(--ast-global-color-4)","background-image":"","background-repeat":"repeat","background-position":"center center","background-size":"auto","background-attachment":"scroll","background-type":"","background-media":"","overlay-type":"","overlay-color":"","overlay-gradient":""},"tablet":{"background-color":"","background-image":"","background-repeat":"repeat","background-position":"center center","background-size":"auto","background-attachment":"scroll","background-type":"","background-media":"","overlay-type":"","overlay-color":"","overlay-gradient":""},"mobile":{"background-color":"","background-image":"","background-repeat":"repeat","background-position":"center center","background-size":"auto","background-attachment":"scroll","background-type":"","background-media":"","overlay-type":"","overlay-color":"","overlay-gradient":""}},"ast-content-background-meta":{"desktop":{"background-color":"var(--ast-global-color-5)","background-image":"","background-repeat":"repeat","background-position":"center center","background-size":"auto","background-attachment":"scroll","background-type":"","background-media":"","overlay-type":"","overlay-color":"","overlay-gradient":""},"tablet":{"background-color":"var(--ast-global-color-5)","background-image":"","background-repeat":"repeat","background-position":"center center","background-size":"auto","background-attachment":"scroll","background-type":"","background-media":"","overlay-type":"","overlay-color":"","overlay-gradient":""},"mobile":{"background-color":"var(--ast-global-color-5)","background-image":"","background-repeat":"repeat","background-position":"center center","background-size":"auto","background-attachment":"scroll","background-type":"","background-media":"","overlay-type":"","overlay-color":"","overlay-gradient":""}},"footnotes":""},"categories":[10487,424,59,62],"tags":[102321,4625,43774,889,102322,102323],"class_list":["post-39894","post","type-post","status-publish","format-standard","hentry","category-fonetica","category-fonologia","category-linguistica","category-linguistica-sincronica","tag-angel-gollonet-casares","tag-cipres-palacin-m-angeles","tag-esther-hernandez-longas","tag-jesus-cantera-ortiz-de-urbina","tag-justo-bolekia-boleka","tag-postigo-adeamil-m-josefa"],"_links":{"self":[{"href":"https:\/\/www.deberes.net\/tesis\/wp-json\/wp\/v2\/posts\/39894","targetHints":{"allow":["GET"]}}],"collection":[{"href":"https:\/\/www.deberes.net\/tesis\/wp-json\/wp\/v2\/posts"}],"about":[{"href":"https:\/\/www.deberes.net\/tesis\/wp-json\/wp\/v2\/types\/post"}],"author":[{"embeddable":true,"href":"https:\/\/www.deberes.net\/tesis\/wp-json\/wp\/v2\/users\/1"}],"replies":[{"embeddable":true,"href":"https:\/\/www.deberes.net\/tesis\/wp-json\/wp\/v2\/comments?post=39894"}],"version-history":[{"count":0,"href":"https:\/\/www.deberes.net\/tesis\/wp-json\/wp\/v2\/posts\/39894\/revisions"}],"wp:attachment":[{"href":"https:\/\/www.deberes.net\/tesis\/wp-json\/wp\/v2\/media?parent=39894"}],"wp:term":[{"taxonomy":"category","embeddable":true,"href":"https:\/\/www.deberes.net\/tesis\/wp-json\/wp\/v2\/categories?post=39894"},{"taxonomy":"post_tag","embeddable":true,"href":"https:\/\/www.deberes.net\/tesis\/wp-json\/wp\/v2\/tags?post=39894"}],"curies":[{"name":"wp","href":"https:\/\/api.w.org\/{rel}","templated":true}]}}