{"id":39916,"date":"1999-01-01T00:00:00","date_gmt":"1999-01-01T00:00:00","guid":{"rendered":"https:\/\/www.deberes.net\/tesis\/sin-categoria\/espacio-y-delincuencia\/"},"modified":"1999-01-01T00:00:00","modified_gmt":"1999-01-01T00:00:00","slug":"espacio-y-delincuencia","status":"publish","type":"post","link":"https:\/\/www.deberes.net\/tesis\/sociologia\/espacio-y-delincuencia\/","title":{"rendered":"Espacio y delincuencia."},"content":{"rendered":"<h2>Tesis doctoral de <strong> Felipe Javier Hernando Sanz <\/strong><\/h2>\n<p>El presente proyecto de investigaci\u00f3n se ocupa de analizar el crimen y la delincuencia desde una perspectiva espacial y geogr\u00e1fica.  la aproximaci\u00f3n se ha realizado desde dos distintos planos metodol\u00f3gicos: un plano de aproximaci\u00f3n externo, que se hace eco de las ideas cient\u00edficas, en s\u00ed mismas, matizando los diferentes tipos de aportaciones disciplinarias, tanto de la geograf\u00eda, como de la sociolog\u00eda de la desviaci\u00f3n, o criminolog\u00eda; y un plano interno de concreci\u00f3n, en donde la peculiaridad de las distintas ciencias sociales que abordan el tema motivo de atenci\u00f3n, proporcionan acercamientos al problema, y a veces soluciones, de muy distinta base conceptual y metodol\u00f3gica. En este sentido es necesario destacar la propuesta de an\u00e1lisis espacial que nos conduce \u00abhacia una geograf\u00eda del crimen y la delincuencia\u00bb. El desarrollode un planteamiento te\u00f3rico nos ha sido \u00fatil para salvar las disociaciones disciplinares que existen y reivindicar la necesidad de estudios diacr\u00f3nicos y estructurales. El soporte conceptual y metodol\u00f3gico de harrison y livingstone (1988) nos ha servido para reconstruir las relaciones entre espacio y delincuencia que se dan en el modelo territorial urbano de Madrid, constatando las implicaciones que tienen sus modificaciones en la distribuci\u00f3n de la variable delincuencia sobre el mosaico urbano de la capital.  el resultado final es una descripci\u00f3n pormenorizada del modelo de distribuci\u00f3nde la delincuencia en el se\u00f1alado \u00e1mbito urbano, a partir de la interpretaci\u00f3n del atlas criminol\u00f3gico de Madrid (1983-1997)..<\/p>\n<p>&nbsp;<\/p>\n<h3>Datos acad\u00e9micos de la tesis doctoral \u00ab<strong>Espacio y delincuencia.<\/strong>\u00ab<\/h3>\n<ul>\n<li><strong>T\u00edtulo de la tesis:<\/strong>\u00a0 Espacio y delincuencia. <\/li>\n<li><strong>Autor:<\/strong>\u00a0 Felipe Javier Hernando Sanz <\/li>\n<li><strong>Universidad:<\/strong>\u00a0 Complutense de Madrid<\/li>\n<li><strong>Fecha de lectura de la tesis:<\/strong>\u00a0 01\/01\/1999<\/li>\n<\/ul>\n<p>&nbsp;<\/p>\n<h3>Direcci\u00f3n y tribunal<\/h3>\n<ul>\n<li><strong>Director de la tesis<\/strong>\n<ul>\n<li>Joaquin Bosque Maurel<\/li>\n<\/ul>\n<\/li>\n<li><strong>Tribunal<\/strong>\n<ul>\n<li>Presidente del tribunal: aurora Garcia ballesteros <\/li>\n<li>carles Carreras verdaguer (vocal)<\/li>\n<li>Andr\u00e9s Canteras murillo (vocal)<\/li>\n<li>Manuel Valenzuela rubio (vocal)<\/li>\n<\/ul>\n<\/li>\n<\/ul>\n<p>&nbsp;<\/p>\n","protected":false},"excerpt":{"rendered":"<p>Tesis doctoral de Felipe Javier Hernando Sanz El presente proyecto de investigaci\u00f3n se ocupa de analizar el crimen y la [&hellip;]<\/p>\n","protected":false},"author":1,"featured_media":0,"comment_status":"open","ping_status":"open","sticky":false,"template":"","format":"standard","meta":{"site-sidebar-layout":"default","site-content-layout":"","ast-site-content-layout":"","site-content-style":"default","site-sidebar-style":"default","ast-global-header-display":"","ast-banner-title-visibility":"","ast-main-header-display":"","ast-hfb-above-header-display":"","ast-hfb-below-header-display":"","ast-hfb-mobile-header-display":"","site-post-title":"","ast-breadcrumbs-content":"","ast-featured-img":"","footer-sml-layout":"","theme-transparent-header-meta":"","adv-header-id-meta":"","stick-header-meta":"","header-above-stick-meta":"","header-main-stick-meta":"","header-below-stick-meta":"","astra-migrate-meta-layouts":"default","ast-page-background-enabled":"default","ast-page-background-meta":{"desktop":{"background-color":"var(--ast-global-color-4)","background-image":"","background-repeat":"repeat","background-position":"center center","background-size":"auto","background-attachment":"scroll","background-type":"","background-media":"","overlay-type":"","overlay-color":"","overlay-gradient":""},"tablet":{"background-color":"","background-image":"","background-repeat":"repeat","background-position":"center center","background-size":"auto","background-attachment":"scroll","background-type":"","background-media":"","overlay-type":"","overlay-color":"","overlay-gradient":""},"mobile":{"background-color":"","background-image":"","background-repeat":"repeat","background-position":"center center","background-size":"auto","background-attachment":"scroll","background-type":"","background-media":"","overlay-type":"","overlay-color":"","overlay-gradient":""}},"ast-content-background-meta":{"desktop":{"background-color":"var(--ast-global-color-5)","background-image":"","background-repeat":"repeat","background-position":"center center","background-size":"auto","background-attachment":"scroll","background-type":"","background-media":"","overlay-type":"","overlay-color":"","overlay-gradient":""},"tablet":{"background-color":"var(--ast-global-color-5)","background-image":"","background-repeat":"repeat","background-position":"center center","background-size":"auto","background-attachment":"scroll","background-type":"","background-media":"","overlay-type":"","overlay-color":"","overlay-gradient":""},"mobile":{"background-color":"var(--ast-global-color-5)","background-image":"","background-repeat":"repeat","background-position":"center center","background-size":"auto","background-attachment":"scroll","background-type":"","background-media":"","overlay-type":"","overlay-color":"","overlay-gradient":""}},"footnotes":""},"categories":[1294,1399,1401,5990,1295,269],"tags":[5542,7226,18494,102356,5993,29581],"class_list":["post-39916","post","type-post","status-publish","format-standard","hentry","category-delincuencia","category-geografia","category-geografia-humana","category-geografia-social","category-problemas-y-conflictos-sociales","category-sociologia","tag-andres-canteras-murillo","tag-aurora-garcia-ballesteros","tag-carles-carreras-verdaguer","tag-felipe-javier-hernando-sanz","tag-joaquin-bosque-maurel","tag-manuel-valenzuela-rubio"],"_links":{"self":[{"href":"https:\/\/www.deberes.net\/tesis\/wp-json\/wp\/v2\/posts\/39916","targetHints":{"allow":["GET"]}}],"collection":[{"href":"https:\/\/www.deberes.net\/tesis\/wp-json\/wp\/v2\/posts"}],"about":[{"href":"https:\/\/www.deberes.net\/tesis\/wp-json\/wp\/v2\/types\/post"}],"author":[{"embeddable":true,"href":"https:\/\/www.deberes.net\/tesis\/wp-json\/wp\/v2\/users\/1"}],"replies":[{"embeddable":true,"href":"https:\/\/www.deberes.net\/tesis\/wp-json\/wp\/v2\/comments?post=39916"}],"version-history":[{"count":0,"href":"https:\/\/www.deberes.net\/tesis\/wp-json\/wp\/v2\/posts\/39916\/revisions"}],"wp:attachment":[{"href":"https:\/\/www.deberes.net\/tesis\/wp-json\/wp\/v2\/media?parent=39916"}],"wp:term":[{"taxonomy":"category","embeddable":true,"href":"https:\/\/www.deberes.net\/tesis\/wp-json\/wp\/v2\/categories?post=39916"},{"taxonomy":"post_tag","embeddable":true,"href":"https:\/\/www.deberes.net\/tesis\/wp-json\/wp\/v2\/tags?post=39916"}],"curies":[{"name":"wp","href":"https:\/\/api.w.org\/{rel}","templated":true}]}}