{"id":39940,"date":"1999-01-01T00:00:00","date_gmt":"1999-01-01T00:00:00","guid":{"rendered":"https:\/\/www.deberes.net\/tesis\/sin-categoria\/una-aplicacion-de-las-transformaciones-armonicas-para-el-proceso-de-homogeneizacion-contable\/"},"modified":"1999-01-01T00:00:00","modified_gmt":"1999-01-01T00:00:00","slug":"una-aplicacion-de-las-transformaciones-armonicas-para-el-proceso-de-homogeneizacion-contable","status":"publish","type":"post","link":"https:\/\/www.deberes.net\/tesis\/ciencias-economicas\/una-aplicacion-de-las-transformaciones-armonicas-para-el-proceso-de-homogeneizacion-contable\/","title":{"rendered":"Una aplicacion de las transformaciones armonicas para el proceso de homogeneizacion contable."},"content":{"rendered":"<h2>Tesis doctoral de <strong> Elisa Garcia Jara <\/strong><\/h2>\n<p>Este trabajo de investigaci\u00f3n se analizan los procesos de homogeneizaci\u00f3n contable que se han ocupado de la elaboraci\u00f3n de normas de contabilidad de general aceptaci\u00f3n para su fracaso motivado, en nuestra opini\u00f3n, por la falta de un planteamiento metodol\u00f3gico consistente con la naturaleza de la disciplina contable. este problema se ha salvado con la incorporaci\u00f3n de las recientes metodolog\u00edas que aunan planteamientos positivistas y normativista, al amparo de las nuevas tecnolog\u00edas de tratamiento de la informaci\u00f3n, entre las que merece destacar, por su adecuaci\u00f3n, el impacto de la inteligencia artificial distribuida.  por ello, la \u00faltima parte de nuestra investigaci\u00f3n se concentra en una aplicaci\u00f3n de este enfoque para la configuraci\u00f3n de un nuevo marco v\u00e1lido internacionalmente, en el que se pondera la relaci\u00f3n fines-medios como soluci\u00f3n real al problema de la falta de comparaci\u00f3n de la informaci\u00f3n financiera emitida por los agentes econ\u00f3micos en un contexto global.<\/p>\n<p>&nbsp;<\/p>\n<h3>Datos acad\u00e9micos de la tesis doctoral \u00ab<strong>Una aplicacion de las transformaciones armonicas para el proceso de homogeneizacion contable.<\/strong>\u00ab<\/h3>\n<ul>\n<li><strong>T\u00edtulo de la tesis:<\/strong>\u00a0 Una aplicacion de las transformaciones armonicas para el proceso de homogeneizacion contable. <\/li>\n<li><strong>Autor:<\/strong>\u00a0 Elisa Garcia Jara <\/li>\n<li><strong>Universidad:<\/strong>\u00a0 Complutense de Madrid<\/li>\n<li><strong>Fecha de lectura de la tesis:<\/strong>\u00a0 01\/01\/1999<\/li>\n<\/ul>\n<p>&nbsp;<\/p>\n<h3>Direcci\u00f3n y tribunal<\/h3>\n<ul>\n<li><strong>Director de la tesis<\/strong>\n<ul>\n<li>Amparo Cuadrado Ebrero<\/li>\n<\/ul>\n<\/li>\n<li><strong>Tribunal<\/strong>\n<ul>\n<li>Presidente del tribunal: Jos\u00e9 Luis Sanchez-fernandez valderrama <\/li>\n<li>enriqueta Gallego diez (vocal)<\/li>\n<li>Mar\u00eda  del carmen Norverto laborda (vocal)<\/li>\n<li> Arriaga gomez Fernando de (vocal)<\/li>\n<\/ul>\n<\/li>\n<\/ul>\n<p>&nbsp;<\/p>\n","protected":false},"excerpt":{"rendered":"<p>Tesis doctoral de Elisa Garcia Jara Este trabajo de investigaci\u00f3n se analizan los procesos de homogeneizaci\u00f3n contable que se han [&hellip;]<\/p>\n","protected":false},"author":1,"featured_media":0,"comment_status":"open","ping_status":"open","sticky":false,"template":"","format":"standard","meta":{"site-sidebar-layout":"default","site-content-layout":"","ast-site-content-layout":"","site-content-style":"default","site-sidebar-style":"default","ast-global-header-display":"","ast-banner-title-visibility":"","ast-main-header-display":"","ast-hfb-above-header-display":"","ast-hfb-below-header-display":"","ast-hfb-mobile-header-display":"","site-post-title":"","ast-breadcrumbs-content":"","ast-featured-img":"","footer-sml-layout":"","theme-transparent-header-meta":"","adv-header-id-meta":"","stick-header-meta":"","header-above-stick-meta":"","header-main-stick-meta":"","header-below-stick-meta":"","astra-migrate-meta-layouts":"default","ast-page-background-enabled":"default","ast-page-background-meta":{"desktop":{"background-color":"var(--ast-global-color-4)","background-image":"","background-repeat":"repeat","background-position":"center center","background-size":"auto","background-attachment":"scroll","background-type":"","background-media":"","overlay-type":"","overlay-color":"","overlay-gradient":""},"tablet":{"background-color":"","background-image":"","background-repeat":"repeat","background-position":"center center","background-size":"auto","background-attachment":"scroll","background-type":"","background-media":"","overlay-type":"","overlay-color":"","overlay-gradient":""},"mobile":{"background-color":"","background-image":"","background-repeat":"repeat","background-position":"center center","background-size":"auto","background-attachment":"scroll","background-type":"","background-media":"","overlay-type":"","overlay-color":"","overlay-gradient":""}},"ast-content-background-meta":{"desktop":{"background-color":"var(--ast-global-color-5)","background-image":"","background-repeat":"repeat","background-position":"center center","background-size":"auto","background-attachment":"scroll","background-type":"","background-media":"","overlay-type":"","overlay-color":"","overlay-gradient":""},"tablet":{"background-color":"var(--ast-global-color-5)","background-image":"","background-repeat":"repeat","background-position":"center center","background-size":"auto","background-attachment":"scroll","background-type":"","background-media":"","overlay-type":"","overlay-color":"","overlay-gradient":""},"mobile":{"background-color":"var(--ast-global-color-5)","background-image":"","background-repeat":"repeat","background-position":"center center","background-size":"auto","background-attachment":"scroll","background-type":"","background-media":"","overlay-type":"","overlay-color":"","overlay-gradient":""}},"footnotes":""},"categories":[82,1697],"tags":[85903,16587,102397,36375,3466,34071],"class_list":["post-39940","post","type-post","status-publish","format-standard","hentry","category-ciencias-economicas","category-contabilidad-economica","tag-amparo-cuadrado-ebrero","tag-arriaga-gomez-fernando-de","tag-elisa-garcia-jara","tag-enriqueta-gallego-diez","tag-jose-luis-sanchez-fernandez-valderrama","tag-maria-del-carmen-norverto-laborda"],"_links":{"self":[{"href":"https:\/\/www.deberes.net\/tesis\/wp-json\/wp\/v2\/posts\/39940","targetHints":{"allow":["GET"]}}],"collection":[{"href":"https:\/\/www.deberes.net\/tesis\/wp-json\/wp\/v2\/posts"}],"about":[{"href":"https:\/\/www.deberes.net\/tesis\/wp-json\/wp\/v2\/types\/post"}],"author":[{"embeddable":true,"href":"https:\/\/www.deberes.net\/tesis\/wp-json\/wp\/v2\/users\/1"}],"replies":[{"embeddable":true,"href":"https:\/\/www.deberes.net\/tesis\/wp-json\/wp\/v2\/comments?post=39940"}],"version-history":[{"count":0,"href":"https:\/\/www.deberes.net\/tesis\/wp-json\/wp\/v2\/posts\/39940\/revisions"}],"wp:attachment":[{"href":"https:\/\/www.deberes.net\/tesis\/wp-json\/wp\/v2\/media?parent=39940"}],"wp:term":[{"taxonomy":"category","embeddable":true,"href":"https:\/\/www.deberes.net\/tesis\/wp-json\/wp\/v2\/categories?post=39940"},{"taxonomy":"post_tag","embeddable":true,"href":"https:\/\/www.deberes.net\/tesis\/wp-json\/wp\/v2\/tags?post=39940"}],"curies":[{"name":"wp","href":"https:\/\/api.w.org\/{rel}","templated":true}]}}