{"id":39961,"date":"1999-01-01T00:00:00","date_gmt":"1999-01-01T00:00:00","guid":{"rendered":"https:\/\/www.deberes.net\/tesis\/sin-categoria\/antropologia-postmoderna-y-educacion-intercultural\/"},"modified":"1999-01-01T00:00:00","modified_gmt":"1999-01-01T00:00:00","slug":"antropologia-postmoderna-y-educacion-intercultural","status":"publish","type":"post","link":"https:\/\/www.deberes.net\/tesis\/sociologia\/antropologia-postmoderna-y-educacion-intercultural\/","title":{"rendered":"Antropolog\u00eda postmoderna y educacion intercultural."},"content":{"rendered":"<h2>Tesis doctoral de <strong> David Reyero Garcia <\/strong><\/h2>\n<p>La tesis antropolog\u00eda postmoderna y educaci\u00f3n intercultural es un trabajo de reflexi\u00f3n te\u00f3rica acerca del significado que el concepto de cultura tiene para entender la educaci\u00f3n en sociedades multiculturales. La reflexi\u00f3n parte del an\u00e1lisis que la antropolog\u00eda postmoderna ha realizado a la hora de repensar la cultura y que b\u00e1sicamente se puede resumir en que no existe la cultura entendida como un conjunto de costumbres, pensamientos etc., Que se repite en todos los individuos de igual manera. En consecuencia con lo anteriormente dicho, la diversidad real a la que debe atender la educaci\u00f3n, no es la que existe entre los grupos sino la que existe entre los propios individuos, cada uno de los cuales es una concreci\u00f3n \u00fanica e irrepetible de elementos culturales que constituyen los fundamentos necesarios para poder construir una identidad. Pero adem\u00e1s de elaborar un replanteamiento te\u00f3rico de los que debe ser la educaci\u00f3n intercultural, la antropolog\u00eda postmoderna ofrece tambi\u00e9n algunos instrumentos metodol\u00f3gicos pr\u00e1cticos que permiten desvelar la metodolog\u00eda y las consecuencias de un pensamiento sobre la cultura que convierte a \u00e9sta en una entidad homogeneizadora de individuos que estructuran su identidad ligada a la del grupo de pertenencia.<\/p>\n<p>&nbsp;<\/p>\n<h3>Datos acad\u00e9micos de la tesis doctoral \u00ab<strong>Antropolog\u00eda postmoderna y educacion intercultural.<\/strong>\u00ab<\/h3>\n<ul>\n<li><strong>T\u00edtulo de la tesis:<\/strong>\u00a0 Antropolog\u00eda postmoderna y educacion intercultural. <\/li>\n<li><strong>Autor:<\/strong>\u00a0 David Reyero Garcia <\/li>\n<li><strong>Universidad:<\/strong>\u00a0 Complutense de Madrid<\/li>\n<li><strong>Fecha de lectura de la tesis:<\/strong>\u00a0 01\/01\/1999<\/li>\n<\/ul>\n<p>&nbsp;<\/p>\n<h3>Direcci\u00f3n y tribunal<\/h3>\n<ul>\n<li><strong>Director de la tesis<\/strong>\n<ul>\n<li>Gonzalo Jover Olmeda<\/li>\n<\/ul>\n<\/li>\n<li><strong>Tribunal<\/strong>\n<ul>\n<li>Presidente del tribunal: Jos\u00e9 Antonio Iba\u00f1ez martin mellado <\/li>\n<li> Alonso geta petra m. (vocal)<\/li>\n<li>enrique Gervilla castillo (vocal)<\/li>\n<li>henri Bouche peris (vocal)<\/li>\n<\/ul>\n<\/li>\n<\/ul>\n<p>&nbsp;<\/p>\n","protected":false},"excerpt":{"rendered":"<p>Tesis doctoral de David Reyero Garcia La tesis antropolog\u00eda postmoderna y educaci\u00f3n intercultural es un trabajo de reflexi\u00f3n te\u00f3rica acerca [&hellip;]<\/p>\n","protected":false},"author":1,"featured_media":0,"comment_status":"open","ping_status":"open","sticky":false,"template":"","format":"standard","meta":{"site-sidebar-layout":"default","site-content-layout":"","ast-site-content-layout":"","site-content-style":"default","site-sidebar-style":"default","ast-global-header-display":"","ast-banner-title-visibility":"","ast-main-header-display":"","ast-hfb-above-header-display":"","ast-hfb-below-header-display":"","ast-hfb-mobile-header-display":"","site-post-title":"","ast-breadcrumbs-content":"","ast-featured-img":"","footer-sml-layout":"","theme-transparent-header-meta":"","adv-header-id-meta":"","stick-header-meta":"","header-above-stick-meta":"","header-main-stick-meta":"","header-below-stick-meta":"","astra-migrate-meta-layouts":"default","ast-page-background-enabled":"default","ast-page-background-meta":{"desktop":{"background-color":"var(--ast-global-color-4)","background-image":"","background-repeat":"repeat","background-position":"center center","background-size":"auto","background-attachment":"scroll","background-type":"","background-media":"","overlay-type":"","overlay-color":"","overlay-gradient":""},"tablet":{"background-color":"","background-image":"","background-repeat":"repeat","background-position":"center center","background-size":"auto","background-attachment":"scroll","background-type":"","background-media":"","overlay-type":"","overlay-color":"","overlay-gradient":""},"mobile":{"background-color":"","background-image":"","background-repeat":"repeat","background-position":"center center","background-size":"auto","background-attachment":"scroll","background-type":"","background-media":"","overlay-type":"","overlay-color":"","overlay-gradient":""}},"ast-content-background-meta":{"desktop":{"background-color":"var(--ast-global-color-5)","background-image":"","background-repeat":"repeat","background-position":"center center","background-size":"auto","background-attachment":"scroll","background-type":"","background-media":"","overlay-type":"","overlay-color":"","overlay-gradient":""},"tablet":{"background-color":"var(--ast-global-color-5)","background-image":"","background-repeat":"repeat","background-position":"center center","background-size":"auto","background-attachment":"scroll","background-type":"","background-media":"","overlay-type":"","overlay-color":"","overlay-gradient":""},"mobile":{"background-color":"var(--ast-global-color-5)","background-image":"","background-repeat":"repeat","background-position":"center center","background-size":"auto","background-attachment":"scroll","background-type":"","background-media":"","overlay-type":"","overlay-color":"","overlay-gradient":""}},"footnotes":""},"categories":[2233,1141,269,1495,1496,1341],"tags":[102439,102438,35829,18266,43257,32113],"class_list":["post-39961","post","type-post","status-publish","format-standard","hentry","category-metodos-pedagogicos","category-pedagogia","category-sociologia","category-sociologia-de-la-educacion","category-sociologia-del-trabajo","category-teoria-y-metodos-educativos","tag-alonso-geta-petra-m","tag-david-reyero-garcia","tag-enrique-gervilla-castillo","tag-gonzalo-jover-olmeda","tag-henri-bouche-peris","tag-jose-antonio-ibanez-martin-mellado"],"_links":{"self":[{"href":"https:\/\/www.deberes.net\/tesis\/wp-json\/wp\/v2\/posts\/39961","targetHints":{"allow":["GET"]}}],"collection":[{"href":"https:\/\/www.deberes.net\/tesis\/wp-json\/wp\/v2\/posts"}],"about":[{"href":"https:\/\/www.deberes.net\/tesis\/wp-json\/wp\/v2\/types\/post"}],"author":[{"embeddable":true,"href":"https:\/\/www.deberes.net\/tesis\/wp-json\/wp\/v2\/users\/1"}],"replies":[{"embeddable":true,"href":"https:\/\/www.deberes.net\/tesis\/wp-json\/wp\/v2\/comments?post=39961"}],"version-history":[{"count":0,"href":"https:\/\/www.deberes.net\/tesis\/wp-json\/wp\/v2\/posts\/39961\/revisions"}],"wp:attachment":[{"href":"https:\/\/www.deberes.net\/tesis\/wp-json\/wp\/v2\/media?parent=39961"}],"wp:term":[{"taxonomy":"category","embeddable":true,"href":"https:\/\/www.deberes.net\/tesis\/wp-json\/wp\/v2\/categories?post=39961"},{"taxonomy":"post_tag","embeddable":true,"href":"https:\/\/www.deberes.net\/tesis\/wp-json\/wp\/v2\/tags?post=39961"}],"curies":[{"name":"wp","href":"https:\/\/api.w.org\/{rel}","templated":true}]}}