{"id":39976,"date":"1999-01-01T00:00:00","date_gmt":"1999-01-01T00:00:00","guid":{"rendered":"https:\/\/www.deberes.net\/tesis\/sin-categoria\/vivencia-vitalidad-y-vida-teoria-y-metodo-de-la-ejecutividad-en-ortega\/"},"modified":"1999-01-01T00:00:00","modified_gmt":"1999-01-01T00:00:00","slug":"vivencia-vitalidad-y-vida-teoria-y-metodo-de-la-ejecutividad-en-ortega","status":"publish","type":"post","link":"https:\/\/www.deberes.net\/tesis\/filosofia\/vivencia-vitalidad-y-vida-teoria-y-metodo-de-la-ejecutividad-en-ortega\/","title":{"rendered":"Vivencia, vitalidad y vida, teoria y metodo de la ejecutividad en ortega."},"content":{"rendered":"<h2>Tesis doctoral de <strong>  Campos Lleo Arturo Gregor <\/strong><\/h2>\n<p>En sus tres partes el trabajo estudia el principio de la ejecutividad como eje principal del pensamiento orteguiano. Para ello perfila no solo la dimensi\u00f3n conceptual de este principio en su vertiente doctrinal, esclareciendo as\u00edmismo su origen y g\u00e9nesis, sino que ahonda especialmente en la implicaci\u00f3n textual y estil\u00edstica del mismo, destacando la ejecutividad ejecut\u00e1ndose como recursos formal del raciovitalismo de no menor relevancia que le propio contenido.  la relaci\u00f3n entre vida raz\u00f3n y vida, que est\u00e1 en el fondo del principio de la ejecutividad y de la que el raciovitalismo recibe su nombre e identidad, es estudiada a trav\u00e9s de un proceso de transformaci\u00f3n que arranca en los a\u00f1os 10 con el ideal epistemol\u00f3gico fenomenol\u00f3gico del acto intuitivo y que se reafirma en el principio maduro de la vida racional, vigente a partir de los a\u00f1os 30. Esta transformac\u00f3n, que no se produce de manera lineal, es mediada por una etapa de tr\u00e1nsito que transcurre bajo el signo de la reivindicaci\u00f3n de la raz\u00f3n vital. este decenio transido deciertas inconsistencias conceptuales resulta, sin embargo, especialmente relevante respecto de la puesta en pr\u00e1ctica inmediata de la ejecutividad como principio pre-objetivante y actual. En \u00e9l ortega produce gran parte de sus m\u00e1s conocidos ensayos y prepara en el plano estil\u00edstico el nivel de racionalismo que se vuelve efectivo, tras un decisivo encuentro con la ontolog\u00eda hermen\u00e9utica, como teor\u00eda de la vida en la etapa de la madurez. Remite entonces la autoexperiencia de la ejecutividad en el plano estil\u00edstico para patentizarse como nueva racionalidad ejecutiva de la metaf\u00edsica de la vida, realidad radical.<\/p>\n<p>&nbsp;<\/p>\n<h3>Datos acad\u00e9micos de la tesis doctoral \u00ab<strong>Vivencia, vitalidad y vida, teoria y metodo de la ejecutividad en ortega.<\/strong>\u00ab<\/h3>\n<ul>\n<li><strong>T\u00edtulo de la tesis:<\/strong>\u00a0 Vivencia, vitalidad y vida, teoria y metodo de la ejecutividad en ortega. <\/li>\n<li><strong>Autor:<\/strong>\u00a0  Campos Lleo Arturo Gregor <\/li>\n<li><strong>Universidad:<\/strong>\u00a0 Complutense de Madrid<\/li>\n<li><strong>Fecha de lectura de la tesis:<\/strong>\u00a0 01\/01\/1999<\/li>\n<\/ul>\n<p>&nbsp;<\/p>\n<h3>Direcci\u00f3n y tribunal<\/h3>\n<ul>\n<li><strong>Director de la tesis<\/strong>\n<ul>\n<li>Ramon Rodriguez Garcia<\/li>\n<\/ul>\n<\/li>\n<li><strong>Tribunal<\/strong>\n<ul>\n<li>Presidente del tribunal: Juan  Manuel Navarro Cordon <\/li>\n<li> Milinuevo Martinez De Bujo Jos\u00e9 Luis (vocal)<\/li>\n<li>Javier San Martin Sala (vocal)<\/li>\n<li>Pedro Cerezo Galan (vocal)<\/li>\n<\/ul>\n<\/li>\n<\/ul>\n<p>&nbsp;<\/p>\n","protected":false},"excerpt":{"rendered":"<p>Tesis doctoral de Campos Lleo Arturo Gregor En sus tres partes el trabajo estudia el principio de la ejecutividad como [&hellip;]<\/p>\n","protected":false},"author":1,"featured_media":0,"comment_status":"open","ping_status":"open","sticky":false,"template":"","format":"standard","meta":{"site-sidebar-layout":"default","site-content-layout":"","ast-site-content-layout":"","site-content-style":"default","site-sidebar-style":"default","ast-global-header-display":"","ast-banner-title-visibility":"","ast-main-header-display":"","ast-hfb-above-header-display":"","ast-hfb-below-header-display":"","ast-hfb-mobile-header-display":"","site-post-title":"","ast-breadcrumbs-content":"","ast-featured-img":"","footer-sml-layout":"","theme-transparent-header-meta":"","adv-header-id-meta":"","stick-header-meta":"","header-above-stick-meta":"","header-main-stick-meta":"","header-below-stick-meta":"","astra-migrate-meta-layouts":"default","ast-page-background-enabled":"default","ast-page-background-meta":{"desktop":{"background-color":"var(--ast-global-color-4)","background-image":"","background-repeat":"repeat","background-position":"center center","background-size":"auto","background-attachment":"scroll","background-type":"","background-media":"","overlay-type":"","overlay-color":"","overlay-gradient":""},"tablet":{"background-color":"","background-image":"","background-repeat":"repeat","background-position":"center center","background-size":"auto","background-attachment":"scroll","background-type":"","background-media":"","overlay-type":"","overlay-color":"","overlay-gradient":""},"mobile":{"background-color":"","background-image":"","background-repeat":"repeat","background-position":"center center","background-size":"auto","background-attachment":"scroll","background-type":"","background-media":"","overlay-type":"","overlay-color":"","overlay-gradient":""}},"ast-content-background-meta":{"desktop":{"background-color":"var(--ast-global-color-5)","background-image":"","background-repeat":"repeat","background-position":"center center","background-size":"auto","background-attachment":"scroll","background-type":"","background-media":"","overlay-type":"","overlay-color":"","overlay-gradient":""},"tablet":{"background-color":"var(--ast-global-color-5)","background-image":"","background-repeat":"repeat","background-position":"center center","background-size":"auto","background-attachment":"scroll","background-type":"","background-media":"","overlay-type":"","overlay-color":"","overlay-gradient":""},"mobile":{"background-color":"var(--ast-global-color-5)","background-image":"","background-repeat":"repeat","background-position":"center center","background-size":"auto","background-attachment":"scroll","background-type":"","background-media":"","overlay-type":"","overlay-color":"","overlay-gradient":""}},"footnotes":""},"categories":[960,165,272,271],"tags":[102463,23344,5344,102464,6431,6319],"class_list":["post-39976","post","type-post","status-publish","format-standard","hentry","category-antropologia-filosofica","category-filosofia","category-filosofia-de-la-naturaleza","category-filosofia-de-la-vida","tag-campos-lleo-arturo-gregor","tag-javier-san-martin-sala","tag-juan-manuel-navarro-cordon","tag-milinuevo-Martinez-de-bujo-jose-luis","tag-pedro-cerezo-galan","tag-ramon-rodriguez-garcia"],"_links":{"self":[{"href":"https:\/\/www.deberes.net\/tesis\/wp-json\/wp\/v2\/posts\/39976","targetHints":{"allow":["GET"]}}],"collection":[{"href":"https:\/\/www.deberes.net\/tesis\/wp-json\/wp\/v2\/posts"}],"about":[{"href":"https:\/\/www.deberes.net\/tesis\/wp-json\/wp\/v2\/types\/post"}],"author":[{"embeddable":true,"href":"https:\/\/www.deberes.net\/tesis\/wp-json\/wp\/v2\/users\/1"}],"replies":[{"embeddable":true,"href":"https:\/\/www.deberes.net\/tesis\/wp-json\/wp\/v2\/comments?post=39976"}],"version-history":[{"count":0,"href":"https:\/\/www.deberes.net\/tesis\/wp-json\/wp\/v2\/posts\/39976\/revisions"}],"wp:attachment":[{"href":"https:\/\/www.deberes.net\/tesis\/wp-json\/wp\/v2\/media?parent=39976"}],"wp:term":[{"taxonomy":"category","embeddable":true,"href":"https:\/\/www.deberes.net\/tesis\/wp-json\/wp\/v2\/categories?post=39976"},{"taxonomy":"post_tag","embeddable":true,"href":"https:\/\/www.deberes.net\/tesis\/wp-json\/wp\/v2\/tags?post=39976"}],"curies":[{"name":"wp","href":"https:\/\/api.w.org\/{rel}","templated":true}]}}