{"id":39980,"date":"1999-01-01T00:00:00","date_gmt":"1999-01-01T00:00:00","guid":{"rendered":"https:\/\/www.deberes.net\/tesis\/sin-categoria\/la-expresion-linguistica-de-la-finalidad-en-textos-historico-cronisticos-medievales\/"},"modified":"1999-01-01T00:00:00","modified_gmt":"1999-01-01T00:00:00","slug":"la-expresion-linguistica-de-la-finalidad-en-textos-historico-cronisticos-medievales","status":"publish","type":"post","link":"https:\/\/www.deberes.net\/tesis\/linguistica\/la-expresion-linguistica-de-la-finalidad-en-textos-historico-cronisticos-medievales\/","title":{"rendered":"La expresion linguistica de la finalidad en textos historico-cronisticos medievales."},"content":{"rendered":"<h2>Tesis doctoral de <strong> Santiago Urbano S\u00e1nchez Jim\u00e9nez <\/strong><\/h2>\n<p>La presente tesis doctoral aborda el estudio del contenido final en textos hist\u00f3rico-corn\u00edsticos medievales, aunque tambi\u00e9n se establece una relaci\u00f3n con otros tipos de textos de la \u00e9poca. El objetivo fundamental de esta investigaci\u00f3n es trazar la evoluci\u00f3n de los modos de expresi\u00f3n de la finalidad desde los textos del siglo xiii hasta el siglo xv. Se recogen y se analizan las estructuras que expresan la idea de la finalidad y, al mismo tiempo, se apuntan qu\u00e9 otros contenidos no finales se manifiestan por medio de esas mismas estructuras habilitadas para la expresi\u00f3n del fin.  la tesis consta de varios apartados: 1. Explicaci\u00f3n del modo de trabajo y de su distribuci\u00f3n. 2. Delimitaci\u00f3n del concepto de finalidad manejado en este estudio. 3. La expresi\u00f3n de la finalidad en lat\u00edn. 4. Estudio de la finalidad en los textos hist\u00f3rico-cron\u00edsticos. 5. conclusiones, que incluyen el cotejo con otros escritos medievales. Adem\u00e1s, se aporta, a modo de ap\u00e9ndice, el material lingu\u00edstico del que se ha partido para la elaboraci\u00f3n de esta investigaci\u00f3n.<\/p>\n<p>&nbsp;<\/p>\n<h3>Datos acad\u00e9micos de la tesis doctoral \u00ab<strong>La expresion linguistica de la finalidad en textos historico-cronisticos medievales.<\/strong>\u00ab<\/h3>\n<ul>\n<li><strong>T\u00edtulo de la tesis:<\/strong>\u00a0 La expresion linguistica de la finalidad en textos historico-cronisticos medievales. <\/li>\n<li><strong>Autor:<\/strong>\u00a0 Santiago Urbano S\u00e1nchez Jim\u00e9nez <\/li>\n<li><strong>Universidad:<\/strong>\u00a0 Complutense de Madrid<\/li>\n<li><strong>Fecha de lectura de la tesis:<\/strong>\u00a0 01\/01\/1999<\/li>\n<\/ul>\n<p>&nbsp;<\/p>\n<h3>Direcci\u00f3n y tribunal<\/h3>\n<ul>\n<li><strong>Director de la tesis<\/strong>\n<ul>\n<li>Ramon Santiago Lacuesta<\/li>\n<\/ul>\n<\/li>\n<li><strong>Tribunal<\/strong>\n<ul>\n<li>Presidente del tribunal: Jos\u00e9 Jes\u00fas Bustos tovar <\/li>\n<li>Antonio Narbona jim\u00e9nez (vocal)<\/li>\n<li>Jos\u00e9 Luis Giron alconchel (vocal)<\/li>\n<li>Rafael Cano aguilar (vocal)<\/li>\n<\/ul>\n<\/li>\n<\/ul>\n<p>&nbsp;<\/p>\n","protected":false},"excerpt":{"rendered":"<p>Tesis doctoral de Santiago Urbano S\u00e1nchez Jim\u00e9nez La presente tesis doctoral aborda el estudio del contenido final en textos hist\u00f3rico-corn\u00edsticos [&hellip;]<\/p>\n","protected":false},"author":1,"featured_media":0,"comment_status":"open","ping_status":"open","sticky":false,"template":"","format":"standard","meta":{"site-sidebar-layout":"default","site-content-layout":"","ast-site-content-layout":"","site-content-style":"default","site-sidebar-style":"default","ast-global-header-display":"","ast-banner-title-visibility":"","ast-main-header-display":"","ast-hfb-above-header-display":"","ast-hfb-below-header-display":"","ast-hfb-mobile-header-display":"","site-post-title":"","ast-breadcrumbs-content":"","ast-featured-img":"","footer-sml-layout":"","theme-transparent-header-meta":"","adv-header-id-meta":"","stick-header-meta":"","header-above-stick-meta":"","header-main-stick-meta":"","header-below-stick-meta":"","astra-migrate-meta-layouts":"default","ast-page-background-enabled":"default","ast-page-background-meta":{"desktop":{"background-color":"var(--ast-global-color-4)","background-image":"","background-repeat":"repeat","background-position":"center center","background-size":"auto","background-attachment":"scroll","background-type":"","background-media":"","overlay-type":"","overlay-color":"","overlay-gradient":""},"tablet":{"background-color":"","background-image":"","background-repeat":"repeat","background-position":"center center","background-size":"auto","background-attachment":"scroll","background-type":"","background-media":"","overlay-type":"","overlay-color":"","overlay-gradient":""},"mobile":{"background-color":"","background-image":"","background-repeat":"repeat","background-position":"center center","background-size":"auto","background-attachment":"scroll","background-type":"","background-media":"","overlay-type":"","overlay-color":"","overlay-gradient":""}},"ast-content-background-meta":{"desktop":{"background-color":"var(--ast-global-color-5)","background-image":"","background-repeat":"repeat","background-position":"center center","background-size":"auto","background-attachment":"scroll","background-type":"","background-media":"","overlay-type":"","overlay-color":"","overlay-gradient":""},"tablet":{"background-color":"var(--ast-global-color-5)","background-image":"","background-repeat":"repeat","background-position":"center center","background-size":"auto","background-attachment":"scroll","background-type":"","background-media":"","overlay-type":"","overlay-color":"","overlay-gradient":""},"mobile":{"background-color":"var(--ast-global-color-5)","background-image":"","background-repeat":"repeat","background-position":"center center","background-size":"auto","background-attachment":"scroll","background-type":"","background-media":"","overlay-type":"","overlay-color":"","overlay-gradient":""}},"footnotes":""},"categories":[59,423,590,62],"tags":[21472,56772,6582,12254,6424,102474],"class_list":["post-39980","post","type-post","status-publish","format-standard","hentry","category-linguistica","category-linguistica-diacronica","category-linguistica-historica","category-linguistica-sincronica","tag-antonio-narbona-jimenez","tag-jose-jesus-bustos-tovar","tag-jose-luis-giron-alconchel","tag-rafael-cano-aguilar","tag-ramon-santiago-lacuesta","tag-santiago-urbano-sanchez-jimenez"],"_links":{"self":[{"href":"https:\/\/www.deberes.net\/tesis\/wp-json\/wp\/v2\/posts\/39980","targetHints":{"allow":["GET"]}}],"collection":[{"href":"https:\/\/www.deberes.net\/tesis\/wp-json\/wp\/v2\/posts"}],"about":[{"href":"https:\/\/www.deberes.net\/tesis\/wp-json\/wp\/v2\/types\/post"}],"author":[{"embeddable":true,"href":"https:\/\/www.deberes.net\/tesis\/wp-json\/wp\/v2\/users\/1"}],"replies":[{"embeddable":true,"href":"https:\/\/www.deberes.net\/tesis\/wp-json\/wp\/v2\/comments?post=39980"}],"version-history":[{"count":0,"href":"https:\/\/www.deberes.net\/tesis\/wp-json\/wp\/v2\/posts\/39980\/revisions"}],"wp:attachment":[{"href":"https:\/\/www.deberes.net\/tesis\/wp-json\/wp\/v2\/media?parent=39980"}],"wp:term":[{"taxonomy":"category","embeddable":true,"href":"https:\/\/www.deberes.net\/tesis\/wp-json\/wp\/v2\/categories?post=39980"},{"taxonomy":"post_tag","embeddable":true,"href":"https:\/\/www.deberes.net\/tesis\/wp-json\/wp\/v2\/tags?post=39980"}],"curies":[{"name":"wp","href":"https:\/\/api.w.org\/{rel}","templated":true}]}}