{"id":39991,"date":"1999-01-01T00:00:00","date_gmt":"1999-01-01T00:00:00","guid":{"rendered":"https:\/\/www.deberes.net\/tesis\/sin-categoria\/d-jeronimo-usera-y-alarcon-y-su-obra-un-precursor-de-la-pedagogia-social\/"},"modified":"1999-01-01T00:00:00","modified_gmt":"1999-01-01T00:00:00","slug":"d-jeronimo-usera-y-alarcon-y-su-obra-un-precursor-de-la-pedagogia-social","status":"publish","type":"post","link":"https:\/\/www.deberes.net\/tesis\/historia\/d-jeronimo-usera-y-alarcon-y-su-obra-un-precursor-de-la-pedagogia-social\/","title":{"rendered":"D. jeronimo usera y alarcon y su obra, un precursor de la pedagogia social."},"content":{"rendered":"<h2>Tesis doctoral de <strong> Bernardete Vaz Teresa <\/strong><\/h2>\n<p>En este trabajo se recoge el an\u00e1lisis de una amplia investigaci\u00f3n sobre jer\u00f3nimo usera (1810-1891) y su obra pedag\u00f3gico-social. Se desarrolla en distintas etapas, acompa\u00f1ando la trayectoria de usera en su accidentada vida a lo largo del conflictivo siglo xix. Se describe su actuaci\u00f3n personal como sacerdote, profesor, y promotor social en espa\u00f1a, su actuaci\u00f3n como precursor de la educaci\u00f3n liberadora e intercultural en frica, y su actividad de promoci\u00f3n humana, social y educativa en las antillas espa\u00f1olas, cuba y puerto rico. Se da especial relieve a su atenci\u00f3n al menor, a los esclavos y a la mujer, en favor de los cuales proyecta y funda varias instituciones que prolongan su acci\u00f3n despu\u00e9s de su fallecimiento. se presenta su legado pedag\u00f3gico, su fundamento, teor\u00eda y praxis.  contempor\u00e1neo de los principales iniciadores de la pedagog\u00eda social, como diesterweg, pestalozzi, frobel, kolping, y juan bosco, jer\u00f3mico usera resiste la comparaci\u00f3n con cualquiera de ellos. Por sus m\u00e9ritos debe ocupar un lugar destacado en la historia de la pedagog\u00eda espa\u00f1ola como precursor de la pedagog\u00eda social contempor\u00e1nea.  se enriquece el estudio con un ap\u00e9ndice de documentos in\u00e9ditos relativos a las principales obras pedag\u00f3gico-sociales de usera.<\/p>\n<p>&nbsp;<\/p>\n<h3>Datos acad\u00e9micos de la tesis doctoral \u00ab<strong>D. jeronimo usera y alarcon y su obra, un precursor de la pedagogia social.<\/strong>\u00ab<\/h3>\n<ul>\n<li><strong>T\u00edtulo de la tesis:<\/strong>\u00a0 D. jeronimo usera y alarcon y su obra, un precursor de la pedagogia social. <\/li>\n<li><strong>Autor:<\/strong>\u00a0 Bernardete Vaz Teresa <\/li>\n<li><strong>Universidad:<\/strong>\u00a0 Complutense de Madrid<\/li>\n<li><strong>Fecha de lectura de la tesis:<\/strong>\u00a0 01\/01\/1999<\/li>\n<\/ul>\n<p>&nbsp;<\/p>\n<h3>Direcci\u00f3n y tribunal<\/h3>\n<ul>\n<li><strong>Director de la tesis<\/strong>\n<ul>\n<li>Millan Arroyo Simon<\/li>\n<\/ul>\n<\/li>\n<li><strong>Tribunal<\/strong>\n<ul>\n<li>Presidente del tribunal: jose Crespo vasco <\/li>\n<li>olegario Negrin fajardo (vocal)<\/li>\n<li> Montoya sanez josefa magdalena (vocal)<\/li>\n<li>Mar\u00eda  rosario Lim\u00f3n mendiz\u00e1bal (vocal)<\/li>\n<\/ul>\n<\/li>\n<\/ul>\n<p>&nbsp;<\/p>\n","protected":false},"excerpt":{"rendered":"<p>Tesis doctoral de Bernardete Vaz Teresa En este trabajo se recoge el an\u00e1lisis de una amplia investigaci\u00f3n sobre jer\u00f3nimo usera [&hellip;]<\/p>\n","protected":false},"author":1,"featured_media":0,"comment_status":"open","ping_status":"open","sticky":false,"template":"","format":"standard","meta":{"site-sidebar-layout":"default","site-content-layout":"","ast-site-content-layout":"","site-content-style":"default","site-sidebar-style":"default","ast-global-header-display":"","ast-banner-title-visibility":"","ast-main-header-display":"","ast-hfb-above-header-display":"","ast-hfb-below-header-display":"","ast-hfb-mobile-header-display":"","site-post-title":"","ast-breadcrumbs-content":"","ast-featured-img":"","footer-sml-layout":"","theme-transparent-header-meta":"","adv-header-id-meta":"","stick-header-meta":"","header-above-stick-meta":"","header-main-stick-meta":"","header-below-stick-meta":"","astra-migrate-meta-layouts":"default","ast-page-background-enabled":"default","ast-page-background-meta":{"desktop":{"background-color":"var(--ast-global-color-4)","background-image":"","background-repeat":"repeat","background-position":"center center","background-size":"auto","background-attachment":"scroll","background-type":"","background-media":"","overlay-type":"","overlay-color":"","overlay-gradient":""},"tablet":{"background-color":"","background-image":"","background-repeat":"repeat","background-position":"center center","background-size":"auto","background-attachment":"scroll","background-type":"","background-media":"","overlay-type":"","overlay-color":"","overlay-gradient":""},"mobile":{"background-color":"","background-image":"","background-repeat":"repeat","background-position":"center center","background-size":"auto","background-attachment":"scroll","background-type":"","background-media":"","overlay-type":"","overlay-color":"","overlay-gradient":""}},"ast-content-background-meta":{"desktop":{"background-color":"var(--ast-global-color-5)","background-image":"","background-repeat":"repeat","background-position":"center center","background-size":"auto","background-attachment":"scroll","background-type":"","background-media":"","overlay-type":"","overlay-color":"","overlay-gradient":""},"tablet":{"background-color":"var(--ast-global-color-5)","background-image":"","background-repeat":"repeat","background-position":"center center","background-size":"auto","background-attachment":"scroll","background-type":"","background-media":"","overlay-type":"","overlay-color":"","overlay-gradient":""},"mobile":{"background-color":"var(--ast-global-color-5)","background-image":"","background-repeat":"repeat","background-position":"center center","background-size":"auto","background-attachment":"scroll","background-type":"","background-media":"","overlay-type":"","overlay-color":"","overlay-gradient":""}},"footnotes":""},"categories":[104,311,222,1141,1341],"tags":[102490,5841,18400,6225,102491,26112],"class_list":["post-39991","post","type-post","status-publish","format-standard","hentry","category-historia","category-historia-de-la-educacion","category-historias-especializadas","category-pedagogia","category-teoria-y-metodos-educativos","tag-bernardete-vaz-teresa","tag-jose-crespo-vasco","tag-maria-rosario-limon-mendizabal","tag-millan-arroyo-simon","tag-montoya-sanez-josefa-magdalena","tag-olegario-negrin-fajardo"],"_links":{"self":[{"href":"https:\/\/www.deberes.net\/tesis\/wp-json\/wp\/v2\/posts\/39991","targetHints":{"allow":["GET"]}}],"collection":[{"href":"https:\/\/www.deberes.net\/tesis\/wp-json\/wp\/v2\/posts"}],"about":[{"href":"https:\/\/www.deberes.net\/tesis\/wp-json\/wp\/v2\/types\/post"}],"author":[{"embeddable":true,"href":"https:\/\/www.deberes.net\/tesis\/wp-json\/wp\/v2\/users\/1"}],"replies":[{"embeddable":true,"href":"https:\/\/www.deberes.net\/tesis\/wp-json\/wp\/v2\/comments?post=39991"}],"version-history":[{"count":0,"href":"https:\/\/www.deberes.net\/tesis\/wp-json\/wp\/v2\/posts\/39991\/revisions"}],"wp:attachment":[{"href":"https:\/\/www.deberes.net\/tesis\/wp-json\/wp\/v2\/media?parent=39991"}],"wp:term":[{"taxonomy":"category","embeddable":true,"href":"https:\/\/www.deberes.net\/tesis\/wp-json\/wp\/v2\/categories?post=39991"},{"taxonomy":"post_tag","embeddable":true,"href":"https:\/\/www.deberes.net\/tesis\/wp-json\/wp\/v2\/tags?post=39991"}],"curies":[{"name":"wp","href":"https:\/\/api.w.org\/{rel}","templated":true}]}}