{"id":40073,"date":"1999-01-01T00:00:00","date_gmt":"1999-01-01T00:00:00","guid":{"rendered":"https:\/\/www.deberes.net\/tesis\/sin-categoria\/la-real-expedicion-filantropica-de-la-vacuna-en-la-real-audiencia-de-quito\/"},"modified":"1999-01-01T00:00:00","modified_gmt":"1999-01-01T00:00:00","slug":"la-real-expedicion-filantropica-de-la-vacuna-en-la-real-audiencia-de-quito","status":"publish","type":"post","link":"https:\/\/www.deberes.net\/tesis\/historia\/la-real-expedicion-filantropica-de-la-vacuna-en-la-real-audiencia-de-quito\/","title":{"rendered":"La real expedicion filantropica de la vacuna en la real audiencia de quito."},"content":{"rendered":"<h2>Tesis doctoral de <strong>  Ramirez Martin Susana M. <\/strong><\/h2>\n<p>Esta expedici\u00f3n es un episodio ancho en el espacio (am\u00e9rica hispana, filipinas, zona fronteriza de china) y largo en el tiempo (1803-1810). preparada con detalle por carlos iv, fue realizada por m\u00e9dicos eminentes. Emple\u00f3 medios de transporte apropiados, e instrumental t\u00e9cnico de vanguardia. Prefiri\u00f3 la vacunaci\u00f3n a la inoculaci\u00f3n como medida preventiva frente a la viruela.  metodol\u00f3gicamente, la investigaci\u00f3n est\u00e1 realizada b\u00e1sicamente sobre documentos de primera mano en numerosos archivos espa\u00f1oles y americanos. Incorpor\u00f3 sistem\u00e1ticamente los datos aportados por la abundante bibliograf\u00eda consultada. La tesis ofrece tres novedades. 1a: estructuraci\u00f3n sistem\u00e1tica de las fuentes. 2a: estudio de los ni\u00f1os vacun\u00edferos con la lista completa en las diversas etapas, su procedencia costos, peripecias y funci\u00f3n. 3a: profundizaci\u00f3n en la real audiencia de quito.  aport\u00f3 una contribuci\u00f3n tantode la expedici\u00f3n en s\u00ed misma, como de sus resultados e infraestructuras.  historiogr\u00e1ficamente esta expedici\u00f3n representa un hito en la contribuci\u00f3n espa\u00f1ola a la medicina preventiva. Espa\u00f1a debe figurar en la historia de la ciencia.<\/p>\n<p>&nbsp;<\/p>\n<h3>Datos acad\u00e9micos de la tesis doctoral \u00ab<strong>La real expedicion filantropica de la vacuna en la real audiencia de quito.<\/strong>\u00ab<\/h3>\n<ul>\n<li><strong>T\u00edtulo de la tesis:<\/strong>\u00a0 La real expedicion filantropica de la vacuna en la real audiencia de quito. <\/li>\n<li><strong>Autor:<\/strong>\u00a0  Ramirez Martin Susana M. <\/li>\n<li><strong>Universidad:<\/strong>\u00a0 Complutense de Madrid<\/li>\n<li><strong>Fecha de lectura de la tesis:<\/strong>\u00a0 01\/01\/1999<\/li>\n<\/ul>\n<p>&nbsp;<\/p>\n<h3>Direcci\u00f3n y tribunal<\/h3>\n<ul>\n<li><strong>Director de la tesis<\/strong>\n<ul>\n<li>Jos\u00e9 Luis Peset Reig<\/li>\n<\/ul>\n<\/li>\n<li><strong>Tribunal<\/strong>\n<ul>\n<li>Presidente del tribunal: concepcion Navarro azcue <\/li>\n<li>Andr\u00e9s Galera gomez (vocal)<\/li>\n<li>Emilio Balguer periguel (vocal)<\/li>\n<li>Miguel Puig-samper mulero (vocal)<\/li>\n<\/ul>\n<\/li>\n<\/ul>\n<p>&nbsp;<\/p>\n","protected":false},"excerpt":{"rendered":"<p>Tesis doctoral de Ramirez Martin Susana M. Esta expedici\u00f3n es un episodio ancho en el espacio (am\u00e9rica hispana, filipinas, zona [&hellip;]<\/p>\n","protected":false},"author":1,"featured_media":0,"comment_status":"open","ping_status":"open","sticky":false,"template":"","format":"standard","meta":{"site-sidebar-layout":"default","site-content-layout":"","ast-site-content-layout":"","site-content-style":"default","site-sidebar-style":"default","ast-global-header-display":"","ast-banner-title-visibility":"","ast-main-header-display":"","ast-hfb-above-header-display":"","ast-hfb-below-header-display":"","ast-hfb-mobile-header-display":"","site-post-title":"","ast-breadcrumbs-content":"","ast-featured-img":"","footer-sml-layout":"","theme-transparent-header-meta":"","adv-header-id-meta":"","stick-header-meta":"","header-above-stick-meta":"","header-main-stick-meta":"","header-below-stick-meta":"","astra-migrate-meta-layouts":"default","ast-page-background-enabled":"default","ast-page-background-meta":{"desktop":{"background-color":"var(--ast-global-color-4)","background-image":"","background-repeat":"repeat","background-position":"center center","background-size":"auto","background-attachment":"scroll","background-type":"","background-media":"","overlay-type":"","overlay-color":"","overlay-gradient":""},"tablet":{"background-color":"","background-image":"","background-repeat":"repeat","background-position":"center center","background-size":"auto","background-attachment":"scroll","background-type":"","background-media":"","overlay-type":"","overlay-color":"","overlay-gradient":""},"mobile":{"background-color":"","background-image":"","background-repeat":"repeat","background-position":"center center","background-size":"auto","background-attachment":"scroll","background-type":"","background-media":"","overlay-type":"","overlay-color":"","overlay-gradient":""}},"ast-content-background-meta":{"desktop":{"background-color":"var(--ast-global-color-5)","background-image":"","background-repeat":"repeat","background-position":"center center","background-size":"auto","background-attachment":"scroll","background-type":"","background-media":"","overlay-type":"","overlay-color":"","overlay-gradient":""},"tablet":{"background-color":"var(--ast-global-color-5)","background-image":"","background-repeat":"repeat","background-position":"center center","background-size":"auto","background-attachment":"scroll","background-type":"","background-media":"","overlay-type":"","overlay-color":"","overlay-gradient":""},"mobile":{"background-color":"var(--ast-global-color-5)","background-image":"","background-repeat":"repeat","background-position":"center center","background-size":"auto","background-attachment":"scroll","background-type":"","background-media":"","overlay-type":"","overlay-color":"","overlay-gradient":""}},"footnotes":""},"categories":[104,221,20279,222],"tags":[65218,6903,102636,5187,102637,102635],"class_list":["post-40073","post","type-post","status-publish","format-standard","hentry","category-historia","category-historia-de-la-medicina","category-historia-de-los-descubrimientos-y-colonizacion-de-america","category-historias-especializadas","tag-andres-galera-gomez","tag-concepcion-navarro-azcue","tag-emilio-balguer-periguel","tag-jose-luis-peset-reig","tag-miguel-puig-samper-mulero","tag-ramirez-martin-susana-m"],"_links":{"self":[{"href":"https:\/\/www.deberes.net\/tesis\/wp-json\/wp\/v2\/posts\/40073","targetHints":{"allow":["GET"]}}],"collection":[{"href":"https:\/\/www.deberes.net\/tesis\/wp-json\/wp\/v2\/posts"}],"about":[{"href":"https:\/\/www.deberes.net\/tesis\/wp-json\/wp\/v2\/types\/post"}],"author":[{"embeddable":true,"href":"https:\/\/www.deberes.net\/tesis\/wp-json\/wp\/v2\/users\/1"}],"replies":[{"embeddable":true,"href":"https:\/\/www.deberes.net\/tesis\/wp-json\/wp\/v2\/comments?post=40073"}],"version-history":[{"count":0,"href":"https:\/\/www.deberes.net\/tesis\/wp-json\/wp\/v2\/posts\/40073\/revisions"}],"wp:attachment":[{"href":"https:\/\/www.deberes.net\/tesis\/wp-json\/wp\/v2\/media?parent=40073"}],"wp:term":[{"taxonomy":"category","embeddable":true,"href":"https:\/\/www.deberes.net\/tesis\/wp-json\/wp\/v2\/categories?post=40073"},{"taxonomy":"post_tag","embeddable":true,"href":"https:\/\/www.deberes.net\/tesis\/wp-json\/wp\/v2\/tags?post=40073"}],"curies":[{"name":"wp","href":"https:\/\/api.w.org\/{rel}","templated":true}]}}