{"id":40078,"date":"1999-01-01T00:00:00","date_gmt":"1999-01-01T00:00:00","guid":{"rendered":"https:\/\/www.deberes.net\/tesis\/sin-categoria\/el-arte-mudejar-en-burgos-y-su-provincia\/"},"modified":"1999-01-01T00:00:00","modified_gmt":"1999-01-01T00:00:00","slug":"el-arte-mudejar-en-burgos-y-su-provincia","status":"publish","type":"post","link":"https:\/\/www.deberes.net\/tesis\/historia\/el-arte-mudejar-en-burgos-y-su-provincia\/","title":{"rendered":"El arte mudejar en burgos y su provincia."},"content":{"rendered":"<h2>Tesis doctoral de <strong> Mar\u00eda  Luisa Concejo Diez <\/strong><\/h2>\n<p>Caracterizado por el empleo de unos materiales concretos, la madera, el ladrillo y el yeso, debemos considerar al mud\u00e9jar burgal\u00e9s como una manifestaci\u00f3n art\u00edstica que se expande por la capital y su provincia. Una vez realizado un exhaustivo recorrido por su territorio y recopiladas sus obras en un cat\u00e1logo topogr\u00e1fico, establecemos un recorrido hist\u00f3rico del arte mud\u00e9jar burgal\u00e9s basado, principalmente, en la evoluci\u00f3n de sus motivos ornamentales y en el estudio de la decoraci\u00f3n her\u00e1ldica. Iniciado en el real monasteriode las huelgas, bajo el reinado de alfonso viii (1158-1214), se difundi\u00f3 por toda la provincia hasta mediados del siglo xviii. A lo largo de su cronolog\u00eda tan amplia, principalmente de los siglos xiii al xvi, atraviesa diferentes etapas que emos determinado mediante los distintos reinados castellanos, as\u00ed como se\u00f1or\u00edos, abades y obispos que evidencian, a trav\u00e9s de sus escudos, el patrocinio de las obras art\u00edsticas. Debido a la importancia de la carpinter\u00eda hemos de destacar lo que hemos venido a denominar \u00abescuela de carpinter\u00eda g\u00f3tico mud\u00e9jar burgalesa\u00bb.#<\/p>\n<p>&nbsp;<\/p>\n<h3>Datos acad\u00e9micos de la tesis doctoral \u00ab<strong>El arte mudejar en burgos y su provincia.<\/strong>\u00ab<\/h3>\n<ul>\n<li><strong>T\u00edtulo de la tesis:<\/strong>\u00a0 El arte mudejar en burgos y su provincia. <\/li>\n<li><strong>Autor:<\/strong>\u00a0 Mar\u00eda  Luisa Concejo Diez <\/li>\n<li><strong>Universidad:<\/strong>\u00a0 Complutense de Madrid<\/li>\n<li><strong>Fecha de lectura de la tesis:<\/strong>\u00a0 01\/01\/1999<\/li>\n<\/ul>\n<p>&nbsp;<\/p>\n<h3>Direcci\u00f3n y tribunal<\/h3>\n<ul>\n<li><strong>Director de la tesis<\/strong>\n<ul>\n<li>Balbina Martinez Caviro<\/li>\n<\/ul>\n<\/li>\n<li><strong>Tribunal<\/strong>\n<ul>\n<li>Presidente del tribunal: Jes\u00fas Mar\u00eda Caama\u00f1o Martinez <\/li>\n<li>gonzalo Borras gualis (vocal)<\/li>\n<li>Jos\u00e9 Manuel Pita andrade (vocal)<\/li>\n<li>Manuel Vald\u00e9s fern\u00e1ndez (vocal)<\/li>\n<\/ul>\n<\/li>\n<\/ul>\n<p>&nbsp;<\/p>\n","protected":false},"excerpt":{"rendered":"<p>Tesis doctoral de Mar\u00eda Luisa Concejo Diez Caracterizado por el empleo de unos materiales concretos, la madera, el ladrillo y [&hellip;]<\/p>\n","protected":false},"author":1,"featured_media":0,"comment_status":"open","ping_status":"open","sticky":false,"template":"","format":"standard","meta":{"site-sidebar-layout":"default","site-content-layout":"","ast-site-content-layout":"","site-content-style":"default","site-sidebar-style":"default","ast-global-header-display":"","ast-banner-title-visibility":"","ast-main-header-display":"","ast-hfb-above-header-display":"","ast-hfb-below-header-display":"","ast-hfb-mobile-header-display":"","site-post-title":"","ast-breadcrumbs-content":"","ast-featured-img":"","footer-sml-layout":"","theme-transparent-header-meta":"","adv-header-id-meta":"","stick-header-meta":"","header-above-stick-meta":"","header-main-stick-meta":"","header-below-stick-meta":"","astra-migrate-meta-layouts":"default","ast-page-background-enabled":"default","ast-page-background-meta":{"desktop":{"background-color":"var(--ast-global-color-4)","background-image":"","background-repeat":"repeat","background-position":"center center","background-size":"auto","background-attachment":"scroll","background-type":"","background-media":"","overlay-type":"","overlay-color":"","overlay-gradient":""},"tablet":{"background-color":"","background-image":"","background-repeat":"repeat","background-position":"center center","background-size":"auto","background-attachment":"scroll","background-type":"","background-media":"","overlay-type":"","overlay-color":"","overlay-gradient":""},"mobile":{"background-color":"","background-image":"","background-repeat":"repeat","background-position":"center center","background-size":"auto","background-attachment":"scroll","background-type":"","background-media":"","overlay-type":"","overlay-color":"","overlay-gradient":""}},"ast-content-background-meta":{"desktop":{"background-color":"var(--ast-global-color-5)","background-image":"","background-repeat":"repeat","background-position":"center center","background-size":"auto","background-attachment":"scroll","background-type":"","background-media":"","overlay-type":"","overlay-color":"","overlay-gradient":""},"tablet":{"background-color":"var(--ast-global-color-5)","background-image":"","background-repeat":"repeat","background-position":"center center","background-size":"auto","background-attachment":"scroll","background-type":"","background-media":"","overlay-type":"","overlay-color":"","overlay-gradient":""},"mobile":{"background-color":"var(--ast-global-color-5)","background-image":"","background-repeat":"repeat","background-position":"center center","background-size":"auto","background-attachment":"scroll","background-type":"","background-media":"","overlay-type":"","overlay-color":"","overlay-gradient":""}},"footnotes":""},"categories":[104,1014,119,220,222],"tags":[102650,5824,2984,3683,4513,102649],"class_list":["post-40078","post","type-post","status-publish","format-standard","hentry","category-historia","category-historia-del-arte","category-historia-medieval","category-historia-por-epocas","category-historias-especializadas","tag-balbina-Martinez-caviro","tag-gonzalo-borras-gualis","tag-jesus-maria-caamano-Martinez","tag-jose-manuel-pita-andrade","tag-manuel-valdes-fernandez","tag-maria-luisa-concejo-diez"],"_links":{"self":[{"href":"https:\/\/www.deberes.net\/tesis\/wp-json\/wp\/v2\/posts\/40078","targetHints":{"allow":["GET"]}}],"collection":[{"href":"https:\/\/www.deberes.net\/tesis\/wp-json\/wp\/v2\/posts"}],"about":[{"href":"https:\/\/www.deberes.net\/tesis\/wp-json\/wp\/v2\/types\/post"}],"author":[{"embeddable":true,"href":"https:\/\/www.deberes.net\/tesis\/wp-json\/wp\/v2\/users\/1"}],"replies":[{"embeddable":true,"href":"https:\/\/www.deberes.net\/tesis\/wp-json\/wp\/v2\/comments?post=40078"}],"version-history":[{"count":0,"href":"https:\/\/www.deberes.net\/tesis\/wp-json\/wp\/v2\/posts\/40078\/revisions"}],"wp:attachment":[{"href":"https:\/\/www.deberes.net\/tesis\/wp-json\/wp\/v2\/media?parent=40078"}],"wp:term":[{"taxonomy":"category","embeddable":true,"href":"https:\/\/www.deberes.net\/tesis\/wp-json\/wp\/v2\/categories?post=40078"},{"taxonomy":"post_tag","embeddable":true,"href":"https:\/\/www.deberes.net\/tesis\/wp-json\/wp\/v2\/tags?post=40078"}],"curies":[{"name":"wp","href":"https:\/\/api.w.org\/{rel}","templated":true}]}}