{"id":40129,"date":"1999-01-01T00:00:00","date_gmt":"1999-01-01T00:00:00","guid":{"rendered":"https:\/\/www.deberes.net\/tesis\/sin-categoria\/coordinacion-hidrotermica-en-el-corto-plazo-mediante-tecnicas-de-relajacion-lagrangiana\/"},"modified":"1999-01-01T00:00:00","modified_gmt":"1999-01-01T00:00:00","slug":"coordinacion-hidrotermica-en-el-corto-plazo-mediante-tecnicas-de-relajacion-lagrangiana","status":"publish","type":"post","link":"https:\/\/www.deberes.net\/tesis\/matematicas\/coordinacion-hidrotermica-en-el-corto-plazo-mediante-tecnicas-de-relajacion-lagrangiana\/","title":{"rendered":"Coordinacion hidrotermica en el corto plazo mediante tecnicas de relajacion lagrangiana."},"content":{"rendered":"<h2>Tesis doctoral de <strong> Noemi Jimenez Redondo <\/strong><\/h2>\n<p>La coordinaci\u00f3n hidrot\u00e9rmica en el corto plazo tiene por objeto determinar el arranque y parada de los grupos t\u00e9rmicos as\u00ed como la potencia generada por los grupos t\u00e9rmicos e hidr\u00e1ulicos durante un horizonte temporal de corto plazo. El objetivo es satisfacer la demanda con un nivel apropiado de seguridad y de forma que se minimicen los costes de explotaci\u00f3n del sistema y se cumplan las restricciones que modelan el funcionamiento de las centrales t\u00e9rmicas e hidr\u00e1ulicas. matem\u00e1ticamente, el problema de la coordinaci\u00f3n hidrot\u00e9rmica en el corto plazo se plantea como un problema de optimizaci\u00f3n entero-mixto y no lineal. Para sistemas el\u00e9ctricos de tama\u00f1o realista es adem\u00e1s de gran dimensi\u00f3n. Su resoluci\u00f3n no es simple. Las t\u00e9cnicas de relajaci\u00f3n lagrangiana son las m\u00e1s apropiadas para resolver este tipo de problemas.  utilizando el m\u00e9todo de la relajaci\u00f3n lagrangiana el problema de la coordinaci\u00f3n hidrot\u00e9rmica se resuelve en tres fases. En la primera fase se resuelve el problema dual. a trav\u00e9s de los procedimientos heur\u00edsticos que se llevan a cabo en las fases 2 y 3 se obtiene una soluci\u00f3n cuasi-\u00f3ptima primal factible a partir de la soluci\u00f3n \u00f3ptima del problema dual. La mayor dificultad de los procedimientos de coordinaci\u00f3n hidrot\u00e9rmica en el corto plazo mediante t\u00e9cnicas de relajaci\u00f3n lagrangiana estriba en la resoluci\u00f3n del problema dual. El problema dual es un problema de optimizaci\u00f3n no diferenciable. se resuelve a trav\u00e9s de un proceso iterativo. la clave de la eficiencia de la resoluci\u00f3n del problema dual est\u00e1 en el m\u00e9todo de actualizaci\u00f3n de multiplicadores empleado.  en esta tesis se estudian en detalle y se proponen nuevos m\u00e9todos de actualizaci\u00f3n de multiplicadores. El m\u00e9todo de los hiperplanos secantes con control din\u00e1mico de la regi\u00f3n de factibilidad y l\u00edmite m\u00e1ximo al n\u00famero de hiperplanos (original de este trabajo) es un m\u00e9todo no-oscilatorio y computacionalmente eficien<\/p>\n<p>&nbsp;<\/p>\n<h3>Datos acad\u00e9micos de la tesis doctoral \u00ab<strong>Coordinacion hidrotermica en el corto plazo mediante tecnicas de relajacion lagrangiana.<\/strong>\u00ab<\/h3>\n<ul>\n<li><strong>T\u00edtulo de la tesis:<\/strong>\u00a0 Coordinacion hidrotermica en el corto plazo mediante tecnicas de relajacion lagrangiana. <\/li>\n<li><strong>Autor:<\/strong>\u00a0 Noemi Jimenez Redondo <\/li>\n<li><strong>Universidad:<\/strong>\u00a0 M\u00e1laga<\/li>\n<li><strong>Fecha de lectura de la tesis:<\/strong>\u00a0 01\/01\/1999<\/li>\n<\/ul>\n<p>&nbsp;<\/p>\n<h3>Direcci\u00f3n y tribunal<\/h3>\n<ul>\n<li><strong>Director de la tesis<\/strong>\n<ul>\n<li>Antonio  Jes\u00fas Conejo Navarro<\/li>\n<\/ul>\n<\/li>\n<li><strong>Tribunal<\/strong>\n<ul>\n<li>Presidente del tribunal: Antonio G\u00f3mez exp\u00f3sito <\/li>\n<li> Prieto fernandez fco. Javier (vocal)<\/li>\n<li>Jos\u00e9 Cidras pidre (vocal)<\/li>\n<li>Carlos Roldan porta (vocal)<\/li>\n<\/ul>\n<\/li>\n<\/ul>\n<p>&nbsp;<\/p>\n","protected":false},"excerpt":{"rendered":"<p>Tesis doctoral de Noemi Jimenez Redondo La coordinaci\u00f3n hidrot\u00e9rmica en el corto plazo tiene por objeto determinar el arranque y [&hellip;]<\/p>\n","protected":false},"author":1,"featured_media":0,"comment_status":"open","ping_status":"open","sticky":false,"template":"","format":"standard","meta":{"site-sidebar-layout":"default","site-content-layout":"","ast-site-content-layout":"","site-content-style":"default","site-sidebar-style":"default","ast-global-header-display":"","ast-banner-title-visibility":"","ast-main-header-display":"","ast-hfb-above-header-display":"","ast-hfb-below-header-display":"","ast-hfb-mobile-header-display":"","site-post-title":"","ast-breadcrumbs-content":"","ast-featured-img":"","footer-sml-layout":"","theme-transparent-header-meta":"","adv-header-id-meta":"","stick-header-meta":"","header-above-stick-meta":"","header-main-stick-meta":"","header-below-stick-meta":"","astra-migrate-meta-layouts":"default","ast-page-background-enabled":"default","ast-page-background-meta":{"desktop":{"background-color":"var(--ast-global-color-4)","background-image":"","background-repeat":"repeat","background-position":"center center","background-size":"auto","background-attachment":"scroll","background-type":"","background-media":"","overlay-type":"","overlay-color":"","overlay-gradient":""},"tablet":{"background-color":"","background-image":"","background-repeat":"repeat","background-position":"center center","background-size":"auto","background-attachment":"scroll","background-type":"","background-media":"","overlay-type":"","overlay-color":"","overlay-gradient":""},"mobile":{"background-color":"","background-image":"","background-repeat":"repeat","background-position":"center center","background-size":"auto","background-attachment":"scroll","background-type":"","background-media":"","overlay-type":"","overlay-color":"","overlay-gradient":""}},"ast-content-background-meta":{"desktop":{"background-color":"var(--ast-global-color-5)","background-image":"","background-repeat":"repeat","background-position":"center center","background-size":"auto","background-attachment":"scroll","background-type":"","background-media":"","overlay-type":"","overlay-color":"","overlay-gradient":""},"tablet":{"background-color":"var(--ast-global-color-5)","background-image":"","background-repeat":"repeat","background-position":"center center","background-size":"auto","background-attachment":"scroll","background-type":"","background-media":"","overlay-type":"","overlay-color":"","overlay-gradient":""},"mobile":{"background-color":"var(--ast-global-color-5)","background-image":"","background-repeat":"repeat","background-position":"center center","background-size":"auto","background-attachment":"scroll","background-type":"","background-media":"","overlay-type":"","overlay-color":"","overlay-gradient":""}},"footnotes":""},"categories":[13391,332,8096,6264,7834,126,8135],"tags":[10839,8102,57880,16096,74039,102724],"class_list":["post-40129","post","type-post","status-publish","format-standard","hentry","category-aplicaciones-electricas","category-ciencias-tecnologicas","category-ingenieria-y-tecnologia-electricas","category-investigacion-operativa","category-malaga","category-matematicas","category-programacion-lineal","tag-antonio-gomez-exposito","tag-antonio-jesus-conejo-navarro","tag-carlos-roldan-porta","tag-jose-cidras-pidre","tag-noemi-jimenez-redondo","tag-prieto-fernandez-fco-javier"],"_links":{"self":[{"href":"https:\/\/www.deberes.net\/tesis\/wp-json\/wp\/v2\/posts\/40129","targetHints":{"allow":["GET"]}}],"collection":[{"href":"https:\/\/www.deberes.net\/tesis\/wp-json\/wp\/v2\/posts"}],"about":[{"href":"https:\/\/www.deberes.net\/tesis\/wp-json\/wp\/v2\/types\/post"}],"author":[{"embeddable":true,"href":"https:\/\/www.deberes.net\/tesis\/wp-json\/wp\/v2\/users\/1"}],"replies":[{"embeddable":true,"href":"https:\/\/www.deberes.net\/tesis\/wp-json\/wp\/v2\/comments?post=40129"}],"version-history":[{"count":0,"href":"https:\/\/www.deberes.net\/tesis\/wp-json\/wp\/v2\/posts\/40129\/revisions"}],"wp:attachment":[{"href":"https:\/\/www.deberes.net\/tesis\/wp-json\/wp\/v2\/media?parent=40129"}],"wp:term":[{"taxonomy":"category","embeddable":true,"href":"https:\/\/www.deberes.net\/tesis\/wp-json\/wp\/v2\/categories?post=40129"},{"taxonomy":"post_tag","embeddable":true,"href":"https:\/\/www.deberes.net\/tesis\/wp-json\/wp\/v2\/tags?post=40129"}],"curies":[{"name":"wp","href":"https:\/\/api.w.org\/{rel}","templated":true}]}}