{"id":40201,"date":"1999-01-01T00:00:00","date_gmt":"1999-01-01T00:00:00","guid":{"rendered":"https:\/\/www.deberes.net\/tesis\/sin-categoria\/sindrome-de-apnea-obstructiva-del-sueno-y-funcion-sexual-masculina\/"},"modified":"1999-01-01T00:00:00","modified_gmt":"1999-01-01T00:00:00","slug":"sindrome-de-apnea-obstructiva-del-sueno-y-funcion-sexual-masculina","status":"publish","type":"post","link":"https:\/\/www.deberes.net\/tesis\/ciencias-medicas\/sindrome-de-apnea-obstructiva-del-sueno-y-funcion-sexual-masculina\/","title":{"rendered":"Sindrome de apnea obstructiva del sue\u00f1o y funcion sexual masculina."},"content":{"rendered":"<h2>Tesis doctoral de <strong> Julio Torres Jimenez <\/strong><\/h2>\n<p>En una muestra de 70 varones entre 25 y 75 a\u00f1os con sospecha de s\u00edndrome de apnea obstructiva del sue\u00f1o (saos), se ha medido testosterona y lh, diversas variables antropom\u00e9tricas, funcionales, anl\u00edticas y electrocardiogr\u00e1ficas; adem\u00e1s se ha realizado un cuestionario de actividad sexual y, finalmente, un estudio polisomnogr\u00e1fico de sue\u00f1o.  resultados: el nivel de testosterona en sujetos con saos es significativamente inferior al encontrado en el grupo de pacientes sin saos, y en el 14% de los saos, \u00e9ste nivel es inferior a la normalidad. Esta disminuci\u00f3n se asocia sobre todo a las desaturaciones nocturnas, a la obesidad y al \u00edndice de apnea\/hipopnea superior a 10\/hora. la calidad de vida sexual es significativamente \u00abpeor\u00bb en los sujetos que presentan un nivel de testosterona inferior a la normalidad. finalmente se ha encontrado que un nivel de testosterona superior a 4.5ng\/ml tiene un valor predictivo negativo para el diagn\u00f3stico final de saos del 85%, valor que asciende al 91% si el punto de corte se pone en 5 ng\/ml.<\/p>\n<p>&nbsp;<\/p>\n<h3>Datos acad\u00e9micos de la tesis doctoral \u00ab<strong>Sindrome de apnea obstructiva del sue\u00f1o y funcion sexual masculina.<\/strong>\u00ab<\/h3>\n<ul>\n<li><strong>T\u00edtulo de la tesis:<\/strong>\u00a0 Sindrome de apnea obstructiva del sue\u00f1o y funcion sexual masculina. <\/li>\n<li><strong>Autor:<\/strong>\u00a0 Julio Torres Jimenez <\/li>\n<li><strong>Universidad:<\/strong>\u00a0 M\u00e1laga<\/li>\n<li><strong>Fecha de lectura de la tesis:<\/strong>\u00a0 01\/01\/1999<\/li>\n<\/ul>\n<p>&nbsp;<\/p>\n<h3>Direcci\u00f3n y tribunal<\/h3>\n<ul>\n<li><strong>Director de la tesis<\/strong>\n<ul>\n<li>Salvador Gonzalez Baron<\/li>\n<\/ul>\n<\/li>\n<li><strong>Tribunal<\/strong>\n<ul>\n<li>Presidente del tribunal:  Sanchez de la cuesta felipe <\/li>\n<li>Jos\u00e9 Castillo g\u00f3mez (vocal)<\/li>\n<li>Fernando Fuentes otero (vocal)<\/li>\n<li>Francisco Miralles lozano (vocal)<\/li>\n<\/ul>\n<\/li>\n<\/ul>\n<p>&nbsp;<\/p>\n","protected":false},"excerpt":{"rendered":"<p>Tesis doctoral de Julio Torres Jimenez En una muestra de 70 varones entre 25 y 75 a\u00f1os con sospecha de [&hellip;]<\/p>\n","protected":false},"author":1,"featured_media":0,"comment_status":"open","ping_status":"open","sticky":false,"template":"","format":"standard","meta":{"site-sidebar-layout":"default","site-content-layout":"","ast-site-content-layout":"","site-content-style":"default","site-sidebar-style":"default","ast-global-header-display":"","ast-banner-title-visibility":"","ast-main-header-display":"","ast-hfb-above-header-display":"","ast-hfb-below-header-display":"","ast-hfb-mobile-header-display":"","site-post-title":"","ast-breadcrumbs-content":"","ast-featured-img":"","footer-sml-layout":"","theme-transparent-header-meta":"","adv-header-id-meta":"","stick-header-meta":"","header-above-stick-meta":"","header-main-stick-meta":"","header-below-stick-meta":"","astra-migrate-meta-layouts":"default","ast-page-background-enabled":"default","ast-page-background-meta":{"desktop":{"background-color":"var(--ast-global-color-4)","background-image":"","background-repeat":"repeat","background-position":"center center","background-size":"auto","background-attachment":"scroll","background-type":"","background-media":"","overlay-type":"","overlay-color":"","overlay-gradient":""},"tablet":{"background-color":"","background-image":"","background-repeat":"repeat","background-position":"center center","background-size":"auto","background-attachment":"scroll","background-type":"","background-media":"","overlay-type":"","overlay-color":"","overlay-gradient":""},"mobile":{"background-color":"","background-image":"","background-repeat":"repeat","background-position":"center center","background-size":"auto","background-attachment":"scroll","background-type":"","background-media":"","overlay-type":"","overlay-color":"","overlay-gradient":""}},"ast-content-background-meta":{"desktop":{"background-color":"var(--ast-global-color-5)","background-image":"","background-repeat":"repeat","background-position":"center center","background-size":"auto","background-attachment":"scroll","background-type":"","background-media":"","overlay-type":"","overlay-color":"","overlay-gradient":""},"tablet":{"background-color":"var(--ast-global-color-5)","background-image":"","background-repeat":"repeat","background-position":"center center","background-size":"auto","background-attachment":"scroll","background-type":"","background-media":"","overlay-type":"","overlay-color":"","overlay-gradient":""},"mobile":{"background-color":"var(--ast-global-color-5)","background-image":"","background-repeat":"repeat","background-position":"center center","background-size":"auto","background-attachment":"scroll","background-type":"","background-media":"","overlay-type":"","overlay-color":"","overlay-gradient":""}},"footnotes":""},"categories":[52172,155,35,9,69,17971,817,7834,139],"tags":[11123,47420,11121,102830,17975,3170],"class_list":["post-40201","post","type-post","status-publish","format-standard","hentry","category-andrologia","category-ciencias-clinicas","category-ciencias-de-la-vida","category-ciencias-medicas","category-enfermedades-pulmonares","category-fisiologia-de-la-respiracion","category-fisiologia-humana","category-malaga","category-medicina-interna","tag-fernando-fuentes-otero","tag-francisco-miralles-lozano","tag-jose-castillo-gomez","tag-julio-torres-jimenez","tag-salvador-gonzalez-baron","tag-sanchez-de-la-cuesta-felipe"],"_links":{"self":[{"href":"https:\/\/www.deberes.net\/tesis\/wp-json\/wp\/v2\/posts\/40201","targetHints":{"allow":["GET"]}}],"collection":[{"href":"https:\/\/www.deberes.net\/tesis\/wp-json\/wp\/v2\/posts"}],"about":[{"href":"https:\/\/www.deberes.net\/tesis\/wp-json\/wp\/v2\/types\/post"}],"author":[{"embeddable":true,"href":"https:\/\/www.deberes.net\/tesis\/wp-json\/wp\/v2\/users\/1"}],"replies":[{"embeddable":true,"href":"https:\/\/www.deberes.net\/tesis\/wp-json\/wp\/v2\/comments?post=40201"}],"version-history":[{"count":0,"href":"https:\/\/www.deberes.net\/tesis\/wp-json\/wp\/v2\/posts\/40201\/revisions"}],"wp:attachment":[{"href":"https:\/\/www.deberes.net\/tesis\/wp-json\/wp\/v2\/media?parent=40201"}],"wp:term":[{"taxonomy":"category","embeddable":true,"href":"https:\/\/www.deberes.net\/tesis\/wp-json\/wp\/v2\/categories?post=40201"},{"taxonomy":"post_tag","embeddable":true,"href":"https:\/\/www.deberes.net\/tesis\/wp-json\/wp\/v2\/tags?post=40201"}],"curies":[{"name":"wp","href":"https:\/\/api.w.org\/{rel}","templated":true}]}}