{"id":40223,"date":"1999-01-01T00:00:00","date_gmt":"1999-01-01T00:00:00","guid":{"rendered":"https:\/\/www.deberes.net\/tesis\/sin-categoria\/el-proyecto-ilustrado-de-enrique-tierno-galvan\/"},"modified":"1999-01-01T00:00:00","modified_gmt":"1999-01-01T00:00:00","slug":"el-proyecto-ilustrado-de-enrique-tierno-galvan","status":"publish","type":"post","link":"https:\/\/www.deberes.net\/tesis\/filosofia\/el-proyecto-ilustrado-de-enrique-tierno-galvan\/","title":{"rendered":"El proyecto ilustrado de enrique tierno galvan."},"content":{"rendered":"<h2>Tesis doctoral de <strong> Jorge Novella Suarez <\/strong><\/h2>\n<p>El proyecto ilustrado de enrique tierno galvan supera el g\u00e9nero de la biograf\u00eda intelectual y pol\u00edtica. Se expone la gestaci\u00f3n, evoluci\u00f3n y desarrollo del pensamiento filos\u00f3fico-pol\u00edtico de tierno galv\u00e1n. Para ello, en una primera parte, (hist\u00f3rica), se abordan sus distintas etapas, las fases de expansi\u00f3n ideol\u00f3gica, teniendo como contexto y contrapunto el marco hist\u00f3rico de la espa\u00f1a que le toc\u00f3 vivir. En una segunda parte (sistem\u00e1tica) se estudian sus diversas estrategias narrativas, temas y cuestiones que vertebran su pensamiento (filosofa, sociologa, derecho, pensamiento politico espa\u00f1ol del siglo xix, barroco, marxismo, neopositivismo, filosofia analitica, funcionalismo, etc.). ambas partes son complementarias y est\u00e1 asegurada su unidad por las abundantes referencias internas. su papel como precursor de la modernidad y organizador pol\u00edtico, su perspectiva ilustrada, est\u00e1 ligado a la introducci\u00f3n de hume, montesquieu, wittgenstein, burke, hobbes, rousseau, diderot, baboeuf, marx, etc. en la cultura espa\u00f1ola; principalmente en traducciones, introducciones y antolog\u00edas. A la vez que renovaba las corrientes de pensamiento en nuestro pa\u00eds, iniciaba una protesta moral, que ten\u00eda como finalidad el advenimiento de un sistema democr\u00e1tico e instaurar un estado de derecho. A este proceso lo llamamos reconstruccion de la razon. Rescatar de nuestra historia aquellas corrientes de pensamiento de sesgo liberal y democr\u00e1tico, que han sido sojuzgadas por un tradicionalismo, que se convierte en la \u00fanica tradici\u00f3n. De ah\u00ed que con el profesor tierno recorramos los hitos de estas dos tradiciones, imprescindibles para entender los \u00faltimos cincuenta a\u00f1os de la vida espa\u00f1ola.  por supuesto que est\u00e1 omnipresente el \u00abtierno pol\u00edtico\u00bb, sus relaciones tormentosas con el psoe y otras fuerzas de oposici\u00f3n, su tarea como alcalde y su concepci\u00f3n de la ciudad como espacio para la utop\u00eda, la paz y la igualdad. Como intele<\/p>\n<p>&nbsp;<\/p>\n<h3>Datos acad\u00e9micos de la tesis doctoral \u00ab<strong>El proyecto ilustrado de enrique tierno galvan.<\/strong>\u00ab<\/h3>\n<ul>\n<li><strong>T\u00edtulo de la tesis:<\/strong>\u00a0 El proyecto ilustrado de enrique tierno galvan. <\/li>\n<li><strong>Autor:<\/strong>\u00a0 Jorge Novella Suarez <\/li>\n<li><strong>Universidad:<\/strong>\u00a0 Murcia<\/li>\n<li><strong>Fecha de lectura de la tesis:<\/strong>\u00a0 01\/01\/1999<\/li>\n<\/ul>\n<p>&nbsp;<\/p>\n<h3>Direcci\u00f3n y tribunal<\/h3>\n<ul>\n<li><strong>Director de la tesis<\/strong>\n<ul>\n<li>Francisco Jarauta Marion<\/li>\n<\/ul>\n<\/li>\n<li><strong>Tribunal<\/strong>\n<ul>\n<li>Presidente del tribunal: elias Diaz garcia <\/li>\n<li>raul Morodo leoncio (vocal)<\/li>\n<li>pedro Cerezo galan (vocal)<\/li>\n<li>Jos\u00e9 Luis Abellan garcia (vocal)<\/li>\n<\/ul>\n<\/li>\n<\/ul>\n<p>&nbsp;<\/p>\n","protected":false},"excerpt":{"rendered":"<p>Tesis doctoral de Jorge Novella Suarez El proyecto ilustrado de enrique tierno galvan supera el g\u00e9nero de la biograf\u00eda intelectual [&hellip;]<\/p>\n","protected":false},"author":1,"featured_media":0,"comment_status":"open","ping_status":"open","sticky":false,"template":"","format":"standard","meta":{"site-sidebar-layout":"default","site-content-layout":"","ast-site-content-layout":"","site-content-style":"default","site-sidebar-style":"default","ast-global-header-display":"","ast-banner-title-visibility":"","ast-main-header-display":"","ast-hfb-above-header-display":"","ast-hfb-below-header-display":"","ast-hfb-mobile-header-display":"","site-post-title":"","ast-breadcrumbs-content":"","ast-featured-img":"","footer-sml-layout":"","theme-transparent-header-meta":"","adv-header-id-meta":"","stick-header-meta":"","header-above-stick-meta":"","header-main-stick-meta":"","header-below-stick-meta":"","astra-migrate-meta-layouts":"default","ast-page-background-enabled":"default","ast-page-background-meta":{"desktop":{"background-color":"var(--ast-global-color-4)","background-image":"","background-repeat":"repeat","background-position":"center center","background-size":"auto","background-attachment":"scroll","background-type":"","background-media":"","overlay-type":"","overlay-color":"","overlay-gradient":""},"tablet":{"background-color":"","background-image":"","background-repeat":"repeat","background-position":"center center","background-size":"auto","background-attachment":"scroll","background-type":"","background-media":"","overlay-type":"","overlay-color":"","overlay-gradient":""},"mobile":{"background-color":"","background-image":"","background-repeat":"repeat","background-position":"center center","background-size":"auto","background-attachment":"scroll","background-type":"","background-media":"","overlay-type":"","overlay-color":"","overlay-gradient":""}},"ast-content-background-meta":{"desktop":{"background-color":"var(--ast-global-color-5)","background-image":"","background-repeat":"repeat","background-position":"center center","background-size":"auto","background-attachment":"scroll","background-type":"","background-media":"","overlay-type":"","overlay-color":"","overlay-gradient":""},"tablet":{"background-color":"var(--ast-global-color-5)","background-image":"","background-repeat":"repeat","background-position":"center center","background-size":"auto","background-attachment":"scroll","background-type":"","background-media":"","overlay-type":"","overlay-color":"","overlay-gradient":""},"mobile":{"background-color":"var(--ast-global-color-5)","background-image":"","background-repeat":"repeat","background-position":"center center","background-size":"auto","background-attachment":"scroll","background-type":"","background-media":"","overlay-type":"","overlay-color":"","overlay-gradient":""}},"footnotes":""},"categories":[165,8535,6008,1078,8235,990],"tags":[6919,8503,102867,23963,6431,909],"class_list":["post-40223","post","type-post","status-publish","format-standard","hentry","category-filosofia","category-filosofia-actual","category-filosofia-politica","category-filosofia-social","category-murcia","category-sistemas-filosoficos","tag-elias-diaz-garcia","tag-francisco-jarauta-marion","tag-jorge-novella-suarez","tag-jose-luis-abellan-garcia","tag-pedro-cerezo-galan","tag-raul-morodo-leoncio"],"_links":{"self":[{"href":"https:\/\/www.deberes.net\/tesis\/wp-json\/wp\/v2\/posts\/40223","targetHints":{"allow":["GET"]}}],"collection":[{"href":"https:\/\/www.deberes.net\/tesis\/wp-json\/wp\/v2\/posts"}],"about":[{"href":"https:\/\/www.deberes.net\/tesis\/wp-json\/wp\/v2\/types\/post"}],"author":[{"embeddable":true,"href":"https:\/\/www.deberes.net\/tesis\/wp-json\/wp\/v2\/users\/1"}],"replies":[{"embeddable":true,"href":"https:\/\/www.deberes.net\/tesis\/wp-json\/wp\/v2\/comments?post=40223"}],"version-history":[{"count":0,"href":"https:\/\/www.deberes.net\/tesis\/wp-json\/wp\/v2\/posts\/40223\/revisions"}],"wp:attachment":[{"href":"https:\/\/www.deberes.net\/tesis\/wp-json\/wp\/v2\/media?parent=40223"}],"wp:term":[{"taxonomy":"category","embeddable":true,"href":"https:\/\/www.deberes.net\/tesis\/wp-json\/wp\/v2\/categories?post=40223"},{"taxonomy":"post_tag","embeddable":true,"href":"https:\/\/www.deberes.net\/tesis\/wp-json\/wp\/v2\/tags?post=40223"}],"curies":[{"name":"wp","href":"https:\/\/api.w.org\/{rel}","templated":true}]}}