{"id":40236,"date":"1999-01-01T00:00:00","date_gmt":"1999-01-01T00:00:00","guid":{"rendered":"https:\/\/www.deberes.net\/tesis\/sin-categoria\/una-lectura-de-el-nacimiento-de-la-tragedia-a-partir-de-sus-escritos-preparatorios-y-fragmentos-postumos\/"},"modified":"1999-01-01T00:00:00","modified_gmt":"1999-01-01T00:00:00","slug":"una-lectura-de-el-nacimiento-de-la-tragedia-a-partir-de-sus-escritos-preparatorios-y-fragmentos-postumos","status":"publish","type":"post","link":"https:\/\/www.deberes.net\/tesis\/filosofia\/una-lectura-de-el-nacimiento-de-la-tragedia-a-partir-de-sus-escritos-preparatorios-y-fragmentos-postumos\/","title":{"rendered":"Una lectura de el nacimiento de la tragedia a partir de sus escritos  preparatorios y fragmentos postumos."},"content":{"rendered":"<h2>Tesis doctoral de <strong> Hector Julio Perez Lopez <\/strong><\/h2>\n<p>La tesis doctoral presenta un estudio de la evoluci\u00f3n de la est\u00e9tica de lo apol\u00edneo -dionis\u00edaco de el nacimiento de la tragedia, desde sus primeros pasos en el oto\u00f1o de 1869 hasta el momento en el que nietzsche realiza la redacci\u00f3n del texto definitivo para el libro. El objeto de la investigaci\u00f3n ha sido el poner a la luz el n\u00facleo de esa est\u00e9tica, consistente en ser una teor\u00eda de la creaci\u00f3n de la poes\u00eda l\u00edrica, y no de la tragedia como espect\u00e1culo teatral. A partir de una atenci\u00f3n especial a la conceptualidad musical, el trabajo ofrece esa visi\u00f3n mostrando las influencias de wagner y schopenhauer en textos in\u00e9ditos y materiales a los que la investigaci\u00f3n no hab\u00eda prestado atenci\u00f3n hasta ahora.  puntos fundamentales en esa visi\u00f3n son sobre todo el reconocimiento del concepto de inconsciente como significado de la expresi\u00f3n musical, la recepci\u00f3n de la teor\u00eda wagneriana del drama y la determinaci\u00f3n exacta de las influencias schopenhauerianas en la cuesti\u00f3n del pesimismo.<\/p>\n<p>&nbsp;<\/p>\n<h3>Datos acad\u00e9micos de la tesis doctoral \u00ab<strong>Una lectura de el nacimiento de la tragedia a partir de sus escritos  preparatorios y fragmentos postumos.<\/strong>\u00ab<\/h3>\n<ul>\n<li><strong>T\u00edtulo de la tesis:<\/strong>\u00a0 Una lectura de el nacimiento de la tragedia a partir de sus escritos  preparatorios y fragmentos postumos. <\/li>\n<li><strong>Autor:<\/strong>\u00a0 Hector Julio Perez Lopez <\/li>\n<li><strong>Universidad:<\/strong>\u00a0 Murcia<\/li>\n<li><strong>Fecha de lectura de la tesis:<\/strong>\u00a0 01\/01\/1999<\/li>\n<\/ul>\n<p>&nbsp;<\/p>\n<h3>Direcci\u00f3n y tribunal<\/h3>\n<ul>\n<li><strong>Director de la tesis<\/strong>\n<ul>\n<li>Jos\u00e9 Luis Villaca\u00f1as Berlanga<\/li>\n<\/ul>\n<\/li>\n<li><strong>Tribunal<\/strong>\n<ul>\n<li>Presidente del tribunal: michele Cometa <\/li>\n<li>diego S\u00e1nchez meca (vocal)<\/li>\n<li>remedios Avila crespo (vocal)<\/li>\n<li>eduardo Bello reguera (vocal)<\/li>\n<\/ul>\n<\/li>\n<\/ul>\n<p>&nbsp;<\/p>\n","protected":false},"excerpt":{"rendered":"<p>Tesis doctoral de Hector Julio Perez Lopez La tesis doctoral presenta un estudio de la evoluci\u00f3n de la est\u00e9tica de [&hellip;]<\/p>\n","protected":false},"author":1,"featured_media":0,"comment_status":"open","ping_status":"open","sticky":false,"template":"","format":"standard","meta":{"site-sidebar-layout":"default","site-content-layout":"","ast-site-content-layout":"","site-content-style":"default","site-sidebar-style":"default","ast-global-header-display":"","ast-banner-title-visibility":"","ast-main-header-display":"","ast-hfb-above-header-display":"","ast-hfb-below-header-display":"","ast-hfb-mobile-header-display":"","site-post-title":"","ast-breadcrumbs-content":"","ast-featured-img":"","footer-sml-layout":"","theme-transparent-header-meta":"","adv-header-id-meta":"","stick-header-meta":"","header-above-stick-meta":"","header-main-stick-meta":"","header-below-stick-meta":"","astra-migrate-meta-layouts":"default","ast-page-background-enabled":"default","ast-page-background-meta":{"desktop":{"background-color":"var(--ast-global-color-4)","background-image":"","background-repeat":"repeat","background-position":"center center","background-size":"auto","background-attachment":"scroll","background-type":"","background-media":"","overlay-type":"","overlay-color":"","overlay-gradient":""},"tablet":{"background-color":"","background-image":"","background-repeat":"repeat","background-position":"center center","background-size":"auto","background-attachment":"scroll","background-type":"","background-media":"","overlay-type":"","overlay-color":"","overlay-gradient":""},"mobile":{"background-color":"","background-image":"","background-repeat":"repeat","background-position":"center center","background-size":"auto","background-attachment":"scroll","background-type":"","background-media":"","overlay-type":"","overlay-color":"","overlay-gradient":""}},"ast-content-background-meta":{"desktop":{"background-color":"var(--ast-global-color-5)","background-image":"","background-repeat":"repeat","background-position":"center center","background-size":"auto","background-attachment":"scroll","background-type":"","background-media":"","overlay-type":"","overlay-color":"","overlay-gradient":""},"tablet":{"background-color":"var(--ast-global-color-5)","background-image":"","background-repeat":"repeat","background-position":"center center","background-size":"auto","background-attachment":"scroll","background-type":"","background-media":"","overlay-type":"","overlay-color":"","overlay-gradient":""},"mobile":{"background-color":"var(--ast-global-color-5)","background-image":"","background-repeat":"repeat","background-position":"center center","background-size":"auto","background-attachment":"scroll","background-type":"","background-media":"","overlay-type":"","overlay-color":"","overlay-gradient":""}},"footnotes":""},"categories":[960,10452,165,8535,8235,990],"tags":[17243,8537,82356,12149,102884,17333],"class_list":["post-40236","post","type-post","status-publish","format-standard","hentry","category-antropologia-filosofica","category-estetica","category-filosofia","category-filosofia-actual","category-murcia","category-sistemas-filosoficos","tag-diego-sanchez-meca","tag-eduardo-bello-reguera","tag-hector-julio-perez-lopez","tag-jose-luis-villacanas-berlanga","tag-michele-cometa","tag-remedios-avila-crespo"],"_links":{"self":[{"href":"https:\/\/www.deberes.net\/tesis\/wp-json\/wp\/v2\/posts\/40236","targetHints":{"allow":["GET"]}}],"collection":[{"href":"https:\/\/www.deberes.net\/tesis\/wp-json\/wp\/v2\/posts"}],"about":[{"href":"https:\/\/www.deberes.net\/tesis\/wp-json\/wp\/v2\/types\/post"}],"author":[{"embeddable":true,"href":"https:\/\/www.deberes.net\/tesis\/wp-json\/wp\/v2\/users\/1"}],"replies":[{"embeddable":true,"href":"https:\/\/www.deberes.net\/tesis\/wp-json\/wp\/v2\/comments?post=40236"}],"version-history":[{"count":0,"href":"https:\/\/www.deberes.net\/tesis\/wp-json\/wp\/v2\/posts\/40236\/revisions"}],"wp:attachment":[{"href":"https:\/\/www.deberes.net\/tesis\/wp-json\/wp\/v2\/media?parent=40236"}],"wp:term":[{"taxonomy":"category","embeddable":true,"href":"https:\/\/www.deberes.net\/tesis\/wp-json\/wp\/v2\/categories?post=40236"},{"taxonomy":"post_tag","embeddable":true,"href":"https:\/\/www.deberes.net\/tesis\/wp-json\/wp\/v2\/tags?post=40236"}],"curies":[{"name":"wp","href":"https:\/\/api.w.org\/{rel}","templated":true}]}}