{"id":40278,"date":"1999-01-01T00:00:00","date_gmt":"1999-01-01T00:00:00","guid":{"rendered":"https:\/\/www.deberes.net\/tesis\/sin-categoria\/estudio-longitudinal-de-crecimiento-de-recien-nacidos-pretermino-en-la-region-de-murcia\/"},"modified":"1999-01-01T00:00:00","modified_gmt":"1999-01-01T00:00:00","slug":"estudio-longitudinal-de-crecimiento-de-recien-nacidos-pretermino-en-la-region-de-murcia","status":"publish","type":"post","link":"https:\/\/www.deberes.net\/tesis\/ciencias-medicas\/estudio-longitudinal-de-crecimiento-de-recien-nacidos-pretermino-en-la-region-de-murcia\/","title":{"rendered":"Estudio longitudinal de crecimiento de recien nacidos pretermino en la region de murcia."},"content":{"rendered":"<h2>Tesis doctoral de <strong> Jose Rodriguez Garcia <\/strong><\/h2>\n<p>Se realiza un estudio longitudinal de crecimiento en reci\u00e9n nacidos pret\u00e9rmino. Objetivos: estudiar el crecimiento postnatal de los rn pret\u00e9rmino y comparar el crecimiento de nuestros rn pret\u00e9rmino con otras poblaciones. Material y m\u00e9todo: 103 rn pret\u00e9rmino de 28 a 36 semanas de edad gestacional, ingresados en el hospital universitario infantil virgen de la arrixaca de murcia en el per\u00edodo comprendido entre abril de 1994 y junio de 1995. Se han seleccionado ni\u00f1os captados en las primeras 24 horas de vida, sin condiciones prenatales que afecten al crecimiento. Se han excluido los que han sufrido patolog\u00eda grave. Se realiza el estudio desde el nacimiento hasta las semanas 48 a 52 de edad postconcepcional. Se utiliza el modelo de regresi\u00f3n en dos etapas como m\u00e9todo estad\u00edstico para el c\u00e1lculo de las gr\u00e1ficas de percentiles. se elaboran curvas de evoluci\u00f3n postnatal de peso. Se compara el crecimiento de los rn peg con la poblaci\u00f3n general. Resultados: se construyen gr\u00e1ficas de crecimiento de percentiles para los siguientes par\u00e1metros: peso, longitud, longitud v\u00e9rtex-c\u00f3ccix, per\u00edmetro tor\u00e1cico, anchura biacromial, anchura de t\u00f3rax, profundidad de t\u00f3rax, distancia intermamilar, per\u00edmetro abdominal, anchura bicrestal, per\u00edmetro de brazo, anchura de mano, longitud de pie, per\u00edmetro cef\u00e1lico, longitud de la cabeza, di\u00e1metro biparietal, pliegue subescapular y pliegue tricipital. Conclusiones: el crecimiento postnatal de los rn pret\u00e9rmino en peso y longitud es uniforme, progresivo, pr\u00e1cticamente lineal, no mostrando el aplanamiento caracter\u00edstico del crecimiento intrauterino, por lo que las gr\u00e1ficas de crecimiento intrauterino no son adecuadas para valorar el crecimiento postnatal del rn pret\u00e9rmino. Otros segmentos corporales como pc, per\u00edmetro de brazo, longitud de la cabeza, per\u00edmetro abdominal, per\u00edmetro tor\u00e1cico experimentan una cierta ralentizaci\u00f3n a las 42 o 43 semanas de edad postconcepcional, lo<\/p>\n<p>&nbsp;<\/p>\n<h3>Datos acad\u00e9micos de la tesis doctoral \u00ab<strong>Estudio longitudinal de crecimiento de recien nacidos pretermino en la region de murcia.<\/strong>\u00ab<\/h3>\n<ul>\n<li><strong>T\u00edtulo de la tesis:<\/strong>\u00a0 Estudio longitudinal de crecimiento de recien nacidos pretermino en la region de murcia. <\/li>\n<li><strong>Autor:<\/strong>\u00a0 Jose Rodriguez Garcia <\/li>\n<li><strong>Universidad:<\/strong>\u00a0 Murcia<\/li>\n<li><strong>Fecha de lectura de la tesis:<\/strong>\u00a0 01\/01\/1999<\/li>\n<\/ul>\n<p>&nbsp;<\/p>\n<h3>Direcci\u00f3n y tribunal<\/h3>\n<ul>\n<li><strong>Director de la tesis<\/strong>\n<ul>\n<li>Emilio Borrajo Guadarrama<\/li>\n<\/ul>\n<\/li>\n<li><strong>Tribunal<\/strong>\n<ul>\n<li>Presidente del tribunal: lorenzo Abad Martinez <\/li>\n<li>francisca Ballesta Martinez (vocal)<\/li>\n<li>Manuel Canteras jordana (vocal)<\/li>\n<li>Manuel S\u00e1nchez sol\u00eds querol (vocal)<\/li>\n<\/ul>\n<\/li>\n<\/ul>\n<p>&nbsp;<\/p>\n","protected":false},"excerpt":{"rendered":"<p>Tesis doctoral de Jose Rodriguez Garcia Se realiza un estudio longitudinal de crecimiento en reci\u00e9n nacidos pret\u00e9rmino. Objetivos: estudiar el [&hellip;]<\/p>\n","protected":false},"author":1,"featured_media":0,"comment_status":"open","ping_status":"open","sticky":false,"template":"","format":"standard","meta":{"site-sidebar-layout":"default","site-content-layout":"","ast-site-content-layout":"","site-content-style":"default","site-sidebar-style":"default","ast-global-header-display":"","ast-banner-title-visibility":"","ast-main-header-display":"","ast-hfb-above-header-display":"","ast-hfb-below-header-display":"","ast-hfb-mobile-header-display":"","site-post-title":"","ast-breadcrumbs-content":"","ast-featured-img":"","footer-sml-layout":"","theme-transparent-header-meta":"","adv-header-id-meta":"","stick-header-meta":"","header-above-stick-meta":"","header-main-stick-meta":"","header-below-stick-meta":"","astra-migrate-meta-layouts":"default","ast-page-background-enabled":"default","ast-page-background-meta":{"desktop":{"background-color":"var(--ast-global-color-4)","background-image":"","background-repeat":"repeat","background-position":"center center","background-size":"auto","background-attachment":"scroll","background-type":"","background-media":"","overlay-type":"","overlay-color":"","overlay-gradient":""},"tablet":{"background-color":"","background-image":"","background-repeat":"repeat","background-position":"center center","background-size":"auto","background-attachment":"scroll","background-type":"","background-media":"","overlay-type":"","overlay-color":"","overlay-gradient":""},"mobile":{"background-color":"","background-image":"","background-repeat":"repeat","background-position":"center center","background-size":"auto","background-attachment":"scroll","background-type":"","background-media":"","overlay-type":"","overlay-color":"","overlay-gradient":""}},"ast-content-background-meta":{"desktop":{"background-color":"var(--ast-global-color-5)","background-image":"","background-repeat":"repeat","background-position":"center center","background-size":"auto","background-attachment":"scroll","background-type":"","background-media":"","overlay-type":"","overlay-color":"","overlay-gradient":""},"tablet":{"background-color":"var(--ast-global-color-5)","background-image":"","background-repeat":"repeat","background-position":"center center","background-size":"auto","background-attachment":"scroll","background-type":"","background-media":"","overlay-type":"","overlay-color":"","overlay-gradient":""},"mobile":{"background-color":"var(--ast-global-color-5)","background-image":"","background-repeat":"repeat","background-position":"center center","background-size":"auto","background-attachment":"scroll","background-type":"","background-media":"","overlay-type":"","overlay-color":"","overlay-gradient":""}},"footnotes":""},"categories":[212,155,467,35,9,6354,8235,161],"tags":[8446,13787,33084,5494,8239,59924],"class_list":["post-40278","post","type-post","status-publish","format-standard","hentry","category-biologia-humana","category-ciencias-clinicas","category-ciencias-de-la-nutricion","category-ciencias-de-la-vida","category-ciencias-medicas","category-desarrollo-humano","category-murcia","category-pediatria","tag-emilio-borrajo-guadarrama","tag-francisca-ballesta-Martinez","tag-jose-rodriguez-garcia","tag-lorenzo-abad-Martinez","tag-manuel-canteras-jordana","tag-manuel-sanchez-solis-querol"],"_links":{"self":[{"href":"https:\/\/www.deberes.net\/tesis\/wp-json\/wp\/v2\/posts\/40278","targetHints":{"allow":["GET"]}}],"collection":[{"href":"https:\/\/www.deberes.net\/tesis\/wp-json\/wp\/v2\/posts"}],"about":[{"href":"https:\/\/www.deberes.net\/tesis\/wp-json\/wp\/v2\/types\/post"}],"author":[{"embeddable":true,"href":"https:\/\/www.deberes.net\/tesis\/wp-json\/wp\/v2\/users\/1"}],"replies":[{"embeddable":true,"href":"https:\/\/www.deberes.net\/tesis\/wp-json\/wp\/v2\/comments?post=40278"}],"version-history":[{"count":0,"href":"https:\/\/www.deberes.net\/tesis\/wp-json\/wp\/v2\/posts\/40278\/revisions"}],"wp:attachment":[{"href":"https:\/\/www.deberes.net\/tesis\/wp-json\/wp\/v2\/media?parent=40278"}],"wp:term":[{"taxonomy":"category","embeddable":true,"href":"https:\/\/www.deberes.net\/tesis\/wp-json\/wp\/v2\/categories?post=40278"},{"taxonomy":"post_tag","embeddable":true,"href":"https:\/\/www.deberes.net\/tesis\/wp-json\/wp\/v2\/tags?post=40278"}],"curies":[{"name":"wp","href":"https:\/\/api.w.org\/{rel}","templated":true}]}}