{"id":40320,"date":"1999-01-01T00:00:00","date_gmt":"1999-01-01T00:00:00","guid":{"rendered":"https:\/\/www.deberes.net\/tesis\/sin-categoria\/la-intensidad-afectiva-modula-la-reactividad-fisiologica-al-estres-inducido-experimentalmente-evaluado-mediante-el-indice-de-sudoracion-palmar\/"},"modified":"1999-01-01T00:00:00","modified_gmt":"1999-01-01T00:00:00","slug":"la-intensidad-afectiva-modula-la-reactividad-fisiologica-al-estres-inducido-experimentalmente-evaluado-mediante-el-indice-de-sudoracion-palmar","status":"publish","type":"post","link":"https:\/\/www.deberes.net\/tesis\/psicologia\/la-intensidad-afectiva-modula-la-reactividad-fisiologica-al-estres-inducido-experimentalmente-evaluado-mediante-el-indice-de-sudoracion-palmar\/","title":{"rendered":"La intensidad afectiva modula la reactividad fisiologica al estres inducido experimentalmente, evaluado mediante el indice de sudoracion palmar."},"content":{"rendered":"<h2>Tesis doctoral de <strong> Beatriz Ortiz Soria <\/strong><\/h2>\n<p>El establecimiento de las dimensiones generales que permitan describir las caracter\u00edsticas de una emoci\u00f3n ha sido una preocupaci\u00f3n constante en psicolog\u00eda de la emoci\u00f3n (schmidt-atzert, 1985). Pese al consenso general sobre la necesidad de incluir en la medida experimental de la experiencia afectiva juicios sobre la cualidad hed\u00f3nica y sobre la intensidad de la activaci\u00f3n emocional (bradley, 1994), la consideraci\u00f3n del par\u00e1metro de cualidad afectiva como una dimensi\u00f3n bipolar (positiva\/negativa) o bien como dos dimensiones unipolares (positiva y negativa) se debate todav\u00eda. El modelo alternativo del espacio afectivo propuesto por larsen y diener (1987) pretende solucionar esta controversia, planteando una estructura compuesta por dos dimensiones independientes de frecuencia e intensidad, siendo la intensidad el grado en que las emociones son experimentadas, independientemente de la Valencia de \u00e9stas. El constructo de intensidad afectiva propuesto por estos autores se refiere a las diferencias individuales en esta dimensi\u00f3n, tendencia emocional relativamente estable que modula y condiciona aspectos tanto cognitivos como comportamentales y afectivos. Su importancia en el \u00e1mbito aplicado queda de manifiesto al examinar sus efectos en el campo social, psicol\u00f3gico y de la salud. En este terreno, y enmarcado en el reciente inter\u00e9s en el estudio del papel del procesamiento de los afectos en la etiolog\u00eda de los trastornos psicofisiol\u00f3gicos, la evidencia encontrada sobre la existencia de sesgos cognitivos de evaluaci\u00f3n en el procesamiento de la informaci\u00f3n afectiva en los sujetos con niveles altos en intensidad afectiva y su tendencia a emplear estilos de afrontamiento desadaptativos, lleva a la cuesti\u00f3n fundamental planteada en esta investigaci\u00f3n: la verificaci\u00f3n de la existencia de un patr\u00f3n diferencial de reactividad al estr\u00e9s que, dadas las condiciones anteriormente subrayadas, podr\u00eda hacer a estos sujetos esp<\/p>\n<p>&nbsp;<\/p>\n<h3>Datos acad\u00e9micos de la tesis doctoral \u00ab<strong>La intensidad afectiva modula la reactividad fisiologica al estres inducido experimentalmente, evaluado mediante el indice de sudoracion palmar.<\/strong>\u00ab<\/h3>\n<ul>\n<li><strong>T\u00edtulo de la tesis:<\/strong>\u00a0 La intensidad afectiva modula la reactividad fisiologica al estres inducido experimentalmente, evaluado mediante el indice de sudoracion palmar. <\/li>\n<li><strong>Autor:<\/strong>\u00a0 Beatriz Ortiz Soria <\/li>\n<li><strong>Universidad:<\/strong>\u00a0 Murcia<\/li>\n<li><strong>Fecha de lectura de la tesis:<\/strong>\u00a0 01\/01\/1999<\/li>\n<\/ul>\n<p>&nbsp;<\/p>\n<h3>Direcci\u00f3n y tribunal<\/h3>\n<ul>\n<li><strong>Director de la tesis<\/strong>\n<ul>\n<li>Francisco Martinez Sanchez<\/li>\n<\/ul>\n<\/li>\n<li><strong>Tribunal<\/strong>\n<ul>\n<li>Presidente del tribunal: enrique Garcia fernandez abascal <\/li>\n<li>Francisco Palmero cantero (vocal)<\/li>\n<li>jordi Fernandez de castro (vocal)<\/li>\n<li>Mar\u00eda no Choliz monta\u00f1es (vocal)<\/li>\n<\/ul>\n<\/li>\n<\/ul>\n<p>&nbsp;<\/p>\n","protected":false},"excerpt":{"rendered":"<p>Tesis doctoral de Beatriz Ortiz Soria El establecimiento de las dimensiones generales que permitan describir las caracter\u00edsticas de una emoci\u00f3n [&hellip;]<\/p>\n","protected":false},"author":1,"featured_media":0,"comment_status":"open","ping_status":"open","sticky":false,"template":"","format":"standard","meta":{"site-sidebar-layout":"default","site-content-layout":"","ast-site-content-layout":"","site-content-style":"default","site-sidebar-style":"default","ast-global-header-display":"","ast-banner-title-visibility":"","ast-main-header-display":"","ast-hfb-above-header-display":"","ast-hfb-below-header-display":"","ast-hfb-mobile-header-display":"","site-post-title":"","ast-breadcrumbs-content":"","ast-featured-img":"","footer-sml-layout":"","theme-transparent-header-meta":"","adv-header-id-meta":"","stick-header-meta":"","header-above-stick-meta":"","header-main-stick-meta":"","header-below-stick-meta":"","astra-migrate-meta-layouts":"default","ast-page-background-enabled":"default","ast-page-background-meta":{"desktop":{"background-color":"var(--ast-global-color-4)","background-image":"","background-repeat":"repeat","background-position":"center center","background-size":"auto","background-attachment":"scroll","background-type":"","background-media":"","overlay-type":"","overlay-color":"","overlay-gradient":""},"tablet":{"background-color":"","background-image":"","background-repeat":"repeat","background-position":"center center","background-size":"auto","background-attachment":"scroll","background-type":"","background-media":"","overlay-type":"","overlay-color":"","overlay-gradient":""},"mobile":{"background-color":"","background-image":"","background-repeat":"repeat","background-position":"center center","background-size":"auto","background-attachment":"scroll","background-type":"","background-media":"","overlay-type":"","overlay-color":"","overlay-gradient":""}},"ast-content-background-meta":{"desktop":{"background-color":"var(--ast-global-color-5)","background-image":"","background-repeat":"repeat","background-position":"center center","background-size":"auto","background-attachment":"scroll","background-type":"","background-media":"","overlay-type":"","overlay-color":"","overlay-gradient":""},"tablet":{"background-color":"var(--ast-global-color-5)","background-image":"","background-repeat":"repeat","background-position":"center center","background-size":"auto","background-attachment":"scroll","background-type":"","background-media":"","overlay-type":"","overlay-color":"","overlay-gradient":""},"mobile":{"background-color":"var(--ast-global-color-5)","background-image":"","background-repeat":"repeat","background-position":"center center","background-size":"auto","background-attachment":"scroll","background-type":"","background-media":"","overlay-type":"","overlay-color":"","overlay-gradient":""}},"footnotes":""},"categories":[5263,8235,5262,324,2462,5110],"tags":[103008,5267,5107,59680,13670,27529],"class_list":["post-40320","post","type-post","status-publish","format-standard","hentry","category-emocion","category-murcia","category-procesos-mentales","category-psicologia","category-psicologia-experimental","category-psicologia-fisiologica","tag-beatriz-ortiz-soria","tag-enrique-garcia-fernandez-abascal","tag-francisco-Martinez-sanchez","tag-francisco-palmero-cantero","tag-jordi-fernandez-de-castro","tag-maria-no-choliz-montanes"],"_links":{"self":[{"href":"https:\/\/www.deberes.net\/tesis\/wp-json\/wp\/v2\/posts\/40320","targetHints":{"allow":["GET"]}}],"collection":[{"href":"https:\/\/www.deberes.net\/tesis\/wp-json\/wp\/v2\/posts"}],"about":[{"href":"https:\/\/www.deberes.net\/tesis\/wp-json\/wp\/v2\/types\/post"}],"author":[{"embeddable":true,"href":"https:\/\/www.deberes.net\/tesis\/wp-json\/wp\/v2\/users\/1"}],"replies":[{"embeddable":true,"href":"https:\/\/www.deberes.net\/tesis\/wp-json\/wp\/v2\/comments?post=40320"}],"version-history":[{"count":0,"href":"https:\/\/www.deberes.net\/tesis\/wp-json\/wp\/v2\/posts\/40320\/revisions"}],"wp:attachment":[{"href":"https:\/\/www.deberes.net\/tesis\/wp-json\/wp\/v2\/media?parent=40320"}],"wp:term":[{"taxonomy":"category","embeddable":true,"href":"https:\/\/www.deberes.net\/tesis\/wp-json\/wp\/v2\/categories?post=40320"},{"taxonomy":"post_tag","embeddable":true,"href":"https:\/\/www.deberes.net\/tesis\/wp-json\/wp\/v2\/tags?post=40320"}],"curies":[{"name":"wp","href":"https:\/\/api.w.org\/{rel}","templated":true}]}}