{"id":40323,"date":"1999-01-01T00:00:00","date_gmt":"1999-01-01T00:00:00","guid":{"rendered":"https:\/\/www.deberes.net\/tesis\/sin-categoria\/la-teoria-de-la-verdad-de-karl-otto-apel\/"},"modified":"1999-01-01T00:00:00","modified_gmt":"1999-01-01T00:00:00","slug":"la-teoria-de-la-verdad-de-karl-otto-apel","status":"publish","type":"post","link":"https:\/\/www.deberes.net\/tesis\/filosofia\/la-teoria-de-la-verdad-de-karl-otto-apel\/","title":{"rendered":"La teoria de la verdad de karl-otto apel."},"content":{"rendered":"<h2>Tesis doctoral de <strong> Norberto Smilg Vidal <\/strong><\/h2>\n<p>La tesis aborda la reconstrucci\u00f3n del pensamiento de k.-O. apel en su aspecto de \u00abfilosof\u00eda te\u00f3rica\u00bb, tomando como n\u00facleo aglutinador la concepci\u00f3n de la verdad que defiende este autor. Se analizan y valoran las diferentes l\u00edneas de influencia que coinciden en apel: la filosof\u00eda anal\u00edtica del lenguaje (desde el primer wittgenstein y el c\u00edrculo de viena, hasta austin y searle); el pragmati(ci)smo de peirce y su transformaci\u00f3n semi\u00f3tica de la filosof\u00eda transcendental kantiana; la tradici\u00f3n hermen\u00e9utica (desde la filosof\u00eda de la vida de dilthey hasta la fenomenolog\u00eda hermen\u00e9utica de heidegger y gadamer; el punto de vista transcendental desde kant hasta husserl; y las referencias cr\u00edticas y dial\u00e9cticas recibidas de su vinculaci\u00f3n a la escuela de frankfort. Se valora el proyecto de apel de \u00abtransformar la filosof\u00eda\u00bb como el intento de insertar el punto de vista transcendental en el interior mismo del \u00abgiro lingu\u00edstico\u00bb, o visto desde el otro lado, como la reorientaci\u00f3n de la filosof\u00eda transcendental cl\u00e1sica desde la fecundidad del an\u00e1lisis lingu\u00edstico. De aqu\u00ed surge una filosof\u00eda \u00abhermen\u00e9utico-transcendental\u00bb, esto es, un pensamiento que quiere mantener -y no abolir- la tensi\u00f3n dial\u00e9ctica entre facticidad e idealidad, historia y verdad, comunidad real y comunidad ideal de comunicaci\u00f3n. La teor\u00eda de la verdad que sostiene apel se califica de \u00abteor\u00eda integradora de la verdad\u00bb, por cuanto pretende ser simult\u00e1neamente definicional y criteriol\u00f3gica, proporcionando tambi\u00e9n una dimensi\u00f3n moral de la verdad (el sacrificio necesario de los dem\u00e1s intereses en funci\u00f3n del inter\u00e9s por la verdad). La verdad queda representada por el consenso \u00faltimo e irrebasable, al que se aspira (pretensi\u00f3n de verdad) y f\u00e1ctico, revisable y falible (como anticipaci\u00f3n contraf\u00e1ctica de aqu\u00e9l). Para que esta concepci\u00f3n de la verdad no quede reducida a una versi\u00f3n intersubjetiva y semi\u00f3tica de la teor\u00eda coherencial,<\/p>\n<p>&nbsp;<\/p>\n<h3>Datos acad\u00e9micos de la tesis doctoral \u00ab<strong>La teoria de la verdad de karl-otto apel.<\/strong>\u00ab<\/h3>\n<ul>\n<li><strong>T\u00edtulo de la tesis:<\/strong>\u00a0 La teoria de la verdad de karl-otto apel. <\/li>\n<li><strong>Autor:<\/strong>\u00a0 Norberto Smilg Vidal <\/li>\n<li><strong>Universidad:<\/strong>\u00a0 Murcia<\/li>\n<li><strong>Fecha de lectura de la tesis:<\/strong>\u00a0 01\/01\/1999<\/li>\n<\/ul>\n<p>&nbsp;<\/p>\n<h3>Direcci\u00f3n y tribunal<\/h3>\n<ul>\n<li><strong>Director de la tesis<\/strong>\n<ul>\n<li>Patricio Pe\u00f1alver Gomez<\/li>\n<\/ul>\n<\/li>\n<li><strong>Tribunal<\/strong>\n<ul>\n<li>Presidente del tribunal: adela Cortina orts <\/li>\n<li>Jos\u00e9 Antonio P\u00e9rez tapias (vocal)<\/li>\n<li>Jes\u00fas marcial Conill sancho (vocal)<\/li>\n<li>Juan  Antonio Nicol\u00e1s mar\u00edn (vocal)<\/li>\n<\/ul>\n<\/li>\n<\/ul>\n<p>&nbsp;<\/p>\n","protected":false},"excerpt":{"rendered":"<p>Tesis doctoral de Norberto Smilg Vidal La tesis aborda la reconstrucci\u00f3n del pensamiento de k.-O. apel en su aspecto de [&hellip;]<\/p>\n","protected":false},"author":1,"featured_media":0,"comment_status":"open","ping_status":"open","sticky":false,"template":"","format":"standard","meta":{"site-sidebar-layout":"default","site-content-layout":"","ast-site-content-layout":"","site-content-style":"default","site-sidebar-style":"default","ast-global-header-display":"","ast-banner-title-visibility":"","ast-main-header-display":"","ast-hfb-above-header-display":"","ast-hfb-below-header-display":"","ast-hfb-mobile-header-display":"","site-post-title":"","ast-breadcrumbs-content":"","ast-featured-img":"","footer-sml-layout":"","theme-transparent-header-meta":"","adv-header-id-meta":"","stick-header-meta":"","header-above-stick-meta":"","header-main-stick-meta":"","header-below-stick-meta":"","astra-migrate-meta-layouts":"default","ast-page-background-enabled":"default","ast-page-background-meta":{"desktop":{"background-color":"var(--ast-global-color-4)","background-image":"","background-repeat":"repeat","background-position":"center center","background-size":"auto","background-attachment":"scroll","background-type":"","background-media":"","overlay-type":"","overlay-color":"","overlay-gradient":""},"tablet":{"background-color":"","background-image":"","background-repeat":"repeat","background-position":"center center","background-size":"auto","background-attachment":"scroll","background-type":"","background-media":"","overlay-type":"","overlay-color":"","overlay-gradient":""},"mobile":{"background-color":"","background-image":"","background-repeat":"repeat","background-position":"center center","background-size":"auto","background-attachment":"scroll","background-type":"","background-media":"","overlay-type":"","overlay-color":"","overlay-gradient":""}},"ast-content-background-meta":{"desktop":{"background-color":"var(--ast-global-color-5)","background-image":"","background-repeat":"repeat","background-position":"center center","background-size":"auto","background-attachment":"scroll","background-type":"","background-media":"","overlay-type":"","overlay-color":"","overlay-gradient":""},"tablet":{"background-color":"var(--ast-global-color-5)","background-image":"","background-repeat":"repeat","background-position":"center center","background-size":"auto","background-attachment":"scroll","background-type":"","background-media":"","overlay-type":"","overlay-color":"","overlay-gradient":""},"mobile":{"background-color":"var(--ast-global-color-5)","background-image":"","background-repeat":"repeat","background-position":"center center","background-size":"auto","background-attachment":"scroll","background-type":"","background-media":"","overlay-type":"","overlay-color":"","overlay-gradient":""}},"footnotes":""},"categories":[1832,165,956,8235],"tags":[12012,12440,48947,69723,103011,51042],"class_list":["post-40323","post","type-post","status-publish","format-standard","hentry","category-doctrinas-filosoficas","category-filosofia","category-filosofia-del-conocimiento","category-murcia","tag-adela-cortina-orts","tag-jesus-marcial-conill-sancho","tag-jose-antonio-perez-tapias","tag-juan-antonio-nicolas-marin","tag-norberto-smilg-vidal","tag-patricio-penalver-gomez"],"_links":{"self":[{"href":"https:\/\/www.deberes.net\/tesis\/wp-json\/wp\/v2\/posts\/40323","targetHints":{"allow":["GET"]}}],"collection":[{"href":"https:\/\/www.deberes.net\/tesis\/wp-json\/wp\/v2\/posts"}],"about":[{"href":"https:\/\/www.deberes.net\/tesis\/wp-json\/wp\/v2\/types\/post"}],"author":[{"embeddable":true,"href":"https:\/\/www.deberes.net\/tesis\/wp-json\/wp\/v2\/users\/1"}],"replies":[{"embeddable":true,"href":"https:\/\/www.deberes.net\/tesis\/wp-json\/wp\/v2\/comments?post=40323"}],"version-history":[{"count":0,"href":"https:\/\/www.deberes.net\/tesis\/wp-json\/wp\/v2\/posts\/40323\/revisions"}],"wp:attachment":[{"href":"https:\/\/www.deberes.net\/tesis\/wp-json\/wp\/v2\/media?parent=40323"}],"wp:term":[{"taxonomy":"category","embeddable":true,"href":"https:\/\/www.deberes.net\/tesis\/wp-json\/wp\/v2\/categories?post=40323"},{"taxonomy":"post_tag","embeddable":true,"href":"https:\/\/www.deberes.net\/tesis\/wp-json\/wp\/v2\/tags?post=40323"}],"curies":[{"name":"wp","href":"https:\/\/api.w.org\/{rel}","templated":true}]}}