{"id":40455,"date":"1999-01-01T00:00:00","date_gmt":"1999-01-01T00:00:00","guid":{"rendered":"https:\/\/www.deberes.net\/tesis\/sin-categoria\/calidad-de-vida-relacionada-con-la-salud-en-pacientes-con-insuficiencia-renal-cronica-terminal\/"},"modified":"1999-01-01T00:00:00","modified_gmt":"1999-01-01T00:00:00","slug":"calidad-de-vida-relacionada-con-la-salud-en-pacientes-con-insuficiencia-renal-cronica-terminal","status":"publish","type":"post","link":"https:\/\/www.deberes.net\/tesis\/ciencias-medicas\/calidad-de-vida-relacionada-con-la-salud-en-pacientes-con-insuficiencia-renal-cronica-terminal\/","title":{"rendered":"Calidad de vida relacionada con la salud en pacientes con insuficiencia renal cronica terminal."},"content":{"rendered":"<h2>Tesis doctoral de <strong> Pablo Rebollo Alvarez <\/strong><\/h2>\n<p>Se realiz\u00f3 un estudio transversal sobre 170 pacientes en hemodi\u00e1lisis cr\u00f3nica y 210 trasplantados renales, con el objetivo de evaluar su calidad de vida relacionada con la salud (cvrs), e investigar los factores sociodemogr\u00e1ficos y cl\u00ednicos que influyen en ella. Los pacientes trasplantados renales obtuvieron mayores puntuaciones que los hemodializados en el sf.36 (mejor cvrs) y menores en el pce (menor disfunci\u00f3n debida a la enfermedad). Al utilizar las puntuaciones estandarizadas del sf.36, las diferencias entre trasplantados y hemodializados se mantuvieron, y dentro de cada subgrupo, los pacientes mayores de 65 a\u00f1os obtuvieron mayores puntuaciones que los menores de esa edad (mejor cvrs), y las mujeres, puntuaciones similares a los hombres o a\u00fan mejores. Los variables asociadas a la cvrs fueron: edad, sexo, nivel de educaci\u00f3n, estado funcional, tiempo en di\u00e1lisis previo al trasplante, tiempo con el trasplante, alb\u00famina s\u00e9rica, hospitalizaci\u00f3n y comorbilidad.#<\/p>\n<p>&nbsp;<\/p>\n<h3>Datos acad\u00e9micos de la tesis doctoral \u00ab<strong>Calidad de vida relacionada con la salud en pacientes con insuficiencia renal cronica terminal.<\/strong>\u00ab<\/h3>\n<ul>\n<li><strong>T\u00edtulo de la tesis:<\/strong>\u00a0 Calidad de vida relacionada con la salud en pacientes con insuficiencia renal cronica terminal. <\/li>\n<li><strong>Autor:<\/strong>\u00a0 Pablo Rebollo Alvarez <\/li>\n<li><strong>Universidad:<\/strong>\u00a0 Oviedo<\/li>\n<li><strong>Fecha de lectura de la tesis:<\/strong>\u00a0 01\/01\/1999<\/li>\n<\/ul>\n<p>&nbsp;<\/p>\n<h3>Direcci\u00f3n y tribunal<\/h3>\n<ul>\n<li><strong>Director de la tesis<\/strong>\n<ul>\n<li>Julio Belarmino Bobes Garcia<\/li>\n<\/ul>\n<\/li>\n<li><strong>Tribunal<\/strong>\n<ul>\n<li>Presidente del tribunal: elena Iba\u00f1ez guerra <\/li>\n<li>Antonio Aguado diaz (vocal)<\/li>\n<li>julio Seoane rey (vocal)<\/li>\n<li>Francisco Ortega suarez (vocal)<\/li>\n<\/ul>\n<\/li>\n<\/ul>\n<p>&nbsp;<\/p>\n","protected":false},"excerpt":{"rendered":"<p>Tesis doctoral de Pablo Rebollo Alvarez Se realiz\u00f3 un estudio transversal sobre 170 pacientes en hemodi\u00e1lisis cr\u00f3nica y 210 trasplantados [&hellip;]<\/p>\n","protected":false},"author":1,"featured_media":0,"comment_status":"open","ping_status":"open","sticky":false,"template":"","format":"standard","meta":{"site-sidebar-layout":"default","site-content-layout":"","ast-site-content-layout":"","site-content-style":"default","site-sidebar-style":"default","ast-global-header-display":"","ast-banner-title-visibility":"","ast-main-header-display":"","ast-hfb-above-header-display":"","ast-hfb-below-header-display":"","ast-hfb-mobile-header-display":"","site-post-title":"","ast-breadcrumbs-content":"","ast-featured-img":"","footer-sml-layout":"","theme-transparent-header-meta":"","adv-header-id-meta":"","stick-header-meta":"","header-above-stick-meta":"","header-main-stick-meta":"","header-below-stick-meta":"","astra-migrate-meta-layouts":"default","ast-page-background-enabled":"default","ast-page-background-meta":{"desktop":{"background-color":"var(--ast-global-color-4)","background-image":"","background-repeat":"repeat","background-position":"center center","background-size":"auto","background-attachment":"scroll","background-type":"","background-media":"","overlay-type":"","overlay-color":"","overlay-gradient":""},"tablet":{"background-color":"","background-image":"","background-repeat":"repeat","background-position":"center center","background-size":"auto","background-attachment":"scroll","background-type":"","background-media":"","overlay-type":"","overlay-color":"","overlay-gradient":""},"mobile":{"background-color":"","background-image":"","background-repeat":"repeat","background-position":"center center","background-size":"auto","background-attachment":"scroll","background-type":"","background-media":"","overlay-type":"","overlay-color":"","overlay-gradient":""}},"ast-content-background-meta":{"desktop":{"background-color":"var(--ast-global-color-5)","background-image":"","background-repeat":"repeat","background-position":"center center","background-size":"auto","background-attachment":"scroll","background-type":"","background-media":"","overlay-type":"","overlay-color":"","overlay-gradient":""},"tablet":{"background-color":"var(--ast-global-color-5)","background-image":"","background-repeat":"repeat","background-position":"center center","background-size":"auto","background-attachment":"scroll","background-type":"","background-media":"","overlay-type":"","overlay-color":"","overlay-gradient":""},"mobile":{"background-color":"var(--ast-global-color-5)","background-image":"","background-repeat":"repeat","background-position":"center center","background-size":"auto","background-attachment":"scroll","background-type":"","background-media":"","overlay-type":"","overlay-color":"","overlay-gradient":""}},"footnotes":""},"categories":[9,139,179,8846,1408],"tags":[9416,2524,103217,8332,8731,103216],"class_list":["post-40455","post","type-post","status-publish","format-standard","hentry","category-ciencias-medicas","category-medicina-interna","category-nefrologia","category-oviedo","category-psiquiatria","tag-antonio-aguado-diaz","tag-elena-ibanez-guerra","tag-francisco-ortega-suarez","tag-julio-belarmino-bobes-garcia","tag-julio-seoane-rey","tag-pablo-rebollo-alvarez"],"_links":{"self":[{"href":"https:\/\/www.deberes.net\/tesis\/wp-json\/wp\/v2\/posts\/40455","targetHints":{"allow":["GET"]}}],"collection":[{"href":"https:\/\/www.deberes.net\/tesis\/wp-json\/wp\/v2\/posts"}],"about":[{"href":"https:\/\/www.deberes.net\/tesis\/wp-json\/wp\/v2\/types\/post"}],"author":[{"embeddable":true,"href":"https:\/\/www.deberes.net\/tesis\/wp-json\/wp\/v2\/users\/1"}],"replies":[{"embeddable":true,"href":"https:\/\/www.deberes.net\/tesis\/wp-json\/wp\/v2\/comments?post=40455"}],"version-history":[{"count":0,"href":"https:\/\/www.deberes.net\/tesis\/wp-json\/wp\/v2\/posts\/40455\/revisions"}],"wp:attachment":[{"href":"https:\/\/www.deberes.net\/tesis\/wp-json\/wp\/v2\/media?parent=40455"}],"wp:term":[{"taxonomy":"category","embeddable":true,"href":"https:\/\/www.deberes.net\/tesis\/wp-json\/wp\/v2\/categories?post=40455"},{"taxonomy":"post_tag","embeddable":true,"href":"https:\/\/www.deberes.net\/tesis\/wp-json\/wp\/v2\/tags?post=40455"}],"curies":[{"name":"wp","href":"https:\/\/api.w.org\/{rel}","templated":true}]}}