{"id":40504,"date":"1999-01-01T00:00:00","date_gmt":"1999-01-01T00:00:00","guid":{"rendered":"https:\/\/www.deberes.net\/tesis\/sin-categoria\/la-poblacion-infanto-juvenil-6-15-de-la-inmigracion-en-portugal\/"},"modified":"1999-01-01T00:00:00","modified_gmt":"1999-01-01T00:00:00","slug":"la-poblacion-infanto-juvenil-6-15-de-la-inmigracion-en-portugal","status":"publish","type":"post","link":"https:\/\/www.deberes.net\/tesis\/pedagogia\/la-poblacion-infanto-juvenil-6-15-de-la-inmigracion-en-portugal\/","title":{"rendered":"La poblacion infanto-juvenil (6-15) de la inmigracion en portugal."},"content":{"rendered":"<h2>Tesis doctoral de <strong>  Ramos Capitao Silvestre Mar\u00eda na <\/strong><\/h2>\n<p>Hip\u00f3tesis de la investigaci\u00f3n: pretendemos comprobar a trav\u00e9s de este estudio, como hip\u00f3tesis si tanto la comunidad como la escuela ofrecen las mismas oportunidades socioculturales a los ni\u00f1os y j\u00f3venes inmigrantes que a los ni\u00f1os y j\u00f3venes portugueses. metodolog\u00eda: hemos elegido para nuestro estudio de campo dos escuelas de ense\u00f1anza b\u00e1sica obligatoria de fuerte presencia multicultural en la loures, caracterizada por una gran heterogeneidad y concentraci\u00f3n \u00e9tnica especialmente pueblos de los palop. Realizamos entrevistas y cuestionarios in situ. Analizamos los datos obtenidos cualitativa y cuantitativamente.  resultado: aunque la sociedad portuguesa; al menos te\u00f3ricamente, les pueda ofrecer las mismas oportunidades que a los ni\u00f1os y j\u00f3venes portugueses, los aspectos socioecon\u00f3micos y cultural deficitarios no les permiten el acceso al \u00e9xito escolar y educativo y al mundo laboral. En l\u00edneas generales, s\u00f3lo legislativamente se cumple la hip\u00f3tesis establecida. En orden a su cumplimiento proponemos un modelo socioeducativo y pedag\u00f3gico de formaci\u00f3n de actitudes interculturales para 27 ni\u00f1os y j\u00f3venes caboverdianos (curso 98\/99) en el \u00e1mbito de la escolaridad b\u00e1sica y formaci\u00f3n profesional en la ciudad de loures, con el apoyo de la universidad abierta de lisboa y el ayuntamiento de loures para mejorar u optimizar los resultados..<\/p>\n<p>&nbsp;<\/p>\n<h3>Datos acad\u00e9micos de la tesis doctoral \u00ab<strong>La poblacion infanto-juvenil (6-15) de la inmigracion en portugal.<\/strong>\u00ab<\/h3>\n<ul>\n<li><strong>T\u00edtulo de la tesis:<\/strong>\u00a0 La poblacion infanto-juvenil (6-15) de la inmigracion en portugal. <\/li>\n<li><strong>Autor:<\/strong>\u00a0  Ramos Capitao Silvestre Mar\u00eda na <\/li>\n<li><strong>Universidad:<\/strong>\u00a0 Salamanca<\/li>\n<li><strong>Fecha de lectura de la tesis:<\/strong>\u00a0 01\/01\/1999<\/li>\n<\/ul>\n<p>&nbsp;<\/p>\n<h3>Direcci\u00f3n y tribunal<\/h3>\n<ul>\n<li><strong>Director de la tesis<\/strong>\n<ul>\n<li>Jose Ortega Esteban<\/li>\n<\/ul>\n<\/li>\n<li><strong>Tribunal<\/strong>\n<ul>\n<li>Presidente del tribunal: joaquin Garcia carrasco <\/li>\n<li>Jos\u00e9 vicente Merino fernandez (vocal)<\/li>\n<li>Jos\u00e9 Antonio Caride gomez (vocal)<\/li>\n<li>pedro Antonio Cordero qui\u00f1ones (vocal)<\/li>\n<\/ul>\n<\/li>\n<\/ul>\n<p>&nbsp;<\/p>\n","protected":false},"excerpt":{"rendered":"<p>Tesis doctoral de Ramos Capitao Silvestre Mar\u00eda na Hip\u00f3tesis de la investigaci\u00f3n: pretendemos comprobar a trav\u00e9s de este estudio, como [&hellip;]<\/p>\n","protected":false},"author":1,"featured_media":0,"comment_status":"open","ping_status":"open","sticky":false,"template":"","format":"standard","meta":{"site-sidebar-layout":"default","site-content-layout":"","ast-site-content-layout":"","site-content-style":"default","site-sidebar-style":"default","ast-global-header-display":"","ast-banner-title-visibility":"","ast-main-header-display":"","ast-hfb-above-header-display":"","ast-hfb-below-header-display":"","ast-hfb-mobile-header-display":"","site-post-title":"","ast-breadcrumbs-content":"","ast-featured-img":"","footer-sml-layout":"","theme-transparent-header-meta":"","adv-header-id-meta":"","stick-header-meta":"","header-above-stick-meta":"","header-main-stick-meta":"","header-below-stick-meta":"","astra-migrate-meta-layouts":"default","ast-page-background-enabled":"default","ast-page-background-meta":{"desktop":{"background-color":"var(--ast-global-color-4)","background-image":"","background-repeat":"repeat","background-position":"center center","background-size":"auto","background-attachment":"scroll","background-type":"","background-media":"","overlay-type":"","overlay-color":"","overlay-gradient":""},"tablet":{"background-color":"","background-image":"","background-repeat":"repeat","background-position":"center center","background-size":"auto","background-attachment":"scroll","background-type":"","background-media":"","overlay-type":"","overlay-color":"","overlay-gradient":""},"mobile":{"background-color":"","background-image":"","background-repeat":"repeat","background-position":"center center","background-size":"auto","background-attachment":"scroll","background-type":"","background-media":"","overlay-type":"","overlay-color":"","overlay-gradient":""}},"ast-content-background-meta":{"desktop":{"background-color":"var(--ast-global-color-5)","background-image":"","background-repeat":"repeat","background-position":"center center","background-size":"auto","background-attachment":"scroll","background-type":"","background-media":"","overlay-type":"","overlay-color":"","overlay-gradient":""},"tablet":{"background-color":"var(--ast-global-color-5)","background-image":"","background-repeat":"repeat","background-position":"center center","background-size":"auto","background-attachment":"scroll","background-type":"","background-media":"","overlay-type":"","overlay-color":"","overlay-gradient":""},"mobile":{"background-color":"var(--ast-global-color-5)","background-image":"","background-repeat":"repeat","background-position":"center center","background-size":"auto","background-attachment":"scroll","background-type":"","background-media":"","overlay-type":"","overlay-color":"","overlay-gradient":""}},"footnotes":""},"categories":[1141,9386,1341],"tags":[9442,2625,9765,5842,50109,103306],"class_list":["post-40504","post","type-post","status-publish","format-standard","hentry","category-pedagogia","category-salamanca","category-teoria-y-metodos-educativos","tag-joaquin-garcia-carrasco","tag-jose-antonio-caride-gomez","tag-jose-ortega-esteban","tag-jose-vicente-merino-fernandez","tag-pedro-antonio-cordero-quinones","tag-ramos-capitao-silvestre-maria-na"],"_links":{"self":[{"href":"https:\/\/www.deberes.net\/tesis\/wp-json\/wp\/v2\/posts\/40504","targetHints":{"allow":["GET"]}}],"collection":[{"href":"https:\/\/www.deberes.net\/tesis\/wp-json\/wp\/v2\/posts"}],"about":[{"href":"https:\/\/www.deberes.net\/tesis\/wp-json\/wp\/v2\/types\/post"}],"author":[{"embeddable":true,"href":"https:\/\/www.deberes.net\/tesis\/wp-json\/wp\/v2\/users\/1"}],"replies":[{"embeddable":true,"href":"https:\/\/www.deberes.net\/tesis\/wp-json\/wp\/v2\/comments?post=40504"}],"version-history":[{"count":0,"href":"https:\/\/www.deberes.net\/tesis\/wp-json\/wp\/v2\/posts\/40504\/revisions"}],"wp:attachment":[{"href":"https:\/\/www.deberes.net\/tesis\/wp-json\/wp\/v2\/media?parent=40504"}],"wp:term":[{"taxonomy":"category","embeddable":true,"href":"https:\/\/www.deberes.net\/tesis\/wp-json\/wp\/v2\/categories?post=40504"},{"taxonomy":"post_tag","embeddable":true,"href":"https:\/\/www.deberes.net\/tesis\/wp-json\/wp\/v2\/tags?post=40504"}],"curies":[{"name":"wp","href":"https:\/\/api.w.org\/{rel}","templated":true}]}}