{"id":40536,"date":"1999-01-01T00:00:00","date_gmt":"1999-01-01T00:00:00","guid":{"rendered":"https:\/\/www.deberes.net\/tesis\/sin-categoria\/el-origen-del-genero-gramatical-femenino-en-indoeuropeo\/"},"modified":"1999-01-01T00:00:00","modified_gmt":"1999-01-01T00:00:00","slug":"el-origen-del-genero-gramatical-femenino-en-indoeuropeo","status":"publish","type":"post","link":"https:\/\/www.deberes.net\/tesis\/linguistica\/el-origen-del-genero-gramatical-femenino-en-indoeuropeo\/","title":{"rendered":"El origen del genero gramatical femenino en indoeuropeo."},"content":{"rendered":"<h2>Tesis doctoral de <strong>  Ledo Lemos Francisco Jose <\/strong><\/h2>\n<p>El sufijo en laringal en torno al cual se origino el genero gramatical femenino en indoeuropeo habr\u00eda sido en origen un formador de adjetivos relacionales, a partir de este valor originario, el sufijo habr\u00eda adquirido diversas especializaciones entre otras la de derivador de sustantivos sem\u00e1nticamente femeninos. La aparici\u00f3n de un nuevo tipo de adjetivos relacionales (el modelo tem\u00e1tico) habr\u00eda permitido especializar a los adjetivos formados con el antiguo sufijo para la concordancia de un nuevo g\u00e9nero. Aparte de esta propuesta, se revisan diversas hip\u00f3tesis precedentes sobre el origen del femenino y cuestiones concomitantes..<\/p>\n<p>&nbsp;<\/p>\n<h3>Datos acad\u00e9micos de la tesis doctoral \u00ab<strong>El origen del genero gramatical femenino en indoeuropeo.<\/strong>\u00ab<\/h3>\n<ul>\n<li><strong>T\u00edtulo de la tesis:<\/strong>\u00a0 El origen del genero gramatical femenino en indoeuropeo. <\/li>\n<li><strong>Autor:<\/strong>\u00a0  Ledo Lemos Francisco Jose <\/li>\n<li><strong>Universidad:<\/strong>\u00a0 Salamanca<\/li>\n<li><strong>Fecha de lectura de la tesis:<\/strong>\u00a0 01\/01\/1999<\/li>\n<\/ul>\n<p>&nbsp;<\/p>\n<h3>Direcci\u00f3n y tribunal<\/h3>\n<ul>\n<li><strong>Director de la tesis<\/strong>\n<ul>\n<li>Francisco Villar Li\u00e9bana<\/li>\n<\/ul>\n<\/li>\n<li><strong>Tribunal<\/strong>\n<ul>\n<li>Presidente del tribunal: gregorio Hinojo andres <\/li>\n<li>Javier Lopez facal (vocal)<\/li>\n<li> Moralejo alvarez Juan  Jos\u00e9 (vocal)<\/li>\n<li>rosa Pedrero sancho (vocal)<\/li>\n<\/ul>\n<\/li>\n<\/ul>\n<p>&nbsp;<\/p>\n","protected":false},"excerpt":{"rendered":"<p>Tesis doctoral de Ledo Lemos Francisco Jose El sufijo en laringal en torno al cual se origino el genero gramatical [&hellip;]<\/p>\n","protected":false},"author":1,"featured_media":0,"comment_status":"open","ping_status":"open","sticky":false,"template":"","format":"standard","meta":{"site-sidebar-layout":"default","site-content-layout":"","ast-site-content-layout":"","site-content-style":"default","site-sidebar-style":"default","ast-global-header-display":"","ast-banner-title-visibility":"","ast-main-header-display":"","ast-hfb-above-header-display":"","ast-hfb-below-header-display":"","ast-hfb-mobile-header-display":"","site-post-title":"","ast-breadcrumbs-content":"","ast-featured-img":"","footer-sml-layout":"","theme-transparent-header-meta":"","adv-header-id-meta":"","stick-header-meta":"","header-above-stick-meta":"","header-main-stick-meta":"","header-below-stick-meta":"","astra-migrate-meta-layouts":"default","ast-page-background-enabled":"default","ast-page-background-meta":{"desktop":{"background-color":"var(--ast-global-color-4)","background-image":"","background-repeat":"repeat","background-position":"center center","background-size":"auto","background-attachment":"scroll","background-type":"","background-media":"","overlay-type":"","overlay-color":"","overlay-gradient":""},"tablet":{"background-color":"","background-image":"","background-repeat":"repeat","background-position":"center center","background-size":"auto","background-attachment":"scroll","background-type":"","background-media":"","overlay-type":"","overlay-color":"","overlay-gradient":""},"mobile":{"background-color":"","background-image":"","background-repeat":"repeat","background-position":"center center","background-size":"auto","background-attachment":"scroll","background-type":"","background-media":"","overlay-type":"","overlay-color":"","overlay-gradient":""}},"ast-content-background-meta":{"desktop":{"background-color":"var(--ast-global-color-5)","background-image":"","background-repeat":"repeat","background-position":"center center","background-size":"auto","background-attachment":"scroll","background-type":"","background-media":"","overlay-type":"","overlay-color":"","overlay-gradient":""},"tablet":{"background-color":"var(--ast-global-color-5)","background-image":"","background-repeat":"repeat","background-position":"center center","background-size":"auto","background-attachment":"scroll","background-type":"","background-media":"","overlay-type":"","overlay-color":"","overlay-gradient":""},"mobile":{"background-color":"var(--ast-global-color-5)","background-image":"","background-repeat":"repeat","background-position":"center center","background-size":"auto","background-attachment":"scroll","background-type":"","background-media":"","overlay-type":"","overlay-color":"","overlay-gradient":""}},"footnotes":""},"categories":[59,4139,423,590,62,9386],"tags":[87708,9838,103364,103363,21514,6997],"class_list":["post-40536","post","type-post","status-publish","format-standard","hentry","category-linguistica","category-linguistica-comparada","category-linguistica-diacronica","category-linguistica-historica","category-linguistica-sincronica","category-salamanca","tag-francisco-villar-liebana","tag-gregorio-hinojo-andres","tag-javier-lopez-facal","tag-ledo-lemos-francisco-jose","tag-moralejo-alvarez-juan-jose","tag-rosa-pedrero-sancho"],"_links":{"self":[{"href":"https:\/\/www.deberes.net\/tesis\/wp-json\/wp\/v2\/posts\/40536","targetHints":{"allow":["GET"]}}],"collection":[{"href":"https:\/\/www.deberes.net\/tesis\/wp-json\/wp\/v2\/posts"}],"about":[{"href":"https:\/\/www.deberes.net\/tesis\/wp-json\/wp\/v2\/types\/post"}],"author":[{"embeddable":true,"href":"https:\/\/www.deberes.net\/tesis\/wp-json\/wp\/v2\/users\/1"}],"replies":[{"embeddable":true,"href":"https:\/\/www.deberes.net\/tesis\/wp-json\/wp\/v2\/comments?post=40536"}],"version-history":[{"count":0,"href":"https:\/\/www.deberes.net\/tesis\/wp-json\/wp\/v2\/posts\/40536\/revisions"}],"wp:attachment":[{"href":"https:\/\/www.deberes.net\/tesis\/wp-json\/wp\/v2\/media?parent=40536"}],"wp:term":[{"taxonomy":"category","embeddable":true,"href":"https:\/\/www.deberes.net\/tesis\/wp-json\/wp\/v2\/categories?post=40536"},{"taxonomy":"post_tag","embeddable":true,"href":"https:\/\/www.deberes.net\/tesis\/wp-json\/wp\/v2\/tags?post=40536"}],"curies":[{"name":"wp","href":"https:\/\/api.w.org\/{rel}","templated":true}]}}