{"id":40537,"date":"1999-01-01T00:00:00","date_gmt":"1999-01-01T00:00:00","guid":{"rendered":"https:\/\/www.deberes.net\/tesis\/sin-categoria\/edicion-y-estudio-del-libro-segundo-de-don-clarian-de-landanis\/"},"modified":"1999-01-01T00:00:00","modified_gmt":"1999-01-01T00:00:00","slug":"edicion-y-estudio-del-libro-segundo-de-don-clarian-de-landanis","status":"publish","type":"post","link":"https:\/\/www.deberes.net\/tesis\/historia\/edicion-y-estudio-del-libro-segundo-de-don-clarian-de-landanis\/","title":{"rendered":"Edicion y estudio del libro segundo de don clarian de landanis."},"content":{"rendered":"<h2>Tesis doctoral de <strong> Javier Guijarro Ceballos <\/strong><\/h2>\n<p>La edici\u00f3n del libro segundo de don clari\u00e1n de landan\u00eds, libro de caballer\u00edas del siglo xvi, y su estudio constituyen el n\u00facleo central de esta tesis doctoral. La edici\u00f3n y anotaci\u00f3n del texto caballeresco ofrece la posibilidad de tornar accesible esta obra del siglo de oro, pr\u00e1cticamente desconocida y nunca reeditada desde su segunda edici\u00f3n en 1535, y enmarcarla en su g\u00e9nero, tan precisado a\u00fan de estudios particulares y globales que le devuelvan modernamente la importancia que tuvo en la literatura \u00e1urea. por su parte, el estudio de la obra arraiga en primer lugar en la identificaci\u00f3n de su autor, el m\u00e9dico judeoconveso lvaro de castro, impostante figura de la medicina espa\u00f1ola en la transici\u00f3n del siglo xv al siglo xvi y descendiente de la nobil\u00edsima familia hebrea ha-lev\u00ed. partiendo de esta atribuci\u00f3n, la relectura del libro de caballer\u00edas propicia una serie de consideraciones biogr\u00e1ficas e hist\u00f3ricas, de modo que pueden discriminarse aquellos aspectos del texto literario que afectan de forma impl\u00edcita o expl\u00edcita al perfil biogr\u00e1fico del autor y al hist\u00f3rico de la \u00e9poca, frente a aquellos otros que participan de los rasgos tem\u00e1ticos y formales propios de los libros de caballer\u00edas como g\u00e9nero con entidad propia, desde los cuales pueden tenderse puntos de conexi\u00f3n con otros g\u00e9neros de la prosa de ficci\u00f3n \u00e1urea, realista e idealista..<\/p>\n<p>&nbsp;<\/p>\n<h3>Datos acad\u00e9micos de la tesis doctoral \u00ab<strong>Edicion y estudio del libro segundo de don clarian de landanis.<\/strong>\u00ab<\/h3>\n<ul>\n<li><strong>T\u00edtulo de la tesis:<\/strong>\u00a0 Edicion y estudio del libro segundo de don clarian de landanis. <\/li>\n<li><strong>Autor:<\/strong>\u00a0 Javier Guijarro Ceballos <\/li>\n<li><strong>Universidad:<\/strong>\u00a0 Salamanca<\/li>\n<li><strong>Fecha de lectura de la tesis:<\/strong>\u00a0 01\/01\/1999<\/li>\n<\/ul>\n<p>&nbsp;<\/p>\n<h3>Direcci\u00f3n y tribunal<\/h3>\n<ul>\n<li><strong>Director de la tesis<\/strong>\n<ul>\n<li>Pedro Manuel C\u00e1tedra Garc\u00eda<\/li>\n<\/ul>\n<\/li>\n<li><strong>Tribunal<\/strong>\n<ul>\n<li>Presidente del tribunal: Juan  manuel Cacho blecua <\/li>\n<li>Francisco Garrote perez (vocal)<\/li>\n<li>Rafael Beltr\u00e1n llavador (vocal)<\/li>\n<li>Rafael Ramos nogales (vocal)<\/li>\n<\/ul>\n<\/li>\n<\/ul>\n<p>&nbsp;<\/p>\n","protected":false},"excerpt":{"rendered":"<p>Tesis doctoral de Javier Guijarro Ceballos La edici\u00f3n del libro segundo de don clari\u00e1n de landan\u00eds, libro de caballer\u00edas del [&hellip;]<\/p>\n","protected":false},"author":1,"featured_media":0,"comment_status":"open","ping_status":"open","sticky":false,"template":"","format":"standard","meta":{"site-sidebar-layout":"default","site-content-layout":"","ast-site-content-layout":"","site-content-style":"default","site-sidebar-style":"default","ast-global-header-display":"","ast-banner-title-visibility":"","ast-main-header-display":"","ast-hfb-above-header-display":"","ast-hfb-below-header-display":"","ast-hfb-mobile-header-display":"","site-post-title":"","ast-breadcrumbs-content":"","ast-featured-img":"","footer-sml-layout":"","theme-transparent-header-meta":"","adv-header-id-meta":"","stick-header-meta":"","header-above-stick-meta":"","header-main-stick-meta":"","header-below-stick-meta":"","astra-migrate-meta-layouts":"default","ast-page-background-enabled":"default","ast-page-background-meta":{"desktop":{"background-color":"var(--ast-global-color-4)","background-image":"","background-repeat":"repeat","background-position":"center center","background-size":"auto","background-attachment":"scroll","background-type":"","background-media":"","overlay-type":"","overlay-color":"","overlay-gradient":""},"tablet":{"background-color":"","background-image":"","background-repeat":"repeat","background-position":"center center","background-size":"auto","background-attachment":"scroll","background-type":"","background-media":"","overlay-type":"","overlay-color":"","overlay-gradient":""},"mobile":{"background-color":"","background-image":"","background-repeat":"repeat","background-position":"center center","background-size":"auto","background-attachment":"scroll","background-type":"","background-media":"","overlay-type":"","overlay-color":"","overlay-gradient":""}},"ast-content-background-meta":{"desktop":{"background-color":"var(--ast-global-color-5)","background-image":"","background-repeat":"repeat","background-position":"center center","background-size":"auto","background-attachment":"scroll","background-type":"","background-media":"","overlay-type":"","overlay-color":"","overlay-gradient":""},"tablet":{"background-color":"var(--ast-global-color-5)","background-image":"","background-repeat":"repeat","background-position":"center center","background-size":"auto","background-attachment":"scroll","background-type":"","background-media":"","overlay-type":"","overlay-color":"","overlay-gradient":""},"mobile":{"background-color":"var(--ast-global-color-5)","background-image":"","background-repeat":"repeat","background-position":"center center","background-size":"auto","background-attachment":"scroll","background-type":"","background-media":"","overlay-type":"","overlay-color":"","overlay-gradient":""}},"footnotes":""},"categories":[148,147,104,713,1867,222,9386,628],"tags":[103362,103365,12294,11880,24433,47036],"class_list":["post-40537","post","type-post","status-publish","format-standard","hentry","category-analisis-literario","category-ciencias-de-las-artes-y-las-letras","category-historia","category-historia-de-la-literatura","category-historia-de-la-literatura-espanola","category-historias-especializadas","category-salamanca","category-teoria-analisis-y-critica-literarios","tag-francisco-garrote-perez","tag-javier-guijarro-ceballos","tag-juan-manuel-cacho-blecua","tag-pedro-manuel-catedra-garcia","tag-rafael-beltran-llavador","tag-rafael-ramos-nogales"],"_links":{"self":[{"href":"https:\/\/www.deberes.net\/tesis\/wp-json\/wp\/v2\/posts\/40537","targetHints":{"allow":["GET"]}}],"collection":[{"href":"https:\/\/www.deberes.net\/tesis\/wp-json\/wp\/v2\/posts"}],"about":[{"href":"https:\/\/www.deberes.net\/tesis\/wp-json\/wp\/v2\/types\/post"}],"author":[{"embeddable":true,"href":"https:\/\/www.deberes.net\/tesis\/wp-json\/wp\/v2\/users\/1"}],"replies":[{"embeddable":true,"href":"https:\/\/www.deberes.net\/tesis\/wp-json\/wp\/v2\/comments?post=40537"}],"version-history":[{"count":0,"href":"https:\/\/www.deberes.net\/tesis\/wp-json\/wp\/v2\/posts\/40537\/revisions"}],"wp:attachment":[{"href":"https:\/\/www.deberes.net\/tesis\/wp-json\/wp\/v2\/media?parent=40537"}],"wp:term":[{"taxonomy":"category","embeddable":true,"href":"https:\/\/www.deberes.net\/tesis\/wp-json\/wp\/v2\/categories?post=40537"},{"taxonomy":"post_tag","embeddable":true,"href":"https:\/\/www.deberes.net\/tesis\/wp-json\/wp\/v2\/tags?post=40537"}],"curies":[{"name":"wp","href":"https:\/\/api.w.org\/{rel}","templated":true}]}}