{"id":40599,"date":"1999-01-01T00:00:00","date_gmt":"1999-01-01T00:00:00","guid":{"rendered":"https:\/\/www.deberes.net\/tesis\/sin-categoria\/dialectologia-y-toponimia-del-kentico-bajomedieval\/"},"modified":"1999-01-01T00:00:00","modified_gmt":"1999-01-01T00:00:00","slug":"dialectologia-y-toponimia-del-kentico-bajomedieval","status":"publish","type":"post","link":"https:\/\/www.deberes.net\/tesis\/linguistica\/dialectologia-y-toponimia-del-kentico-bajomedieval\/","title":{"rendered":"Dialectolog\u00eda y toponimia del kentico bajomedieval."},"content":{"rendered":"<h2>Tesis doctoral de <strong> M. Auxiliadora Mart\u00edn D\u00edaz <\/strong><\/h2>\n<p>La tesis doctoral titulada dialectolog\u00eda y toponimia del k\u00e9ntico bajomedieval, tiene como intenci\u00f3n primaria la de contribuir a un mejor conocimiento de la variaci\u00f3n de los dialectos del ingl\u00e9s medio en general, mediante un estudio detallado de la configuraci\u00f3n topon\u00edmica del dialecto medieval de kent, a partir del an\u00e1lisis formal de ciertas variables del ingl\u00e9s antiguo dialectol\u00f3gicamente relevantes en el k\u00e9ntico medio. Esta investigaci\u00f3n tiene a su favor la precisi\u00f3n en la localizaci\u00f3n de los top\u00f3nimos, y el hecho de que, en lo que a kent se refiere, tal material onom\u00e1stico no ha sido utilizado en una investigaci\u00f3n dialectol\u00f3gica hasta el momento. Entre los proyectos dedicados a la investigaci\u00f3n onom\u00e1stica sobre determinadas tendencias fon\u00e9ticas en el ingl\u00e9s del sureste durante el per\u00edodo medio, todav\u00eda carecemos de los vol\u00famenes correspondientes a kent tanto entre los monogr\u00e1ficos de kristensson, como entre los vol\u00famenes de la english place-name society.<\/p>\n<p>&nbsp;<\/p>\n<h3>Datos acad\u00e9micos de la tesis doctoral \u00ab<strong>Dialectolog\u00eda y toponimia del kentico bajomedieval.<\/strong>\u00ab<\/h3>\n<ul>\n<li><strong>T\u00edtulo de la tesis:<\/strong>\u00a0 Dialectolog\u00eda y toponimia del kentico bajomedieval. <\/li>\n<li><strong>Autor:<\/strong>\u00a0 M. Auxiliadora Mart\u00edn D\u00edaz <\/li>\n<li><strong>Universidad:<\/strong>\u00a0 La laguna<\/li>\n<li><strong>Fecha de lectura de la tesis:<\/strong>\u00a0 01\/01\/1999<\/li>\n<\/ul>\n<p>&nbsp;<\/p>\n<h3>Direcci\u00f3n y tribunal<\/h3>\n<ul>\n<li><strong>Director de la tesis<\/strong>\n<ul>\n<li> Gomez Soli\u00f1o Jos\u00e9 S.<\/li>\n<\/ul>\n<\/li>\n<li><strong>Tribunal<\/strong>\n<ul>\n<li>Presidente del tribunal: pablo Dominguez gonzalez <\/li>\n<li>Santiago Gonzalez fernandez-corugedo (vocal)<\/li>\n<li>pedro Guardia mass\u00f3 (vocal)<\/li>\n<li>alicia Rodriguez alvarez (vocal)<\/li>\n<\/ul>\n<\/li>\n<\/ul>\n<p>&nbsp;<\/p>\n","protected":false},"excerpt":{"rendered":"<p>Tesis doctoral de M. Auxiliadora Mart\u00edn D\u00edaz La tesis doctoral titulada dialectolog\u00eda y toponimia del k\u00e9ntico bajomedieval, tiene como intenci\u00f3n [&hellip;]<\/p>\n","protected":false},"author":1,"featured_media":0,"comment_status":"open","ping_status":"open","sticky":false,"template":"","format":"standard","meta":{"site-sidebar-layout":"default","site-content-layout":"","ast-site-content-layout":"","site-content-style":"default","site-sidebar-style":"default","ast-global-header-display":"","ast-banner-title-visibility":"","ast-main-header-display":"","ast-hfb-above-header-display":"","ast-hfb-below-header-display":"","ast-hfb-mobile-header-display":"","site-post-title":"","ast-breadcrumbs-content":"","ast-featured-img":"","footer-sml-layout":"","theme-transparent-header-meta":"","adv-header-id-meta":"","stick-header-meta":"","header-above-stick-meta":"","header-main-stick-meta":"","header-below-stick-meta":"","astra-migrate-meta-layouts":"default","ast-page-background-enabled":"default","ast-page-background-meta":{"desktop":{"background-color":"var(--ast-global-color-4)","background-image":"","background-repeat":"repeat","background-position":"center center","background-size":"auto","background-attachment":"scroll","background-type":"","background-media":"","overlay-type":"","overlay-color":"","overlay-gradient":""},"tablet":{"background-color":"","background-image":"","background-repeat":"repeat","background-position":"center center","background-size":"auto","background-attachment":"scroll","background-type":"","background-media":"","overlay-type":"","overlay-color":"","overlay-gradient":""},"mobile":{"background-color":"","background-image":"","background-repeat":"repeat","background-position":"center center","background-size":"auto","background-attachment":"scroll","background-type":"","background-media":"","overlay-type":"","overlay-color":"","overlay-gradient":""}},"ast-content-background-meta":{"desktop":{"background-color":"var(--ast-global-color-5)","background-image":"","background-repeat":"repeat","background-position":"center center","background-size":"auto","background-attachment":"scroll","background-type":"","background-media":"","overlay-type":"","overlay-color":"","overlay-gradient":""},"tablet":{"background-color":"var(--ast-global-color-5)","background-image":"","background-repeat":"repeat","background-position":"center center","background-size":"auto","background-attachment":"scroll","background-type":"","background-media":"","overlay-type":"","overlay-color":"","overlay-gradient":""},"mobile":{"background-color":"var(--ast-global-color-5)","background-image":"","background-repeat":"repeat","background-position":"center center","background-size":"auto","background-attachment":"scroll","background-type":"","background-media":"","overlay-type":"","overlay-color":"","overlay-gradient":""}},"footnotes":""},"categories":[4449,9915,59,423,590],"tags":[62079,5589,103481,9976,33976,2896],"class_list":["post-40599","post","type-post","status-publish","format-standard","hentry","category-etimologia","category-la-laguna","category-linguistica","category-linguistica-diacronica","category-linguistica-historica","tag-alicia-rodriguez-alvarez","tag-gomez-solino-jose-s","tag-m-auxiliadora-martin-diaz","tag-pablo-dominguez-gonzalez","tag-pedro-guardia-masso","tag-santiago-gonzalez-fernandez-corugedo"],"_links":{"self":[{"href":"https:\/\/www.deberes.net\/tesis\/wp-json\/wp\/v2\/posts\/40599","targetHints":{"allow":["GET"]}}],"collection":[{"href":"https:\/\/www.deberes.net\/tesis\/wp-json\/wp\/v2\/posts"}],"about":[{"href":"https:\/\/www.deberes.net\/tesis\/wp-json\/wp\/v2\/types\/post"}],"author":[{"embeddable":true,"href":"https:\/\/www.deberes.net\/tesis\/wp-json\/wp\/v2\/users\/1"}],"replies":[{"embeddable":true,"href":"https:\/\/www.deberes.net\/tesis\/wp-json\/wp\/v2\/comments?post=40599"}],"version-history":[{"count":0,"href":"https:\/\/www.deberes.net\/tesis\/wp-json\/wp\/v2\/posts\/40599\/revisions"}],"wp:attachment":[{"href":"https:\/\/www.deberes.net\/tesis\/wp-json\/wp\/v2\/media?parent=40599"}],"wp:term":[{"taxonomy":"category","embeddable":true,"href":"https:\/\/www.deberes.net\/tesis\/wp-json\/wp\/v2\/categories?post=40599"},{"taxonomy":"post_tag","embeddable":true,"href":"https:\/\/www.deberes.net\/tesis\/wp-json\/wp\/v2\/tags?post=40599"}],"curies":[{"name":"wp","href":"https:\/\/api.w.org\/{rel}","templated":true}]}}