{"id":40607,"date":"1999-01-01T00:00:00","date_gmt":"1999-01-01T00:00:00","guid":{"rendered":"https:\/\/www.deberes.net\/tesis\/sin-categoria\/el-adverbio-en-el-espanol-de-argentina\/"},"modified":"1999-01-01T00:00:00","modified_gmt":"1999-01-01T00:00:00","slug":"el-adverbio-en-el-espanol-de-argentina","status":"publish","type":"post","link":"https:\/\/www.deberes.net\/tesis\/linguistica\/el-adverbio-en-el-espanol-de-argentina\/","title":{"rendered":"El adverbio en el espa\u00f1ol de argentina."},"content":{"rendered":"<h2>Tesis doctoral de <strong>  Perez Martin M. Victoria <\/strong><\/h2>\n<p>El trabajo tuvo como principal objetivo el an\u00e1lisis descriptivo del uso del adverbio en el espa\u00f1ol de argentina. Nuestra labor fue mostrar la diversidad y uniformidad con respecto al espa\u00f1ol est\u00e1ndar del adverbio en un pa\u00eds americano del que a\u00fan queda mucho por investigar. La raz\u00f3n de llevar a cabo este trabajo fue doble: por un lado creemos que el espa\u00f1ol de am\u00e9rica no est\u00e1 suficientemente estudiado por lo que respecta a la gram\u00e1tica; y por otro lado, el adverbio ha sido hasta hace poco tiempo una de las partes de la oraci\u00f3n que menos atenci\u00f3n ha recibido. Elaboramos un extenso corpus y estudiamos cada adverbio teniendo en cuenta los ejemplos recogidos. Y el estudio nos mostr\u00f3 que hay muy poca variaci\u00f3n con el est\u00e1ndar y con lo que podr\u00eda llamarse la norma culta panhisp\u00e1nica. el uso adverbial en el espa\u00f1ol de argentina no difiere, a grandes rasgos, seg\u00fan nuestro corpus, del est\u00e1ndar panhisp\u00e1nico y peninsular.<\/p>\n<p>&nbsp;<\/p>\n<h3>Datos acad\u00e9micos de la tesis doctoral \u00ab<strong>El adverbio en el espa\u00f1ol de argentina.<\/strong>\u00ab<\/h3>\n<ul>\n<li><strong>T\u00edtulo de la tesis:<\/strong>\u00a0 El adverbio en el espa\u00f1ol de argentina. <\/li>\n<li><strong>Autor:<\/strong>\u00a0  Perez Martin M. Victoria <\/li>\n<li><strong>Universidad:<\/strong>\u00a0 La laguna<\/li>\n<li><strong>Fecha de lectura de la tesis:<\/strong>\u00a0 01\/01\/1999<\/li>\n<\/ul>\n<p>&nbsp;<\/p>\n<h3>Direcci\u00f3n y tribunal<\/h3>\n<ul>\n<li><strong>Director de la tesis<\/strong>\n<ul>\n<li>M\u00aa. Angeles \u00e1lvarez Mart\u00ednez<\/li>\n<\/ul>\n<\/li>\n<li><strong>Tribunal<\/strong>\n<ul>\n<li>Presidente del tribunal:  Martinez garcia Jos\u00e9 Antonio <\/li>\n<li>aurora Salvador rosa (vocal)<\/li>\n<li>cristobal Corrales zumbado (vocal)<\/li>\n<li>Mar\u00eda teresa C\u00e1ceres lorenzo (vocal)<\/li>\n<\/ul>\n<\/li>\n<\/ul>\n<p>&nbsp;<\/p>\n","protected":false},"excerpt":{"rendered":"<p>Tesis doctoral de Perez Martin M. Victoria El trabajo tuvo como principal objetivo el an\u00e1lisis descriptivo del uso del adverbio [&hellip;]<\/p>\n","protected":false},"author":1,"featured_media":0,"comment_status":"open","ping_status":"open","sticky":false,"template":"","format":"standard","meta":{"site-sidebar-layout":"default","site-content-layout":"","ast-site-content-layout":"","site-content-style":"default","site-sidebar-style":"default","ast-global-header-display":"","ast-banner-title-visibility":"","ast-main-header-display":"","ast-hfb-above-header-display":"","ast-hfb-below-header-display":"","ast-hfb-mobile-header-display":"","site-post-title":"","ast-breadcrumbs-content":"","ast-featured-img":"","footer-sml-layout":"","theme-transparent-header-meta":"","adv-header-id-meta":"","stick-header-meta":"","header-above-stick-meta":"","header-main-stick-meta":"","header-below-stick-meta":"","astra-migrate-meta-layouts":"default","ast-page-background-enabled":"default","ast-page-background-meta":{"desktop":{"background-color":"var(--ast-global-color-4)","background-image":"","background-repeat":"repeat","background-position":"center center","background-size":"auto","background-attachment":"scroll","background-type":"","background-media":"","overlay-type":"","overlay-color":"","overlay-gradient":""},"tablet":{"background-color":"","background-image":"","background-repeat":"repeat","background-position":"center center","background-size":"auto","background-attachment":"scroll","background-type":"","background-media":"","overlay-type":"","overlay-color":"","overlay-gradient":""},"mobile":{"background-color":"","background-image":"","background-repeat":"repeat","background-position":"center center","background-size":"auto","background-attachment":"scroll","background-type":"","background-media":"","overlay-type":"","overlay-color":"","overlay-gradient":""}},"ast-content-background-meta":{"desktop":{"background-color":"var(--ast-global-color-5)","background-image":"","background-repeat":"repeat","background-position":"center center","background-size":"auto","background-attachment":"scroll","background-type":"","background-media":"","overlay-type":"","overlay-color":"","overlay-gradient":""},"tablet":{"background-color":"var(--ast-global-color-5)","background-image":"","background-repeat":"repeat","background-position":"center center","background-size":"auto","background-attachment":"scroll","background-type":"","background-media":"","overlay-type":"","overlay-color":"","overlay-gradient":""},"mobile":{"background-color":"var(--ast-global-color-5)","background-image":"","background-repeat":"repeat","background-position":"center center","background-size":"auto","background-attachment":"scroll","background-type":"","background-media":"","overlay-type":"","overlay-color":"","overlay-gradient":""}},"footnotes":""},"categories":[9915,636,59,60,62,409],"tags":[5206,10158,38204,8958,8959,95284],"class_list":["post-40607","post","type-post","status-publish","format-standard","hentry","category-la-laguna","category-lengua-y-literatura","category-linguistica","category-linguistica-aplicada","category-linguistica-sincronica","category-sintaxis-y-analisis-sintactico","tag-aurora-salvador-rosa","tag-cristobal-corrales-zumbado","tag-maria-teresa-caceres-lorenzo","tag-Martinez-garcia-jose-antonio","tag-ma-angeles-alvarez-Martinez","tag-perez-martin-m-victoria"],"_links":{"self":[{"href":"https:\/\/www.deberes.net\/tesis\/wp-json\/wp\/v2\/posts\/40607","targetHints":{"allow":["GET"]}}],"collection":[{"href":"https:\/\/www.deberes.net\/tesis\/wp-json\/wp\/v2\/posts"}],"about":[{"href":"https:\/\/www.deberes.net\/tesis\/wp-json\/wp\/v2\/types\/post"}],"author":[{"embeddable":true,"href":"https:\/\/www.deberes.net\/tesis\/wp-json\/wp\/v2\/users\/1"}],"replies":[{"embeddable":true,"href":"https:\/\/www.deberes.net\/tesis\/wp-json\/wp\/v2\/comments?post=40607"}],"version-history":[{"count":0,"href":"https:\/\/www.deberes.net\/tesis\/wp-json\/wp\/v2\/posts\/40607\/revisions"}],"wp:attachment":[{"href":"https:\/\/www.deberes.net\/tesis\/wp-json\/wp\/v2\/media?parent=40607"}],"wp:term":[{"taxonomy":"category","embeddable":true,"href":"https:\/\/www.deberes.net\/tesis\/wp-json\/wp\/v2\/categories?post=40607"},{"taxonomy":"post_tag","embeddable":true,"href":"https:\/\/www.deberes.net\/tesis\/wp-json\/wp\/v2\/tags?post=40607"}],"curies":[{"name":"wp","href":"https:\/\/api.w.org\/{rel}","templated":true}]}}