{"id":40664,"date":"1999-01-01T00:00:00","date_gmt":"1999-01-01T00:00:00","guid":{"rendered":"https:\/\/www.deberes.net\/tesis\/sin-categoria\/ventilacion-mecanica-en-anestesia-efectos-de-la-posicion\/"},"modified":"1999-01-01T00:00:00","modified_gmt":"1999-01-01T00:00:00","slug":"ventilacion-mecanica-en-anestesia-efectos-de-la-posicion","status":"publish","type":"post","link":"https:\/\/www.deberes.net\/tesis\/ciencias-medicas\/ventilacion-mecanica-en-anestesia-efectos-de-la-posicion\/","title":{"rendered":"Ventilacion mecanica en anestesia: efectos de la posicion."},"content":{"rendered":"<h2>Tesis doctoral de <strong> Francisco Javier Cervera Planells <\/strong><\/h2>\n<p>En el trabajo presentado se introduce una t\u00e9cnica novedosa en la monitorizaci\u00f3n ventilatoria, como es la capnometr\u00eda volum\u00e9trica, mediante la que se valoran volmenes pulmonares poco explorados, tales como: el volumen alveolar y el espacio muerto alveolar de importante trascendencia cl\u00ednica en ventilaci\u00f3n mec\u00e1nica.  mediante esta t\u00e9cnica se estudia la influencia de la posici\u00f3n, suprino prono durante la ventilaci\u00f3n mec\u00e1nica en anestesia. de esta forma se concluye que la posici\u00f3n prono con abdomen libre produce una disminuci\u00f3n del espacio muerto alveolar que podr\u00eda ser la responsable a trav\u00e9s de cambios en las zonas de west de la mejor\u00eda en la presi\u00f3n parcial de ox\u00edgeno observada durante la ventilaci\u00f3n mec\u00e1nica en esta posici\u00f3n, tanto en personas sanas como en enfermos afectos de sdra.<\/p>\n<p>&nbsp;<\/p>\n<h3>Datos acad\u00e9micos de la tesis doctoral \u00ab<strong>Ventilacion mecanica en anestesia: efectos de la posicion.<\/strong>\u00ab<\/h3>\n<ul>\n<li><strong>T\u00edtulo de la tesis:<\/strong>\u00a0 Ventilacion mecanica en anestesia: efectos de la posicion. <\/li>\n<li><strong>Autor:<\/strong>\u00a0 Francisco Javier Cervera Planells <\/li>\n<li><strong>Universidad:<\/strong>\u00a0 La laguna<\/li>\n<li><strong>Fecha de lectura de la tesis:<\/strong>\u00a0 01\/01\/1999<\/li>\n<\/ul>\n<p>&nbsp;<\/p>\n<h3>Direcci\u00f3n y tribunal<\/h3>\n<ul>\n<li><strong>Director de la tesis<\/strong>\n<ul>\n<li> Ormazabal Ramos J. Carlos<\/li>\n<\/ul>\n<\/li>\n<li><strong>Tribunal<\/strong>\n<ul>\n<li>Presidente del tribunal: eduardo Domenech Martinez <\/li>\n<li> Belda nacher Mar\u00eda  Luisa (vocal)<\/li>\n<li>Antonio Alarco hernandez (vocal)<\/li>\n<li>Francisco Dominguez ortega (vocal)<\/li>\n<\/ul>\n<\/li>\n<\/ul>\n<p>&nbsp;<\/p>\n","protected":false},"excerpt":{"rendered":"<p>Tesis doctoral de Francisco Javier Cervera Planells En el trabajo presentado se introduce una t\u00e9cnica novedosa en la monitorizaci\u00f3n ventilatoria, [&hellip;]<\/p>\n","protected":false},"author":1,"featured_media":0,"comment_status":"open","ping_status":"open","sticky":false,"template":"","format":"standard","meta":{"site-sidebar-layout":"default","site-content-layout":"","ast-site-content-layout":"","site-content-style":"default","site-sidebar-style":"default","ast-global-header-display":"","ast-banner-title-visibility":"","ast-main-header-display":"","ast-hfb-above-header-display":"","ast-hfb-below-header-display":"","ast-hfb-mobile-header-display":"","site-post-title":"","ast-breadcrumbs-content":"","ast-featured-img":"","footer-sml-layout":"","theme-transparent-header-meta":"","adv-header-id-meta":"","stick-header-meta":"","header-above-stick-meta":"","header-main-stick-meta":"","header-below-stick-meta":"","astra-migrate-meta-layouts":"default","ast-page-background-enabled":"default","ast-page-background-meta":{"desktop":{"background-color":"var(--ast-global-color-4)","background-image":"","background-repeat":"repeat","background-position":"center center","background-size":"auto","background-attachment":"scroll","background-type":"","background-media":"","overlay-type":"","overlay-color":"","overlay-gradient":""},"tablet":{"background-color":"","background-image":"","background-repeat":"repeat","background-position":"center center","background-size":"auto","background-attachment":"scroll","background-type":"","background-media":"","overlay-type":"","overlay-color":"","overlay-gradient":""},"mobile":{"background-color":"","background-image":"","background-repeat":"repeat","background-position":"center center","background-size":"auto","background-attachment":"scroll","background-type":"","background-media":"","overlay-type":"","overlay-color":"","overlay-gradient":""}},"ast-content-background-meta":{"desktop":{"background-color":"var(--ast-global-color-5)","background-image":"","background-repeat":"repeat","background-position":"center center","background-size":"auto","background-attachment":"scroll","background-type":"","background-media":"","overlay-type":"","overlay-color":"","overlay-gradient":""},"tablet":{"background-color":"var(--ast-global-color-5)","background-image":"","background-repeat":"repeat","background-position":"center center","background-size":"auto","background-attachment":"scroll","background-type":"","background-media":"","overlay-type":"","overlay-color":"","overlay-gradient":""},"mobile":{"background-color":"var(--ast-global-color-5)","background-image":"","background-repeat":"repeat","background-position":"center center","background-size":"auto","background-attachment":"scroll","background-type":"","background-media":"","overlay-type":"","overlay-color":"","overlay-gradient":""}},"footnotes":""},"categories":[1569,155,9,141,9915,161],"tags":[10223,103592,9917,10103,103591,9962],"class_list":["post-40664","post","type-post","status-publish","format-standard","hentry","category-anestesiologia-quirurgica","category-ciencias-clinicas","category-ciencias-medicas","category-cirugia","category-la-laguna","category-pediatria","tag-antonio-alarco-hernandez","tag-belda-nacher-maria-luisa","tag-eduardo-domenech-Martinez","tag-francisco-dominguez-ortega","tag-francisco-javier-cervera-planells","tag-ormazabal-ramos-j-carlos"],"_links":{"self":[{"href":"https:\/\/www.deberes.net\/tesis\/wp-json\/wp\/v2\/posts\/40664","targetHints":{"allow":["GET"]}}],"collection":[{"href":"https:\/\/www.deberes.net\/tesis\/wp-json\/wp\/v2\/posts"}],"about":[{"href":"https:\/\/www.deberes.net\/tesis\/wp-json\/wp\/v2\/types\/post"}],"author":[{"embeddable":true,"href":"https:\/\/www.deberes.net\/tesis\/wp-json\/wp\/v2\/users\/1"}],"replies":[{"embeddable":true,"href":"https:\/\/www.deberes.net\/tesis\/wp-json\/wp\/v2\/comments?post=40664"}],"version-history":[{"count":0,"href":"https:\/\/www.deberes.net\/tesis\/wp-json\/wp\/v2\/posts\/40664\/revisions"}],"wp:attachment":[{"href":"https:\/\/www.deberes.net\/tesis\/wp-json\/wp\/v2\/media?parent=40664"}],"wp:term":[{"taxonomy":"category","embeddable":true,"href":"https:\/\/www.deberes.net\/tesis\/wp-json\/wp\/v2\/categories?post=40664"},{"taxonomy":"post_tag","embeddable":true,"href":"https:\/\/www.deberes.net\/tesis\/wp-json\/wp\/v2\/tags?post=40664"}],"curies":[{"name":"wp","href":"https:\/\/api.w.org\/{rel}","templated":true}]}}