{"id":40674,"date":"1999-01-01T00:00:00","date_gmt":"1999-01-01T00:00:00","guid":{"rendered":"https:\/\/www.deberes.net\/tesis\/sin-categoria\/paniculitis-correlacion-clinicopatologica-y-experimental\/"},"modified":"1999-01-01T00:00:00","modified_gmt":"1999-01-01T00:00:00","slug":"paniculitis-correlacion-clinicopatologica-y-experimental","status":"publish","type":"post","link":"https:\/\/www.deberes.net\/tesis\/ciencias-medicas\/paniculitis-correlacion-clinicopatologica-y-experimental\/","title":{"rendered":"Paniculitis: correlacion clinicopatologica y experimental."},"content":{"rendered":"<h2>Tesis doctoral de <strong>  Theis Sanchez Esther Grisel <\/strong><\/h2>\n<p>Se estudia la cl\u00ednica y la anatom\u00eda patol\u00f3gica de 133 casos de paniculitis analiz\u00e1ndose las clasificaciones propuestas por diferentes autores y las entidades englobadas en cada una y los criterios usados, lleg\u00e1ndose finalmente a aceptar como m\u00e1s \u00fatil agruparlas en septales, lobulares y mixtas y en cada caso abrir un grupo de paniculitis no espec\u00edficas para las inclasificables y en cada una sus subgrupos histol\u00f3gicos. Se analizan la edad, sexo localizaci\u00f3n y tama\u00f1o de las lesiones. se valoran los par\u00e1metros histol\u00f3gicos que permiten el diagn\u00f3stico de cada una de las entidades estudiadas.  se estudia un modelo experimental, la inyecci\u00f3n de glicerol, como productor a corto plazo, de fen\u00f3menos panicul\u00edticos y necrobi\u00f3ticos similares a los hallados en patolog\u00eda humana. Se demuestra que la adipog\u00e9nesis secundaria se origina alrededor de los peque\u00f1os vasos lo cual concuerda con la hip\u00f3tesis de que los adipocitos postnatales se originan a partir de c\u00e9lulas fibrobl\u00e1sticas y pericitarias.<\/p>\n<p>&nbsp;<\/p>\n<h3>Datos acad\u00e9micos de la tesis doctoral \u00ab<strong>Paniculitis: correlacion clinicopatologica y experimental.<\/strong>\u00ab<\/h3>\n<ul>\n<li><strong>T\u00edtulo de la tesis:<\/strong>\u00a0 Paniculitis: correlacion clinicopatologica y experimental. <\/li>\n<li><strong>Autor:<\/strong>\u00a0  Theis Sanchez Esther Grisel <\/li>\n<li><strong>Universidad:<\/strong>\u00a0 La laguna<\/li>\n<li><strong>Fecha de lectura de la tesis:<\/strong>\u00a0 01\/01\/1999<\/li>\n<\/ul>\n<p>&nbsp;<\/p>\n<h3>Direcci\u00f3n y tribunal<\/h3>\n<ul>\n<li><strong>Director de la tesis<\/strong>\n<ul>\n<li>Lucio Diaz Flores Feo<\/li>\n<\/ul>\n<\/li>\n<li><strong>Tribunal<\/strong>\n<ul>\n<li>Presidente del tribunal: rafael Garcia montelongo <\/li>\n<li>Jes\u00fas Manuel Dominguez silva (vocal)<\/li>\n<li>buenaventura Hernandez hernandez (vocal)<\/li>\n<li>hilda Varela ansedes (vocal)<\/li>\n<\/ul>\n<\/li>\n<\/ul>\n<p>&nbsp;<\/p>\n","protected":false},"excerpt":{"rendered":"<p>Tesis doctoral de Theis Sanchez Esther Grisel Se estudia la cl\u00ednica y la anatom\u00eda patol\u00f3gica de 133 casos de paniculitis [&hellip;]<\/p>\n","protected":false},"author":1,"featured_media":0,"comment_status":"open","ping_status":"open","sticky":false,"template":"","format":"standard","meta":{"site-sidebar-layout":"default","site-content-layout":"","ast-site-content-layout":"","site-content-style":"default","site-sidebar-style":"default","ast-global-header-display":"","ast-banner-title-visibility":"","ast-main-header-display":"","ast-hfb-above-header-display":"","ast-hfb-below-header-display":"","ast-hfb-mobile-header-display":"","site-post-title":"","ast-breadcrumbs-content":"","ast-featured-img":"","footer-sml-layout":"","theme-transparent-header-meta":"","adv-header-id-meta":"","stick-header-meta":"","header-above-stick-meta":"","header-main-stick-meta":"","header-below-stick-meta":"","astra-migrate-meta-layouts":"default","ast-page-background-enabled":"default","ast-page-background-meta":{"desktop":{"background-color":"var(--ast-global-color-4)","background-image":"","background-repeat":"repeat","background-position":"center center","background-size":"auto","background-attachment":"scroll","background-type":"","background-media":"","overlay-type":"","overlay-color":"","overlay-gradient":""},"tablet":{"background-color":"","background-image":"","background-repeat":"repeat","background-position":"center center","background-size":"auto","background-attachment":"scroll","background-type":"","background-media":"","overlay-type":"","overlay-color":"","overlay-gradient":""},"mobile":{"background-color":"","background-image":"","background-repeat":"repeat","background-position":"center center","background-size":"auto","background-attachment":"scroll","background-type":"","background-media":"","overlay-type":"","overlay-color":"","overlay-gradient":""}},"ast-content-background-meta":{"desktop":{"background-color":"var(--ast-global-color-5)","background-image":"","background-repeat":"repeat","background-position":"center center","background-size":"auto","background-attachment":"scroll","background-type":"","background-media":"","overlay-type":"","overlay-color":"","overlay-gradient":""},"tablet":{"background-color":"var(--ast-global-color-5)","background-image":"","background-repeat":"repeat","background-position":"center center","background-size":"auto","background-attachment":"scroll","background-type":"","background-media":"","overlay-type":"","overlay-color":"","overlay-gradient":""},"mobile":{"background-color":"var(--ast-global-color-5)","background-image":"","background-repeat":"repeat","background-position":"center center","background-size":"auto","background-attachment":"scroll","background-type":"","background-media":"","overlay-type":"","overlay-color":"","overlay-gradient":""}},"footnotes":""},"categories":[155,9,97,52,9915,156],"tags":[88765,9930,90663,695,9936,103603],"class_list":["post-40674","post","type-post","status-publish","format-standard","hentry","category-ciencias-clinicas","category-ciencias-medicas","category-dermatologia","category-histopatologia","category-la-laguna","category-patologia","tag-buenaventura-hernandez-hernandez","tag-hilda-varela-ansedes","tag-jesus-manuel-dominguez-silva","tag-lucio-diaz-flores-feo","tag-rafael-garcia-montelongo","tag-theis-sanchez-esther-grisel"],"_links":{"self":[{"href":"https:\/\/www.deberes.net\/tesis\/wp-json\/wp\/v2\/posts\/40674","targetHints":{"allow":["GET"]}}],"collection":[{"href":"https:\/\/www.deberes.net\/tesis\/wp-json\/wp\/v2\/posts"}],"about":[{"href":"https:\/\/www.deberes.net\/tesis\/wp-json\/wp\/v2\/types\/post"}],"author":[{"embeddable":true,"href":"https:\/\/www.deberes.net\/tesis\/wp-json\/wp\/v2\/users\/1"}],"replies":[{"embeddable":true,"href":"https:\/\/www.deberes.net\/tesis\/wp-json\/wp\/v2\/comments?post=40674"}],"version-history":[{"count":0,"href":"https:\/\/www.deberes.net\/tesis\/wp-json\/wp\/v2\/posts\/40674\/revisions"}],"wp:attachment":[{"href":"https:\/\/www.deberes.net\/tesis\/wp-json\/wp\/v2\/media?parent=40674"}],"wp:term":[{"taxonomy":"category","embeddable":true,"href":"https:\/\/www.deberes.net\/tesis\/wp-json\/wp\/v2\/categories?post=40674"},{"taxonomy":"post_tag","embeddable":true,"href":"https:\/\/www.deberes.net\/tesis\/wp-json\/wp\/v2\/tags?post=40674"}],"curies":[{"name":"wp","href":"https:\/\/api.w.org\/{rel}","templated":true}]}}