{"id":40676,"date":"1999-01-01T00:00:00","date_gmt":"1999-01-01T00:00:00","guid":{"rendered":"https:\/\/www.deberes.net\/tesis\/sin-categoria\/tabaquismo-e-incapacidad-temporal-en-los-trabajadores-de-atencion-primaria-de-tenerife\/"},"modified":"1999-01-01T00:00:00","modified_gmt":"1999-01-01T00:00:00","slug":"tabaquismo-e-incapacidad-temporal-en-los-trabajadores-de-atencion-primaria-de-tenerife","status":"publish","type":"post","link":"https:\/\/www.deberes.net\/tesis\/ciencias-medicas\/tabaquismo-e-incapacidad-temporal-en-los-trabajadores-de-atencion-primaria-de-tenerife\/","title":{"rendered":"Tabaquismo e incapacidad temporal en los trabajadores de atencion primaria de  tenerife."},"content":{"rendered":"<h2>Tesis doctoral de <strong> Antonio Torres Lana <\/strong><\/h2>\n<p>En la comunidad aut\u00f3noma canaria durante 1997 el tabajo ocasion\u00f3 16.000 millones de ptas. al servicio canario de salud de aqu\u00ed la justificaci\u00f3n de este trabajo.  objetivos. El estudio de la presunta relaci\u00f3n entre el h\u00e1bito tab\u00e1quico y las incapacidades temporales del personal de atenci\u00f3n primaria de tenerife en 1997 constituyen el prop\u00f3sito de la investigaci\u00f3n.  metodolog\u00eda. Realizamos un estudio de casos controles para evidenciar la asociaci\u00f3n entre ser fumador y sufrir episodios de invalidez temporal; la asociaci\u00f3n entre se fumador y la duraci\u00f3n de las invalideces temporales se expone en un estudio descriptivo.  resultados. Se evidencia una asociaci\u00f3n estadisticamente significativa entre ser fumador y sufrir episodios de i.T., Que determina adem\u00e1s una mayor duraci\u00f3n de estas en los fumadores. No hemos encontrado significaci\u00f3n entre el h\u00e1bito tab\u00e1quico y la incidencia de i.T. Por enfermedades respiratorias. Sin embargo, si hay asociaci\u00f3n significativa entre ser fumador y padecer m\u00e1s incapacidades por dolores raqu\u00eddeos, que los no fumadores.<\/p>\n<p>&nbsp;<\/p>\n<h3>Datos acad\u00e9micos de la tesis doctoral \u00ab<strong>Tabaquismo e incapacidad temporal en los trabajadores de atencion primaria de  tenerife.<\/strong>\u00ab<\/h3>\n<ul>\n<li><strong>T\u00edtulo de la tesis:<\/strong>\u00a0 Tabaquismo e incapacidad temporal en los trabajadores de atencion primaria de  tenerife. <\/li>\n<li><strong>Autor:<\/strong>\u00a0 Antonio Torres Lana <\/li>\n<li><strong>Universidad:<\/strong>\u00a0 La laguna<\/li>\n<li><strong>Fecha de lectura de la tesis:<\/strong>\u00a0 01\/01\/1999<\/li>\n<\/ul>\n<p>&nbsp;<\/p>\n<h3>Direcci\u00f3n y tribunal<\/h3>\n<ul>\n<li><strong>Director de la tesis<\/strong>\n<ul>\n<li>Antonio Sierra L\u00f3pez<\/li>\n<\/ul>\n<\/li>\n<li><strong>Tribunal<\/strong>\n<ul>\n<li>Presidente del tribunal: lLuis Serra majem <\/li>\n<li>vicente Gil guillen (vocal)<\/li>\n<li>Luis Hernandez nieto (vocal)<\/li>\n<li>Juan Abreu gonzales (vocal)<\/li>\n<\/ul>\n<\/li>\n<\/ul>\n<p>&nbsp;<\/p>\n","protected":false},"excerpt":{"rendered":"<p>Tesis doctoral de Antonio Torres Lana En la comunidad aut\u00f3noma canaria durante 1997 el tabajo ocasion\u00f3 16.000 millones de ptas. [&hellip;]<\/p>\n","protected":false},"author":1,"featured_media":0,"comment_status":"open","ping_status":"open","sticky":false,"template":"","format":"standard","meta":{"site-sidebar-layout":"default","site-content-layout":"","ast-site-content-layout":"","site-content-style":"default","site-sidebar-style":"default","ast-global-header-display":"","ast-banner-title-visibility":"","ast-main-header-display":"","ast-hfb-above-header-display":"","ast-hfb-below-header-display":"","ast-hfb-mobile-header-display":"","site-post-title":"","ast-breadcrumbs-content":"","ast-featured-img":"","footer-sml-layout":"","theme-transparent-header-meta":"","adv-header-id-meta":"","stick-header-meta":"","header-above-stick-meta":"","header-main-stick-meta":"","header-below-stick-meta":"","astra-migrate-meta-layouts":"default","ast-page-background-enabled":"default","ast-page-background-meta":{"desktop":{"background-color":"var(--ast-global-color-4)","background-image":"","background-repeat":"repeat","background-position":"center center","background-size":"auto","background-attachment":"scroll","background-type":"","background-media":"","overlay-type":"","overlay-color":"","overlay-gradient":""},"tablet":{"background-color":"","background-image":"","background-repeat":"repeat","background-position":"center center","background-size":"auto","background-attachment":"scroll","background-type":"","background-media":"","overlay-type":"","overlay-color":"","overlay-gradient":""},"mobile":{"background-color":"","background-image":"","background-repeat":"repeat","background-position":"center center","background-size":"auto","background-attachment":"scroll","background-type":"","background-media":"","overlay-type":"","overlay-color":"","overlay-gradient":""}},"ast-content-background-meta":{"desktop":{"background-color":"var(--ast-global-color-5)","background-image":"","background-repeat":"repeat","background-position":"center center","background-size":"auto","background-attachment":"scroll","background-type":"","background-media":"","overlay-type":"","overlay-color":"","overlay-gradient":""},"tablet":{"background-color":"var(--ast-global-color-5)","background-image":"","background-repeat":"repeat","background-position":"center center","background-size":"auto","background-attachment":"scroll","background-type":"","background-media":"","overlay-type":"","overlay-color":"","overlay-gradient":""},"mobile":{"background-color":"var(--ast-global-color-5)","background-image":"","background-repeat":"repeat","background-position":"center center","background-size":"auto","background-attachment":"scroll","background-type":"","background-media":"","overlay-type":"","overlay-color":"","overlay-gradient":""}},"footnotes":""},"categories":[9,12692,9915,1686,7464,324,967],"tags":[6588,103605,103606,10095,9971,19282],"class_list":["post-40676","post","type-post","status-publish","format-standard","hentry","category-ciencias-medicas","category-efecto-de-las-drogas","category-la-laguna","category-medicina-preventiva","category-psicofarmacologia","category-psicologia","category-salud-publica","tag-antonio-sierra-lopez","tag-antonio-torres-lana","tag-juan-abreu-gonzales","tag-lluis-serra-majem","tag-luis-hernandez-nieto","tag-vicente-gil-guillen"],"_links":{"self":[{"href":"https:\/\/www.deberes.net\/tesis\/wp-json\/wp\/v2\/posts\/40676","targetHints":{"allow":["GET"]}}],"collection":[{"href":"https:\/\/www.deberes.net\/tesis\/wp-json\/wp\/v2\/posts"}],"about":[{"href":"https:\/\/www.deberes.net\/tesis\/wp-json\/wp\/v2\/types\/post"}],"author":[{"embeddable":true,"href":"https:\/\/www.deberes.net\/tesis\/wp-json\/wp\/v2\/users\/1"}],"replies":[{"embeddable":true,"href":"https:\/\/www.deberes.net\/tesis\/wp-json\/wp\/v2\/comments?post=40676"}],"version-history":[{"count":0,"href":"https:\/\/www.deberes.net\/tesis\/wp-json\/wp\/v2\/posts\/40676\/revisions"}],"wp:attachment":[{"href":"https:\/\/www.deberes.net\/tesis\/wp-json\/wp\/v2\/media?parent=40676"}],"wp:term":[{"taxonomy":"category","embeddable":true,"href":"https:\/\/www.deberes.net\/tesis\/wp-json\/wp\/v2\/categories?post=40676"},{"taxonomy":"post_tag","embeddable":true,"href":"https:\/\/www.deberes.net\/tesis\/wp-json\/wp\/v2\/tags?post=40676"}],"curies":[{"name":"wp","href":"https:\/\/api.w.org\/{rel}","templated":true}]}}