{"id":40684,"date":"1999-01-01T00:00:00","date_gmt":"1999-01-01T00:00:00","guid":{"rendered":"https:\/\/www.deberes.net\/tesis\/sin-categoria\/la-subordinacion-adverbial-en-ingles-un-enfoque-funcional\/"},"modified":"1999-01-01T00:00:00","modified_gmt":"1999-01-01T00:00:00","slug":"la-subordinacion-adverbial-en-ingles-un-enfoque-funcional","status":"publish","type":"post","link":"https:\/\/www.deberes.net\/tesis\/linguistica\/la-subordinacion-adverbial-en-ingles-un-enfoque-funcional\/","title":{"rendered":"La subordinacion adverbial en ingles: un enfoque funcional."},"content":{"rendered":"<h2>Tesis doctoral de <strong>  Perez Quintero M. Jes\u00fas <\/strong><\/h2>\n<p>Este trabajo de investigaci\u00f3n ofrece un estudio de las oraciones subordinadas en ingl\u00e9s dentro del marco de la gram\u00e1tica funcional de simon dik (1997). El objetivo principal es demostrar la existencia de una relaci\u00f3n sistem\u00e1tica entre el tipo sem\u00e1ntico de oraci\u00f3n adverbial, determinado por la aplicaci\u00f3n de cuatro par\u00e1metros clasificadores (tipo de entidad, dependencia temporal, factualidad y presuposici\u00f3n) y la forma verbal (dependiente o independiente) mediante la que \u00e9ste se expresa en ingl\u00e9s.  en este sentido, debe mencionarse que dichos par\u00e1metros clasificadores constituyen cuatro ejes en torno a los cuales cabe establecer cuatro jerarqu\u00edas que operan de manera interactiva y que muestran un orden de prioridades en relaci\u00f3n con el uso de formas verbales en cada uno de los distintos tipos de oraci\u00f3n adverbial. el an\u00e1lisis de un corpus textual, el lob corpus, ha permitido demostrar la hip\u00f3tesis inicial, al mismo tiempo que ofrecer una descripci\u00f3n sistem\u00e1tica y exhaustiva de los distintos tipos sem\u00e1nticos de oraciones adverbiales en ingl\u00e9s as\u00ed como de los formatos de expresi\u00f3n verbal de las mismas.<\/p>\n<p>&nbsp;<\/p>\n<h3>Datos acad\u00e9micos de la tesis doctoral \u00ab<strong>La subordinacion adverbial en ingles: un enfoque funcional.<\/strong>\u00ab<\/h3>\n<ul>\n<li><strong>T\u00edtulo de la tesis:<\/strong>\u00a0 La subordinacion adverbial en ingles: un enfoque funcional. <\/li>\n<li><strong>Autor:<\/strong>\u00a0  Perez Quintero M. Jes\u00fas <\/li>\n<li><strong>Universidad:<\/strong>\u00a0 La laguna<\/li>\n<li><strong>Fecha de lectura de la tesis:<\/strong>\u00a0 01\/01\/1999<\/li>\n<\/ul>\n<p>&nbsp;<\/p>\n<h3>Direcci\u00f3n y tribunal<\/h3>\n<ul>\n<li><strong>Director de la tesis<\/strong>\n<ul>\n<li> Gomez Soli\u00f1o Jos\u00e9 S.<\/li>\n<\/ul>\n<\/li>\n<li><strong>Tribunal<\/strong>\n<ul>\n<li>Presidente del tribunal: pablo Dominguez gonzalez <\/li>\n<li>ricardo Mairal us\u00f3n (vocal)<\/li>\n<li> Pino campos Luis Miguel (vocal)<\/li>\n<li>  (vocal)<\/li>\n<\/ul>\n<\/li>\n<\/ul>\n<p>&nbsp;<\/p>\n","protected":false},"excerpt":{"rendered":"<p>Tesis doctoral de Perez Quintero M. Jes\u00fas Este trabajo de investigaci\u00f3n ofrece un estudio de las oraciones subordinadas en ingl\u00e9s [&hellip;]<\/p>\n","protected":false},"author":1,"featured_media":0,"comment_status":"open","ping_status":"open","sticky":false,"template":"","format":"standard","meta":{"site-sidebar-layout":"default","site-content-layout":"","ast-site-content-layout":"","site-content-style":"default","site-sidebar-style":"default","ast-global-header-display":"","ast-banner-title-visibility":"","ast-main-header-display":"","ast-hfb-above-header-display":"","ast-hfb-below-header-display":"","ast-hfb-mobile-header-display":"","site-post-title":"","ast-breadcrumbs-content":"","ast-featured-img":"","footer-sml-layout":"","theme-transparent-header-meta":"","adv-header-id-meta":"","stick-header-meta":"","header-above-stick-meta":"","header-main-stick-meta":"","header-below-stick-meta":"","astra-migrate-meta-layouts":"default","ast-page-background-enabled":"default","ast-page-background-meta":{"desktop":{"background-color":"var(--ast-global-color-4)","background-image":"","background-repeat":"repeat","background-position":"center center","background-size":"auto","background-attachment":"scroll","background-type":"","background-media":"","overlay-type":"","overlay-color":"","overlay-gradient":""},"tablet":{"background-color":"","background-image":"","background-repeat":"repeat","background-position":"center center","background-size":"auto","background-attachment":"scroll","background-type":"","background-media":"","overlay-type":"","overlay-color":"","overlay-gradient":""},"mobile":{"background-color":"","background-image":"","background-repeat":"repeat","background-position":"center center","background-size":"auto","background-attachment":"scroll","background-type":"","background-media":"","overlay-type":"","overlay-color":"","overlay-gradient":""}},"ast-content-background-meta":{"desktop":{"background-color":"var(--ast-global-color-5)","background-image":"","background-repeat":"repeat","background-position":"center center","background-size":"auto","background-attachment":"scroll","background-type":"","background-media":"","overlay-type":"","overlay-color":"","overlay-gradient":""},"tablet":{"background-color":"var(--ast-global-color-5)","background-image":"","background-repeat":"repeat","background-position":"center center","background-size":"auto","background-attachment":"scroll","background-type":"","background-media":"","overlay-type":"","overlay-color":"","overlay-gradient":""},"mobile":{"background-color":"var(--ast-global-color-5)","background-image":"","background-repeat":"repeat","background-position":"center center","background-size":"auto","background-attachment":"scroll","background-type":"","background-media":"","overlay-type":"","overlay-color":"","overlay-gradient":""}},"footnotes":""},"categories":[9915,59,62,409],"tags":[5589,9976,103616,40503,2308],"class_list":["post-40684","post","type-post","status-publish","format-standard","hentry","category-la-laguna","category-linguistica","category-linguistica-sincronica","category-sintaxis-y-analisis-sintactico","tag-gomez-solino-jose-s","tag-pablo-dominguez-gonzalez","tag-perez-quintero-m-jesus","tag-pino-campos-luis-miguel","tag-ricardo-mairal-uson"],"_links":{"self":[{"href":"https:\/\/www.deberes.net\/tesis\/wp-json\/wp\/v2\/posts\/40684","targetHints":{"allow":["GET"]}}],"collection":[{"href":"https:\/\/www.deberes.net\/tesis\/wp-json\/wp\/v2\/posts"}],"about":[{"href":"https:\/\/www.deberes.net\/tesis\/wp-json\/wp\/v2\/types\/post"}],"author":[{"embeddable":true,"href":"https:\/\/www.deberes.net\/tesis\/wp-json\/wp\/v2\/users\/1"}],"replies":[{"embeddable":true,"href":"https:\/\/www.deberes.net\/tesis\/wp-json\/wp\/v2\/comments?post=40684"}],"version-history":[{"count":0,"href":"https:\/\/www.deberes.net\/tesis\/wp-json\/wp\/v2\/posts\/40684\/revisions"}],"wp:attachment":[{"href":"https:\/\/www.deberes.net\/tesis\/wp-json\/wp\/v2\/media?parent=40684"}],"wp:term":[{"taxonomy":"category","embeddable":true,"href":"https:\/\/www.deberes.net\/tesis\/wp-json\/wp\/v2\/categories?post=40684"},{"taxonomy":"post_tag","embeddable":true,"href":"https:\/\/www.deberes.net\/tesis\/wp-json\/wp\/v2\/tags?post=40684"}],"curies":[{"name":"wp","href":"https:\/\/api.w.org\/{rel}","templated":true}]}}