{"id":40692,"date":"1999-01-01T00:00:00","date_gmt":"1999-01-01T00:00:00","guid":{"rendered":"https:\/\/www.deberes.net\/tesis\/sin-categoria\/un-programa-basado-en-la-auto-regulacion-como-estrategia-de-intervencion-para-la-fobia-a-viajar-en-transporte-aereo\/"},"modified":"1999-01-01T00:00:00","modified_gmt":"1999-01-01T00:00:00","slug":"un-programa-basado-en-la-auto-regulacion-como-estrategia-de-intervencion-para-la-fobia-a-viajar-en-transporte-aereo","status":"publish","type":"post","link":"https:\/\/www.deberes.net\/tesis\/psicologia\/un-programa-basado-en-la-auto-regulacion-como-estrategia-de-intervencion-para-la-fobia-a-viajar-en-transporte-aereo\/","title":{"rendered":"Un programa basado en la auto-regulacion como estrategia de intervencion para la fobia a viajar en transporte aereo."},"content":{"rendered":"<h2>Tesis doctoral de <strong> Manuel Herrero Fernandez <\/strong><\/h2>\n<p>Se pone a prueba un programa para eliminar la fobia a volar basado en la auto-regulaci\u00f3n (amig\u00f3, 1990). a modo de \u00abhipnosis despierta\u00bb, se utilizan ejercicios para incrementar la sugestionabilidad que sustituyen a las inducciones tradicionales. Se emplea un dise\u00f1o experimental con dos grupos: control y experimental, equivalentes en las variables sociodemogr\u00e1ficas, dependientes (autoinforme y psicofisiol\u00f3gicas), y en las de generalizaci\u00f3n. Se obtiene a nivel bivariado y multivariado que los dos grupos, que no se diferenciaban antes del tratamiento\/per\u00edodo de espera, s\u00ed lo hacen tras \u00e9l, llegando a identificarse un 24% de los tratados con un grupo extremo sin ning\u00fan miedo a volar. las variables predictoras explican un 64% del \u00e9xito terap\u00e9utico.<\/p>\n<p>&nbsp;<\/p>\n<h3>Datos acad\u00e9micos de la tesis doctoral \u00ab<strong>Un programa basado en la auto-regulacion como estrategia de intervencion para la fobia a viajar en transporte aereo.<\/strong>\u00ab<\/h3>\n<ul>\n<li><strong>T\u00edtulo de la tesis:<\/strong>\u00a0 Un programa basado en la auto-regulacion como estrategia de intervencion para la fobia a viajar en transporte aereo. <\/li>\n<li><strong>Autor:<\/strong>\u00a0 Manuel Herrero Fernandez <\/li>\n<li><strong>Universidad:<\/strong>\u00a0 La laguna<\/li>\n<li><strong>Fecha de lectura de la tesis:<\/strong>\u00a0 01\/01\/1999<\/li>\n<\/ul>\n<p>&nbsp;<\/p>\n<h3>Direcci\u00f3n y tribunal<\/h3>\n<ul>\n<li><strong>Director de la tesis<\/strong>\n<ul>\n<li> Capafons Bonet Juan  Ignacio<\/li>\n<\/ul>\n<\/li>\n<li><strong>Tribunal<\/strong>\n<ul>\n<li>Presidente del tribunal: Francisco j. Labrador encinas <\/li>\n<li> Bethencourt perez Juan  Manuel (vocal)<\/li>\n<li>marino P\u00e9rez \u00e1lvarez (vocal)<\/li>\n<li>pedro Prieto mara\u00f1on (vocal)<\/li>\n<\/ul>\n<\/li>\n<\/ul>\n<p>&nbsp;<\/p>\n","protected":false},"excerpt":{"rendered":"<p>Tesis doctoral de Manuel Herrero Fernandez Se pone a prueba un programa para eliminar la fobia a volar basado en [&hellip;]<\/p>\n","protected":false},"author":1,"featured_media":0,"comment_status":"open","ping_status":"open","sticky":false,"template":"","format":"standard","meta":{"site-sidebar-layout":"default","site-content-layout":"","ast-site-content-layout":"","site-content-style":"default","site-sidebar-style":"default","ast-global-header-display":"","ast-banner-title-visibility":"","ast-main-header-display":"","ast-hfb-above-header-display":"","ast-hfb-below-header-display":"","ast-hfb-mobile-header-display":"","site-post-title":"","ast-breadcrumbs-content":"","ast-featured-img":"","footer-sml-layout":"","theme-transparent-header-meta":"","adv-header-id-meta":"","stick-header-meta":"","header-above-stick-meta":"","header-main-stick-meta":"","header-below-stick-meta":"","astra-migrate-meta-layouts":"default","ast-page-background-enabled":"default","ast-page-background-meta":{"desktop":{"background-color":"var(--ast-global-color-4)","background-image":"","background-repeat":"repeat","background-position":"center center","background-size":"auto","background-attachment":"scroll","background-type":"","background-media":"","overlay-type":"","overlay-color":"","overlay-gradient":""},"tablet":{"background-color":"","background-image":"","background-repeat":"repeat","background-position":"center center","background-size":"auto","background-attachment":"scroll","background-type":"","background-media":"","overlay-type":"","overlay-color":"","overlay-gradient":""},"mobile":{"background-color":"","background-image":"","background-repeat":"repeat","background-position":"center center","background-size":"auto","background-attachment":"scroll","background-type":"","background-media":"","overlay-type":"","overlay-color":"","overlay-gradient":""}},"ast-content-background-meta":{"desktop":{"background-color":"var(--ast-global-color-5)","background-image":"","background-repeat":"repeat","background-position":"center center","background-size":"auto","background-attachment":"scroll","background-type":"","background-media":"","overlay-type":"","overlay-color":"","overlay-gradient":""},"tablet":{"background-color":"var(--ast-global-color-5)","background-image":"","background-repeat":"repeat","background-position":"center center","background-size":"auto","background-attachment":"scroll","background-type":"","background-media":"","overlay-type":"","overlay-color":"","overlay-gradient":""},"mobile":{"background-color":"var(--ast-global-color-5)","background-image":"","background-repeat":"repeat","background-position":"center center","background-size":"auto","background-attachment":"scroll","background-type":"","background-media":"","overlay-type":"","overlay-color":"","overlay-gradient":""}},"footnotes":""},"categories":[4264,10755,9915,324,961,6686],"tags":[51328,11469,5287,103628,8884,103629],"class_list":["post-40692","post","type-post","status-publish","format-standard","hentry","category-asesoramiento-y-orientacion-psicologicas","category-desviaciones-del-comportamiento","category-la-laguna","category-psicologia","category-psicologia-de-la-anormalidad","category-terapia-del-comportamiento","tag-bethencourt-perez-juan-manuel","tag-capafons-bonet-juan-ignacio","tag-francisco-j-labrador-encinas","tag-manuel-herrero-fernandez","tag-marino-perez-alvarez","tag-pedro-prieto-maranon"],"_links":{"self":[{"href":"https:\/\/www.deberes.net\/tesis\/wp-json\/wp\/v2\/posts\/40692","targetHints":{"allow":["GET"]}}],"collection":[{"href":"https:\/\/www.deberes.net\/tesis\/wp-json\/wp\/v2\/posts"}],"about":[{"href":"https:\/\/www.deberes.net\/tesis\/wp-json\/wp\/v2\/types\/post"}],"author":[{"embeddable":true,"href":"https:\/\/www.deberes.net\/tesis\/wp-json\/wp\/v2\/users\/1"}],"replies":[{"embeddable":true,"href":"https:\/\/www.deberes.net\/tesis\/wp-json\/wp\/v2\/comments?post=40692"}],"version-history":[{"count":0,"href":"https:\/\/www.deberes.net\/tesis\/wp-json\/wp\/v2\/posts\/40692\/revisions"}],"wp:attachment":[{"href":"https:\/\/www.deberes.net\/tesis\/wp-json\/wp\/v2\/media?parent=40692"}],"wp:term":[{"taxonomy":"category","embeddable":true,"href":"https:\/\/www.deberes.net\/tesis\/wp-json\/wp\/v2\/categories?post=40692"},{"taxonomy":"post_tag","embeddable":true,"href":"https:\/\/www.deberes.net\/tesis\/wp-json\/wp\/v2\/tags?post=40692"}],"curies":[{"name":"wp","href":"https:\/\/api.w.org\/{rel}","templated":true}]}}