{"id":40835,"date":"1999-01-01T00:00:00","date_gmt":"1999-01-01T00:00:00","guid":{"rendered":"https:\/\/www.deberes.net\/tesis\/sin-categoria\/influencia-del-riesgo-de-interes-sobre-el-mercado-de-renta-variable\/"},"modified":"1999-01-01T00:00:00","modified_gmt":"1999-01-01T00:00:00","slug":"influencia-del-riesgo-de-interes-sobre-el-mercado-de-renta-variable","status":"publish","type":"post","link":"https:\/\/www.deberes.net\/tesis\/ciencias-economicas\/influencia-del-riesgo-de-interes-sobre-el-mercado-de-renta-variable\/","title":{"rendered":"Influencia del riesgo de interes sobre el mercado de renta variable."},"content":{"rendered":"<h2>Tesis doctoral de <strong> Roman Ferrer Lape\u00f1a <\/strong><\/h2>\n<p>En los \u00faltimos tiempos, las variaciones experimentadas por los tipos de inter\u00e9s se han convertido en uno de los determinantes fundamentales de las cotizaciones burs\u00e1tiles. en este contexto, en el presente trabajo se analiza la repercusi\u00f3n de los cambios sufridos por los tipos de inter\u00e9s nominales sobre el mercado de acciones espa\u00f1ol mediante la extensi\u00f3n del concepto de duraci\u00f3n de un activo financiero, instrumento normalmente utilizado en el marco de la renta fija, al \u00e1mbito de la renta variable. de forma adicional se examina el efecto diferencial sobre el valor de las acciones de los movimientos de los tipos de inter\u00e9s reales ex ante y de la tasa de inflaci\u00f3n esperada con el objeto de delimitar cu\u00e1l es el componente clave de los tipos nominales en t\u00e9rminos de su impacto sobre el mercado de valores. Por \u00faltimo, se procede a verificar si, en l\u00ednea con los planteamientos te\u00f3ricos de general aceptaci\u00f3n, el mercado de renta variable proporciona una protecci\u00f3n eficaz a los inversores contra el efecto adverso de la inflaci\u00f3n.<\/p>\n<p>&nbsp;<\/p>\n<h3>Datos acad\u00e9micos de la tesis doctoral \u00ab<strong>Influencia del riesgo de interes sobre el mercado de renta variable.<\/strong>\u00ab<\/h3>\n<ul>\n<li><strong>T\u00edtulo de la tesis:<\/strong>\u00a0 Influencia del riesgo de interes sobre el mercado de renta variable. <\/li>\n<li><strong>Autor:<\/strong>\u00a0 Roman Ferrer Lape\u00f1a <\/li>\n<li><strong>Universidad:<\/strong>\u00a0 Universitat de val\u00e9ncia (estudi general)<\/li>\n<li><strong>Fecha de lectura de la tesis:<\/strong>\u00a0 01\/01\/1999<\/li>\n<\/ul>\n<p>&nbsp;<\/p>\n<h3>Direcci\u00f3n y tribunal<\/h3>\n<ul>\n<li><strong>Director de la tesis<\/strong>\n<ul>\n<li>Eliseo Navarro Arribas<\/li>\n<\/ul>\n<\/li>\n<li><strong>Tribunal<\/strong>\n<ul>\n<li>Presidente del tribunal: dulce Contreras bayarri <\/li>\n<li>Juan Nave pineda (vocal)<\/li>\n<li>Javier Quesada iba\u00f1ez (vocal)<\/li>\n<li>Antonio Alegre escolano (vocal)<\/li>\n<\/ul>\n<\/li>\n<\/ul>\n<p>&nbsp;<\/p>\n","protected":false},"excerpt":{"rendered":"<p>Tesis doctoral de Roman Ferrer Lape\u00f1a En los \u00faltimos tiempos, las variaciones experimentadas por los tipos de inter\u00e9s se han [&hellip;]<\/p>\n","protected":false},"author":1,"featured_media":0,"comment_status":"open","ping_status":"open","sticky":false,"template":"","format":"standard","meta":{"site-sidebar-layout":"default","site-content-layout":"","ast-site-content-layout":"","site-content-style":"default","site-sidebar-style":"default","ast-global-header-display":"","ast-banner-title-visibility":"","ast-main-header-display":"","ast-hfb-above-header-display":"","ast-hfb-below-header-display":"","ast-hfb-mobile-header-display":"","site-post-title":"","ast-breadcrumbs-content":"","ast-featured-img":"","footer-sml-layout":"","theme-transparent-header-meta":"","adv-header-id-meta":"","stick-header-meta":"","header-above-stick-meta":"","header-main-stick-meta":"","header-below-stick-meta":"","astra-migrate-meta-layouts":"default","ast-page-background-enabled":"default","ast-page-background-meta":{"desktop":{"background-color":"var(--ast-global-color-4)","background-image":"","background-repeat":"repeat","background-position":"center center","background-size":"auto","background-attachment":"scroll","background-type":"","background-media":"","overlay-type":"","overlay-color":"","overlay-gradient":""},"tablet":{"background-color":"","background-image":"","background-repeat":"repeat","background-position":"center center","background-size":"auto","background-attachment":"scroll","background-type":"","background-media":"","overlay-type":"","overlay-color":"","overlay-gradient":""},"mobile":{"background-color":"","background-image":"","background-repeat":"repeat","background-position":"center center","background-size":"auto","background-attachment":"scroll","background-type":"","background-media":"","overlay-type":"","overlay-color":"","overlay-gradient":""}},"ast-content-background-meta":{"desktop":{"background-color":"var(--ast-global-color-5)","background-image":"","background-repeat":"repeat","background-position":"center center","background-size":"auto","background-attachment":"scroll","background-type":"","background-media":"","overlay-type":"","overlay-color":"","overlay-gradient":""},"tablet":{"background-color":"var(--ast-global-color-5)","background-image":"","background-repeat":"repeat","background-position":"center center","background-size":"auto","background-attachment":"scroll","background-type":"","background-media":"","overlay-type":"","overlay-color":"","overlay-gradient":""},"mobile":{"background-color":"var(--ast-global-color-5)","background-image":"","background-repeat":"repeat","background-position":"center center","background-size":"auto","background-attachment":"scroll","background-type":"","background-media":"","overlay-type":"","overlay-color":"","overlay-gradient":""}},"footnotes":""},"categories":[82,974,963,4677,8771],"tags":[20268,12312,39384,85495,103880,103879],"class_list":["post-40835","post","type-post","status-publish","format-standard","hentry","category-ciencias-economicas","category-econometria","category-economia-sectorial","category-sector-de-finanzas-y-seguros","category-series-temporales-economicas","tag-antonio-alegre-escolano","tag-dulce-contreras-bayarri","tag-eliseo-navarro-arribas","tag-javier-quesada-ibanez","tag-juan-nave-pineda","tag-roman-ferrer-lapena"],"_links":{"self":[{"href":"https:\/\/www.deberes.net\/tesis\/wp-json\/wp\/v2\/posts\/40835","targetHints":{"allow":["GET"]}}],"collection":[{"href":"https:\/\/www.deberes.net\/tesis\/wp-json\/wp\/v2\/posts"}],"about":[{"href":"https:\/\/www.deberes.net\/tesis\/wp-json\/wp\/v2\/types\/post"}],"author":[{"embeddable":true,"href":"https:\/\/www.deberes.net\/tesis\/wp-json\/wp\/v2\/users\/1"}],"replies":[{"embeddable":true,"href":"https:\/\/www.deberes.net\/tesis\/wp-json\/wp\/v2\/comments?post=40835"}],"version-history":[{"count":0,"href":"https:\/\/www.deberes.net\/tesis\/wp-json\/wp\/v2\/posts\/40835\/revisions"}],"wp:attachment":[{"href":"https:\/\/www.deberes.net\/tesis\/wp-json\/wp\/v2\/media?parent=40835"}],"wp:term":[{"taxonomy":"category","embeddable":true,"href":"https:\/\/www.deberes.net\/tesis\/wp-json\/wp\/v2\/categories?post=40835"},{"taxonomy":"post_tag","embeddable":true,"href":"https:\/\/www.deberes.net\/tesis\/wp-json\/wp\/v2\/tags?post=40835"}],"curies":[{"name":"wp","href":"https:\/\/api.w.org\/{rel}","templated":true}]}}