{"id":40921,"date":"1999-01-01T00:00:00","date_gmt":"1999-01-01T00:00:00","guid":{"rendered":"https:\/\/www.deberes.net\/tesis\/sin-categoria\/valoracion-de-metodos-diagnosticos-y-de-respuesta-al-tratamiento-neoadyuvante-en-cancer-de-mama\/"},"modified":"1999-01-01T00:00:00","modified_gmt":"1999-01-01T00:00:00","slug":"valoracion-de-metodos-diagnosticos-y-de-respuesta-al-tratamiento-neoadyuvante-en-cancer-de-mama","status":"publish","type":"post","link":"https:\/\/www.deberes.net\/tesis\/ciencias-medicas\/valoracion-de-metodos-diagnosticos-y-de-respuesta-al-tratamiento-neoadyuvante-en-cancer-de-mama\/","title":{"rendered":"Valoracion de metodos diagnosticos y de respuesta al tratamiento neoadyuvante en cancer de mama."},"content":{"rendered":"<h2>Tesis doctoral de <strong>  Pardo Martinez Juan  Damaso <\/strong><\/h2>\n<p>Introducci\u00f3n. El uso de la quimioterapia neoadyuvante apareci\u00f3 como respuesta al tratamiento quir\u00fargico y quimioter\u00e1pico convencional, buscando resultados en aquellas pacientes que fallecian por met\u00e1stasis a distancia y buscando disminuir la necesidad de cirug\u00eda radical en las pacientes con tumores mayores de tres cm.  objetivos. El presente estudio se desarrollo de forma prospectiva con los objetivos de evaluaci\u00f3n de la respuesta a la quimioterapia neoadyuvante por distintos m\u00e9todos, cuantificar la posibilidad de cirug\u00eda conservadora y valorar la supervivencia libre de enfermedad y global de este esquema terap\u00e9utico.  material y m\u00e9todos. Criterios de inclusi\u00f3n. pacientes con diagn\u00f3stico histol\u00f3gico de c\u00e1ncer de mama no inflamatorio cuyo tama\u00f1o cl\u00ednico tumoral fuera superior a 3 cm, con o sin afectaci\u00f3n ganglionar estadio n1 o n2, mo, o, pacientes con cualquier t con n1b (&gt;2.5 cm) o n2 pero m0 sin tratamiento quimioter\u00e1pico, quir\u00fargico o radioter\u00e1pico previo. Edad: las pacientes hasta 75 a\u00f1os de edad fueron susceptibles de entrar en el estudio. Esquema terap\u00e9utico: se utilizaron tres esquemas terap\u00e9uticos de tres o cuatro ciclos de quimioterapia que conten\u00edan antraciclinas (ec, fac, fec), seguido de cirug\u00eda, dos o tres ciclos de quimioterapia +-radioterapia.  resultados. Desde agosto de 1990 a diciembre de 1995 entraron en el estudio 188 pacientes. El rango de edad de la poblaci\u00f3n a estudio fue de 32,02 a 75,88 a\u00f1os con una media de 55,79+-10,78. El estado menop\u00e1usico fue premenop\u00e1usico en 64 (34,0%) y postmenop\u00e1usico en 124 (66,0%). Respecto al estadio inicial las pacientes se distribuyeron en: estadio iia 62(33,0%), estadio hb 49 (29.), Estadio iiia44 (23,4%), estadio iiib 33 (17,6%). La clasificaci\u00f3n por estadios tnm.  cuadro 1.  no se apreci\u00f3 diferencias entre los tres esquemas quimioter\u00e1picos administrados.  en nuestro estudio la respuesta global a la quimioterapia es del 83%, la<\/p>\n<p>&nbsp;<\/p>\n<h3>Datos acad\u00e9micos de la tesis doctoral \u00ab<strong>Valoracion de metodos diagnosticos y de respuesta al tratamiento neoadyuvante en cancer de mama.<\/strong>\u00ab<\/h3>\n<ul>\n<li><strong>T\u00edtulo de la tesis:<\/strong>\u00a0 Valoracion de metodos diagnosticos y de respuesta al tratamiento neoadyuvante en cancer de mama. <\/li>\n<li><strong>Autor:<\/strong>\u00a0  Pardo Martinez Juan  Damaso <\/li>\n<li><strong>Universidad:<\/strong>\u00a0 Universitat de val\u00e9ncia (estudi general)<\/li>\n<li><strong>Fecha de lectura de la tesis:<\/strong>\u00a0 01\/01\/1999<\/li>\n<\/ul>\n<p>&nbsp;<\/p>\n<h3>Direcci\u00f3n y tribunal<\/h3>\n<ul>\n<li><strong>Director de la tesis<\/strong>\n<ul>\n<li> Gomez Ferrer Bayo Fernando<\/li>\n<\/ul>\n<\/li>\n<li><strong>Tribunal<\/strong>\n<ul>\n<li>Presidente del tribunal:  Garc\u00eda conde bru javier <\/li>\n<li>Juan  Manuel San roman teran (vocal)<\/li>\n<li>vicente Alberola candel (vocal)<\/li>\n<li>eduardo Basilio bonet (vocal)<\/li>\n<\/ul>\n<\/li>\n<\/ul>\n<p>&nbsp;<\/p>\n","protected":false},"excerpt":{"rendered":"<p>Tesis doctoral de Pardo Martinez Juan Damaso Introducci\u00f3n. El uso de la quimioterapia neoadyuvante apareci\u00f3 como respuesta al tratamiento quir\u00fargico [&hellip;]<\/p>\n","protected":false},"author":1,"featured_media":0,"comment_status":"open","ping_status":"open","sticky":false,"template":"","format":"standard","meta":{"site-sidebar-layout":"default","site-content-layout":"","ast-site-content-layout":"","site-content-style":"default","site-sidebar-style":"default","ast-global-header-display":"","ast-banner-title-visibility":"","ast-main-header-display":"","ast-hfb-above-header-display":"","ast-hfb-below-header-display":"","ast-hfb-mobile-header-display":"","site-post-title":"","ast-breadcrumbs-content":"","ast-featured-img":"","footer-sml-layout":"","theme-transparent-header-meta":"","adv-header-id-meta":"","stick-header-meta":"","header-above-stick-meta":"","header-main-stick-meta":"","header-below-stick-meta":"","astra-migrate-meta-layouts":"default","ast-page-background-enabled":"default","ast-page-background-meta":{"desktop":{"background-color":"var(--ast-global-color-4)","background-image":"","background-repeat":"repeat","background-position":"center center","background-size":"auto","background-attachment":"scroll","background-type":"","background-media":"","overlay-type":"","overlay-color":"","overlay-gradient":""},"tablet":{"background-color":"","background-image":"","background-repeat":"repeat","background-position":"center center","background-size":"auto","background-attachment":"scroll","background-type":"","background-media":"","overlay-type":"","overlay-color":"","overlay-gradient":""},"mobile":{"background-color":"","background-image":"","background-repeat":"repeat","background-position":"center center","background-size":"auto","background-attachment":"scroll","background-type":"","background-media":"","overlay-type":"","overlay-color":"","overlay-gradient":""}},"ast-content-background-meta":{"desktop":{"background-color":"var(--ast-global-color-5)","background-image":"","background-repeat":"repeat","background-position":"center center","background-size":"auto","background-attachment":"scroll","background-type":"","background-media":"","overlay-type":"","overlay-color":"","overlay-gradient":""},"tablet":{"background-color":"var(--ast-global-color-5)","background-image":"","background-repeat":"repeat","background-position":"center center","background-size":"auto","background-attachment":"scroll","background-type":"","background-media":"","overlay-type":"","overlay-color":"","overlay-gradient":""},"mobile":{"background-color":"var(--ast-global-color-5)","background-image":"","background-repeat":"repeat","background-position":"center center","background-size":"auto","background-attachment":"scroll","background-type":"","background-media":"","overlay-type":"","overlay-color":"","overlay-gradient":""}},"footnotes":""},"categories":[155,9,141,135,347],"tags":[27347,11726,87188,23068,104044,11727],"class_list":["post-40921","post","type-post","status-publish","format-standard","hentry","category-ciencias-clinicas","category-ciencias-medicas","category-cirugia","category-ginecologia","category-oncologia-clinica","tag-eduardo-basilio-bonet","tag-garcia-conde-bru-javier","tag-gomez-ferrer-bayo-fernando","tag-juan-manuel-san-roman-teran","tag-pardo-Martinez-juan-damaso","tag-vicente-alberola-candel"],"_links":{"self":[{"href":"https:\/\/www.deberes.net\/tesis\/wp-json\/wp\/v2\/posts\/40921","targetHints":{"allow":["GET"]}}],"collection":[{"href":"https:\/\/www.deberes.net\/tesis\/wp-json\/wp\/v2\/posts"}],"about":[{"href":"https:\/\/www.deberes.net\/tesis\/wp-json\/wp\/v2\/types\/post"}],"author":[{"embeddable":true,"href":"https:\/\/www.deberes.net\/tesis\/wp-json\/wp\/v2\/users\/1"}],"replies":[{"embeddable":true,"href":"https:\/\/www.deberes.net\/tesis\/wp-json\/wp\/v2\/comments?post=40921"}],"version-history":[{"count":0,"href":"https:\/\/www.deberes.net\/tesis\/wp-json\/wp\/v2\/posts\/40921\/revisions"}],"wp:attachment":[{"href":"https:\/\/www.deberes.net\/tesis\/wp-json\/wp\/v2\/media?parent=40921"}],"wp:term":[{"taxonomy":"category","embeddable":true,"href":"https:\/\/www.deberes.net\/tesis\/wp-json\/wp\/v2\/categories?post=40921"},{"taxonomy":"post_tag","embeddable":true,"href":"https:\/\/www.deberes.net\/tesis\/wp-json\/wp\/v2\/tags?post=40921"}],"curies":[{"name":"wp","href":"https:\/\/api.w.org\/{rel}","templated":true}]}}