{"id":40923,"date":"1999-01-01T00:00:00","date_gmt":"1999-01-01T00:00:00","guid":{"rendered":"https:\/\/www.deberes.net\/tesis\/sin-categoria\/estudio-de-la-accion-farmacologica-de-cromakalim-y-metilxantinas-en-el-bronquio-humano-aislado\/"},"modified":"1999-01-01T00:00:00","modified_gmt":"1999-01-01T00:00:00","slug":"estudio-de-la-accion-farmacologica-de-cromakalim-y-metilxantinas-en-el-bronquio-humano-aislado","status":"publish","type":"post","link":"https:\/\/www.deberes.net\/tesis\/ciencias-medicas\/estudio-de-la-accion-farmacologica-de-cromakalim-y-metilxantinas-en-el-bronquio-humano-aislado\/","title":{"rendered":"Estudio de la accion farmacologica de cromakalim y metilxantinas en el bronquio humano aislado."},"content":{"rendered":"<h2>Tesis doctoral de <strong> Consuelo Pedros Cholvi <\/strong><\/h2>\n<p>Las alteraciones en la contractilidad del m\u00fasculo liso est\u00e1n implicadas en la patogenia de la hiperreactividad bronquial. Los objetivos de este trabajo son el estudio de los efectos de cromakalim sobre bronquio humano aislado y el estudio de los efectos de teofilina y cafe\u00edna en bronquio humano aislado sometido a enfriamiento. Se han utilizado preparados de bronquio humano siguiendo la t\u00e9cnica de sistema de ba\u00f1o de \u00f3rganos para el registro de contracciones y relajaciones isom\u00e9tricas. Los resultados obtenidos permiten concluir que cromakalim produce relajaci\u00f3n del bronquio humano por la hiperpolarizaci\u00f3n producida por apertura de canales de potasio; la potenciaci\u00f3n de los espasm\u00f3genos parece relacionada con la entrada de calcio extracelular ligada a canales de potasio activados por calcio. A bajas temperaturas, teofilina y cafe\u00edna producen contracci\u00f3n del bronquio humano dependiente de la temperatura y de la dosis que parece relacionada con la liberaci\u00f3n de calcio de dep\u00f3sitos intracelulares, aunque tambi\u00e9n con el intercambio sodio-calcio.<\/p>\n<p>&nbsp;<\/p>\n<h3>Datos acad\u00e9micos de la tesis doctoral \u00ab<strong>Estudio de la accion farmacologica de cromakalim y metilxantinas en el bronquio humano aislado.<\/strong>\u00ab<\/h3>\n<ul>\n<li><strong>T\u00edtulo de la tesis:<\/strong>\u00a0 Estudio de la accion farmacologica de cromakalim y metilxantinas en el bronquio humano aislado. <\/li>\n<li><strong>Autor:<\/strong>\u00a0 Consuelo Pedros Cholvi <\/li>\n<li><strong>Universidad:<\/strong>\u00a0 Universitat de val\u00e9ncia (estudi general)<\/li>\n<li><strong>Fecha de lectura de la tesis:<\/strong>\u00a0 01\/01\/1999<\/li>\n<\/ul>\n<p>&nbsp;<\/p>\n<h3>Direcci\u00f3n y tribunal<\/h3>\n<ul>\n<li><strong>Director de la tesis<\/strong>\n<ul>\n<li>Julio Cortijo Gimeno<\/li>\n<\/ul>\n<\/li>\n<li><strong>Tribunal<\/strong>\n<ul>\n<li>Presidente del tribunal: esteban Morcillo sanchez <\/li>\n<li>dolors Capell? hereu (vocal)<\/li>\n<li>Antonio Vallano ferraz (vocal)<\/li>\n<li>charles Advenier (vocal)<\/li>\n<\/ul>\n<\/li>\n<\/ul>\n<p>&nbsp;<\/p>\n","protected":false},"excerpt":{"rendered":"<p>Tesis doctoral de Consuelo Pedros Cholvi Las alteraciones en la contractilidad del m\u00fasculo liso est\u00e1n implicadas en la patogenia de [&hellip;]<\/p>\n","protected":false},"author":1,"featured_media":0,"comment_status":"open","ping_status":"open","sticky":false,"template":"","format":"standard","meta":{"site-sidebar-layout":"default","site-content-layout":"","ast-site-content-layout":"","site-content-style":"default","site-sidebar-style":"default","ast-global-header-display":"","ast-banner-title-visibility":"","ast-main-header-display":"","ast-hfb-above-header-display":"","ast-hfb-below-header-display":"","ast-hfb-mobile-header-display":"","site-post-title":"","ast-breadcrumbs-content":"","ast-featured-img":"","footer-sml-layout":"","theme-transparent-header-meta":"","adv-header-id-meta":"","stick-header-meta":"","header-above-stick-meta":"","header-main-stick-meta":"","header-below-stick-meta":"","astra-migrate-meta-layouts":"default","ast-page-background-enabled":"default","ast-page-background-meta":{"desktop":{"background-color":"var(--ast-global-color-4)","background-image":"","background-repeat":"repeat","background-position":"center center","background-size":"auto","background-attachment":"scroll","background-type":"","background-media":"","overlay-type":"","overlay-color":"","overlay-gradient":""},"tablet":{"background-color":"","background-image":"","background-repeat":"repeat","background-position":"center center","background-size":"auto","background-attachment":"scroll","background-type":"","background-media":"","overlay-type":"","overlay-color":"","overlay-gradient":""},"mobile":{"background-color":"","background-image":"","background-repeat":"repeat","background-position":"center center","background-size":"auto","background-attachment":"scroll","background-type":"","background-media":"","overlay-type":"","overlay-color":"","overlay-gradient":""}},"ast-content-background-meta":{"desktop":{"background-color":"var(--ast-global-color-5)","background-image":"","background-repeat":"repeat","background-position":"center center","background-size":"auto","background-attachment":"scroll","background-type":"","background-media":"","overlay-type":"","overlay-color":"","overlay-gradient":""},"tablet":{"background-color":"var(--ast-global-color-5)","background-image":"","background-repeat":"repeat","background-position":"center center","background-size":"auto","background-attachment":"scroll","background-type":"","background-media":"","overlay-type":"","overlay-color":"","overlay-gradient":""},"mobile":{"background-color":"var(--ast-global-color-5)","background-image":"","background-repeat":"repeat","background-position":"center center","background-size":"auto","background-attachment":"scroll","background-type":"","background-media":"","overlay-type":"","overlay-color":"","overlay-gradient":""}},"footnotes":""},"categories":[9,189,483],"tags":[104049,104050,104048,73036,11462,12191],"class_list":["post-40923","post","type-post","status-publish","format-standard","hentry","category-ciencias-medicas","category-farmacodinamia","category-mecanismos-de-accion-de-los-farmacos","tag-antonio-vallano-ferraz","tag-charles-advenier","tag-consuelo-pedros-cholvi","tag-dolors-capell-hereu","tag-esteban-morcillo-sanchez","tag-julio-cortijo-gimeno"],"_links":{"self":[{"href":"https:\/\/www.deberes.net\/tesis\/wp-json\/wp\/v2\/posts\/40923","targetHints":{"allow":["GET"]}}],"collection":[{"href":"https:\/\/www.deberes.net\/tesis\/wp-json\/wp\/v2\/posts"}],"about":[{"href":"https:\/\/www.deberes.net\/tesis\/wp-json\/wp\/v2\/types\/post"}],"author":[{"embeddable":true,"href":"https:\/\/www.deberes.net\/tesis\/wp-json\/wp\/v2\/users\/1"}],"replies":[{"embeddable":true,"href":"https:\/\/www.deberes.net\/tesis\/wp-json\/wp\/v2\/comments?post=40923"}],"version-history":[{"count":0,"href":"https:\/\/www.deberes.net\/tesis\/wp-json\/wp\/v2\/posts\/40923\/revisions"}],"wp:attachment":[{"href":"https:\/\/www.deberes.net\/tesis\/wp-json\/wp\/v2\/media?parent=40923"}],"wp:term":[{"taxonomy":"category","embeddable":true,"href":"https:\/\/www.deberes.net\/tesis\/wp-json\/wp\/v2\/categories?post=40923"},{"taxonomy":"post_tag","embeddable":true,"href":"https:\/\/www.deberes.net\/tesis\/wp-json\/wp\/v2\/tags?post=40923"}],"curies":[{"name":"wp","href":"https:\/\/api.w.org\/{rel}","templated":true}]}}