{"id":4098,"date":"1994-01-01T00:00:00","date_gmt":"1994-01-01T00:00:00","guid":{"rendered":"https:\/\/www.deberes.net\/tesis\/1994\/01\/01\/analisis-de-la-relacion-arte-ideologia-a-traves-de-la-prensa-valenciana-del-primer-franquismo-1940-1951\/"},"modified":"1994-01-01T00:00:00","modified_gmt":"1994-01-01T00:00:00","slug":"analisis-de-la-relacion-arte-ideologia-a-traves-de-la-prensa-valenciana-del-primer-franquismo-1940-1951","status":"publish","type":"post","link":"https:\/\/www.deberes.net\/tesis\/historia\/analisis-de-la-relacion-arte-ideologia-a-traves-de-la-prensa-valenciana-del-primer-franquismo-1940-1951\/","title":{"rendered":"Analisis de la relacion arte-ideolog\u00eda a traves de la prensa Valenciana del primer franquismo: 1940-1951."},"content":{"rendered":"<h2>Tesis doctoral de <strong> Carlos Villavieja Llorente <\/strong><\/h2>\n<p>El estudio del arte desarrollado durante los primeros a\u00f1os del franquismo es una de las asignaturas pendientes de la historiografia del arte contemporaneo espa\u00f1ol. La presente tesis doctoral quiere ser una modesta aportacion en este sentido, por lo que entra en el analisis de los procesos artisticos habidos durante la decada de los a\u00f1os 40, atendiendo fundamentalmente a su relacion con la ideolog\u00eda del primer franquismo.  sea procurado tambien configurar un fondo de datos que sirva de apoyo documental a futuras investigaciones que se realicen en el ambito del arte contemporaneo Valenciano.  con tales objetivos sea empleado material hemerografico puesto que al ser la prensa diaria de la epoca vehiculo fundamental de las consignas ideologicas del aparato oficial, permite un seguimiento pormenorizado de la evolucion de la misma en lo referente al mundo de las artes plasticas. Por otro lado el fichado sistematico de cuantos datos aparecen los numeros publicados dia a dia permiten la elaboracion del fondo de datos deseado.<\/p>\n<p>&nbsp;<\/p>\n<h3>Datos acad\u00e9micos de la tesis doctoral \u00ab<strong>Analisis de la relacion arte-ideolog\u00eda a traves de la prensa Valenciana del primer franquismo: 1940-1951.<\/strong>\u00ab<\/h3>\n<ul>\n<li><strong>T\u00edtulo de la tesis:<\/strong>\u00a0 Analisis de la relacion arte-ideolog\u00eda a traves de la prensa Valenciana del primer franquismo: 1940-1951. <\/li>\n<li><strong>Autor:<\/strong>\u00a0 Carlos Villavieja Llorente <\/li>\n<li><strong>Universidad:<\/strong>\u00a0 Polit\u00e9cnica de Valencia<\/li>\n<li><strong>Fecha de lectura de la tesis:<\/strong>\u00a0 01\/01\/1994<\/li>\n<\/ul>\n<p>&nbsp;<\/p>\n<h3>Direcci\u00f3n y tribunal<\/h3>\n<ul>\n<li><strong>Director de la tesis<\/strong>\n<ul>\n<li> Tormo Fayos Jos\u00e9 Enrique<\/li>\n<\/ul>\n<\/li>\n<li><strong>Tribunal<\/strong>\n<ul>\n<li>Presidente del tribunal: Adr\u00edan Esp\u00ed Vald\u00e9s <\/li>\n<li> Selma De La Hoz Jos\u00e9 Vicente (vocal)<\/li>\n<li> Blasco Carrascosa Juan  Angel (vocal)<\/li>\n<li> Yturralde Lopez Jos\u00e9 M. (vocal)<\/li>\n<\/ul>\n<\/li>\n<\/ul>\n<p>&nbsp;<\/p>\n","protected":false},"excerpt":{"rendered":"<p>Tesis doctoral de Carlos Villavieja Llorente El estudio del arte desarrollado durante los primeros a\u00f1os del franquismo es una de [&hellip;]<\/p>\n","protected":false},"author":1,"featured_media":0,"comment_status":"open","ping_status":"open","sticky":false,"template":"","format":"standard","meta":{"site-sidebar-layout":"default","site-content-layout":"","ast-site-content-layout":"","site-content-style":"default","site-sidebar-style":"default","ast-global-header-display":"","ast-banner-title-visibility":"","ast-main-header-display":"","ast-hfb-above-header-display":"","ast-hfb-below-header-display":"","ast-hfb-mobile-header-display":"","site-post-title":"","ast-breadcrumbs-content":"","ast-featured-img":"","footer-sml-layout":"","theme-transparent-header-meta":"","adv-header-id-meta":"","stick-header-meta":"","header-above-stick-meta":"","header-main-stick-meta":"","header-below-stick-meta":"","astra-migrate-meta-layouts":"default","ast-page-background-enabled":"default","ast-page-background-meta":{"desktop":{"background-color":"var(--ast-global-color-4)","background-image":"","background-repeat":"repeat","background-position":"center center","background-size":"auto","background-attachment":"scroll","background-type":"","background-media":"","overlay-type":"","overlay-color":"","overlay-gradient":""},"tablet":{"background-color":"","background-image":"","background-repeat":"repeat","background-position":"center center","background-size":"auto","background-attachment":"scroll","background-type":"","background-media":"","overlay-type":"","overlay-color":"","overlay-gradient":""},"mobile":{"background-color":"","background-image":"","background-repeat":"repeat","background-position":"center center","background-size":"auto","background-attachment":"scroll","background-type":"","background-media":"","overlay-type":"","overlay-color":"","overlay-gradient":""}},"ast-content-background-meta":{"desktop":{"background-color":"var(--ast-global-color-5)","background-image":"","background-repeat":"repeat","background-position":"center center","background-size":"auto","background-attachment":"scroll","background-type":"","background-media":"","overlay-type":"","overlay-color":"","overlay-gradient":""},"tablet":{"background-color":"var(--ast-global-color-5)","background-image":"","background-repeat":"repeat","background-position":"center center","background-size":"auto","background-attachment":"scroll","background-type":"","background-media":"","overlay-type":"","overlay-color":"","overlay-gradient":""},"mobile":{"background-color":"var(--ast-global-color-5)","background-image":"","background-repeat":"repeat","background-position":"center center","background-size":"auto","background-attachment":"scroll","background-type":"","background-media":"","overlay-type":"","overlay-color":"","overlay-gradient":""}},"footnotes":""},"categories":[104,3538,2563,222,16820],"tags":[17065,12273,17063,17066,17064,16837],"class_list":["post-4098","post","type-post","status-publish","format-standard","hentry","category-historia","category-historia-de-las-ideas-politicas","category-historia-del-arte-de-los-siglos-xix-y-xx","category-historias-especializadas","category-politecnica-de-valencia","tag-adrian-espi-valdes","tag-blasco-carrascosa-juan-angel","tag-carlos-villavieja-llorente","tag-selma-de-la-hoz-jose-vicente","tag-tormo-fayos-jose-enrique","tag-yturralde-lopez-jose-m"],"_links":{"self":[{"href":"https:\/\/www.deberes.net\/tesis\/wp-json\/wp\/v2\/posts\/4098","targetHints":{"allow":["GET"]}}],"collection":[{"href":"https:\/\/www.deberes.net\/tesis\/wp-json\/wp\/v2\/posts"}],"about":[{"href":"https:\/\/www.deberes.net\/tesis\/wp-json\/wp\/v2\/types\/post"}],"author":[{"embeddable":true,"href":"https:\/\/www.deberes.net\/tesis\/wp-json\/wp\/v2\/users\/1"}],"replies":[{"embeddable":true,"href":"https:\/\/www.deberes.net\/tesis\/wp-json\/wp\/v2\/comments?post=4098"}],"version-history":[{"count":0,"href":"https:\/\/www.deberes.net\/tesis\/wp-json\/wp\/v2\/posts\/4098\/revisions"}],"wp:attachment":[{"href":"https:\/\/www.deberes.net\/tesis\/wp-json\/wp\/v2\/media?parent=4098"}],"wp:term":[{"taxonomy":"category","embeddable":true,"href":"https:\/\/www.deberes.net\/tesis\/wp-json\/wp\/v2\/categories?post=4098"},{"taxonomy":"post_tag","embeddable":true,"href":"https:\/\/www.deberes.net\/tesis\/wp-json\/wp\/v2\/tags?post=4098"}],"curies":[{"name":"wp","href":"https:\/\/api.w.org\/{rel}","templated":true}]}}